{"id":89358,"date":"2024-11-09T11:44:52","date_gmt":"2024-11-09T17:44:52","guid":{"rendered":"https:\/\/redsemlac.com\/semmexico\/?p=89358"},"modified":"2024-11-09T11:44:53","modified_gmt":"2024-11-09T17:44:53","slug":"la-relacion-de-la-humanidad-con-el-medio-ambiente-enfrenta-una-encrucijada-rector-lomeli","status":"publish","type":"post","link":"https:\/\/redsemlac.com\/semmexico\/la-relacion-de-la-humanidad-con-el-medio-ambiente-enfrenta-una-encrucijada-rector-lomeli\/","title":{"rendered":"La relaci\u00f3n de la humanidad con el medio ambiente enfrenta una encrucijada: rector Lomel\u00ed"},"content":{"rendered":"\n<p class=\"wp-block-paragraph\"><em>El rector de la UNAM presidi\u00f3 la ceremonia conmemorativa por el 95 aniversario del Instituto de Biolog\u00eda<\/em><\/p>\n\n\n\n<p class=\"wp-block-paragraph\"><em>Sus conocimientos son cruciales para la b\u00fasqueda de soluciones a los desaf\u00edos que se nos presentan y para que nuestro pa\u00eds crezca de manera sostenible, subray\u00f3 Mar\u00eda Soledad Funes Arg\u00fcello<\/em><\/p>\n\n\n\n<p class=\"wp-block-paragraph\"><em>Entre 2019 y 2023 el personal del Instituto describi\u00f3 alrededor de 500 especies nuevas, resalt\u00f3 Susana Magall\u00f3n Puebla<\/em><\/p>\n\n\n\n<p class=\"wp-block-paragraph\"><em>&nbsp;Redacci\u00f3n<\/em><\/p>\n\n\n\n<p class=\"wp-block-paragraph\">SemM\u00e9xico, Cd. de M\u00e9xico, 9 de noviembre, 2024.- Nos enfrentamos a una encrucijada en la relaci\u00f3n entre la humanidad y el medio ambiente. Ante este panorama, el Instituto de Biolog\u00eda (IB) de la UNAM seguir\u00e1 siendo una voz cient\u00edfica y \u00e9tica indispensable, comprometida con el bienestar del pa\u00eds y de nuestro planeta, afirm\u00f3 el rector Leonardo Lomel\u00ed Vanegas.<\/p>\n\n\n\n<p class=\"wp-block-paragraph\">En la ceremonia por el 95 aniversario del IB agreg\u00f3 que el Instituto ha sido y sigue siendo un referente en el estudio, ense\u00f1anza, preservaci\u00f3n y promoci\u00f3n de la biodiversidad mexicana. Desde su fundaci\u00f3n, en 1929, se ha posicionado como un centro de vanguardia establecido en respuesta a la urgente necesidad de documentar, comprender y resguardar, nuestro vasto patrimonio natural.<\/p>\n\n\n\n<p class=\"wp-block-paragraph\">En el auditorio del Jard\u00edn Bot\u00e1nico, ante el exrector Jos\u00e9 Sarukh\u00e1n Kermez y la comunidad de dicha entidad acad\u00e9mica, Lomel\u00ed Vanegas destac\u00f3 que M\u00e9xico es considerado uno de los 17 pa\u00edses megadiversos del mundo, ya que alberga el segundo mayor n\u00famero de ecosistemas a nivel global y concentra entre el 10 y el 12 por ciento de la biodiversidad total de la Tierra, seg\u00fan el Foro Econ\u00f3mico Mundial.<\/p>\n\n\n\n<p class=\"wp-block-paragraph\">Este tesoro natural incluye cerca de 200 mil especies documentadas y un alto porcentaje son end\u00e9micas. La gran variedad de climas y ecosistemas, desde desiertos hasta arrecifes y selvas tropicales, subraya la enorme tarea de M\u00e9xico en su conservaci\u00f3n.<\/p>\n\n\n\n<p class=\"wp-block-paragraph\">\u201cConsciente de esta insoslayable tarea, el Instituto ha evolucionado hasta convertirse en un espacio especializado en \u00e1reas como la sistem\u00e1tica, la ecolog\u00eda y, m\u00e1s recientemente, en biotecnolog\u00eda y estudios moleculares. Su papel ha sido fundamental en la descripci\u00f3n de especies, as\u00ed como en el desarrollo de estudios gen\u00e9ticos y de biolog\u00eda molecular, consolid\u00e1ndose como un semillero de descubrimientos cient\u00edficos primordiales para el pa\u00eds y la humanidad\u201d.<\/p>\n\n\n\n<p class=\"wp-block-paragraph\">Se\u00f1al\u00f3 tambi\u00e9n que el IB ha respondido con determinaci\u00f3n a los desaf\u00edos que amenazan a nuestro planeta, mediante iniciativas como el Proyecto de Inventario Nacional de Biodiversidad, en colaboraci\u00f3n con la CONABIO, para documentar y proteger todas las regiones y ecosistemas de M\u00e9xico; generar datos fundamentales para la toma de decisiones en pol\u00edticas socioambientales, y promover la sostenibilidad y la protecci\u00f3n ambiental mediante programas de monitoreo y proyectos de restauraci\u00f3n ecol\u00f3gica.<\/p>\n\n\n\n<p class=\"wp-block-paragraph\">\u201cSirva este aniversario para renovar nuestra misi\u00f3n de ampliar el impacto del conocimiento biol\u00f3gico y contribuir a la construcci\u00f3n de un M\u00e9xico m\u00e1s justo, sostenible y consciente de su entorno\u201d, a\u00f1adi\u00f3 el rector.<\/p>\n\n\n\n<p class=\"wp-block-paragraph\">Antes, la coordinadora de la Investigaci\u00f3n Cient\u00edfica de la UNAM, Mar\u00eda Soledad Funes Arg\u00fcello, resalt\u00f3 que el Instituto ha sido una piedra angular del Subsistema de la Investigaci\u00f3n Cient\u00edfica, formadora de m\u00faltiples generaciones que han contribuido al conocimiento de la biodiversidad del pa\u00eds, adem\u00e1s de ser guardi\u00e1n de la memoria biol\u00f3gica de nuestra naci\u00f3n, la cual es vital para la investigaci\u00f3n y la toma de decisiones en conjunto con la sociedad y las instituciones gubernamentales.<\/p>\n\n\n\n<p class=\"wp-block-paragraph\">\u201cHoy, al celebrar estos 95 a\u00f1os, agradecemos y rendimos homenaje a las aportaciones cient\u00edficas, a la dedicaci\u00f3n de las y los investigadores, al esfuerzo constante del Instituto de Biolog\u00eda que ha sabido adaptarse y evolucionar, construirse y reconstruirse; encabezar la generaci\u00f3n de conocimiento en \u00e1reas que son cruciales para la b\u00fasqueda de soluciones a cada desaf\u00edo que nuestra sociedad y nuestro entorno natural nos plantea, para que nuestro pa\u00eds crezca de manera sostenible\u201d, refiri\u00f3.<\/p>\n\n\n\n<p class=\"wp-block-paragraph\">Remarc\u00f3 que esta entidad acad\u00e9mica es un referente cient\u00edfico y que su trabajo, con \u00e9tica y creatividad, contribuyen a enfrentar retos y desencadenar los cambios para construir una sociedad que respete y valore su biodiversidad.<\/p>\n\n\n\n<p class=\"wp-block-paragraph\">En tanto, la directora del Instituto, Susana Magall\u00f3n Puebla, explic\u00f3 que entre 2019 y 2023 el personal acad\u00e9mico describi\u00f3 alrededor de 500 especies nuevas para la ciencia. \u201cEs como descubrir un agujero negro, la posici\u00f3n del planeta Tierra en el Sistema Solar; descubrir un teorema o las leyes de la termodin\u00e1mica\u201d.&nbsp;<\/p>\n\n\n\n<p class=\"wp-block-paragraph\">\u201cHay un elemento que nos da una fortaleza muy especial, es ser parte de la Universidad Nacional Aut\u00f3noma de M\u00e9xico, de una instituci\u00f3n s\u00f3lida que nos reconoce, nos brinda apoyo y permite que desarrollemos nuestra ciencia. Adem\u00e1s, nos facilita fungir como un Museo de Historia Natural, como un Jard\u00edn Bot\u00e1nico cient\u00edfico en el que estamos abocados a la investigaci\u00f3n, pero tambi\u00e9n tenemos el flujo del estudiantado de nuestras escuelas y facultades\u201d, dijo.<\/p>\n\n\n\n<p class=\"wp-block-paragraph\">La directora coment\u00f3 que en el IB se hace ciencia de frontera y tienen condiciones privilegiadas para ello, como albergar las colecciones biol\u00f3gicas nacionales y estar asentados en un foco mundial de biodiversidad.<\/p>\n\n\n\n<p class=\"wp-block-paragraph\">Ante integrantes de la Junta de Gobierno y autoridades universitarias, la investigadora Hilda Flores Olvera hizo un recuento de la historia del Instituto que surgi\u00f3 con la misi\u00f3n de estudiar los recursos naturales del pa\u00eds y capacitar especialistas para emprender tan importante tarea. Rememor\u00f3 c\u00f3mo se fueron desarrollando diversas l\u00edneas de investigaci\u00f3n, la manera en que se impuls\u00f3 la profesionalizaci\u00f3n de la biolog\u00eda, y c\u00f3mo el IB tiene la custodia de colecciones cient\u00edficas. Todos estos aspectos son piezas angulares para el desarrollo de la biolog\u00eda en M\u00e9xico.<\/p>\n\n\n\n<p class=\"wp-block-paragraph\">\u2014o0o\u2014<\/p>\n\n\n\n<figure class=\"wp-block-table\"><table class=\"has-fixed-layout\"><tbody><tr><td><a><\/a><a><\/a>Conoce m\u00e1s de la&nbsp;Universidad Nacional,&nbsp;visita:&nbsp;<a href=\"http:\/\/www.dgcs.unam.mx\/\" target=\"_blank\" rel=\"noreferrer noopener\"><em>www.dgcs.unam.mx<\/em><\/a> <a href=\"http:\/\/www.unamglobal.unam.mx\/\" target=\"_blank\" rel=\"noreferrer noopener\"><em>www.unamglobal.unam.mx<\/em><\/a> &nbsp; o sigue en Twitter a:&nbsp;<a href=\"https:\/\/twitter.com\/SalaPrensaUNAM?original_referer=http%3A\/www.dgcs.unam.mx\/&amp;profile_id=2434557408&amp;tw_i=602917707252531200&amp;tw_p=embeddedtimeline&amp;tw_w=479759932309254145\" target=\"_blank\" rel=\"noreferrer noopener\">@SalaPrensaUNAM<\/a> y&nbsp;<a href=\"https:\/\/twitter.com\/Gaceta_UNAM\" target=\"_blank\" rel=\"noreferrer noopener\">@Gaceta_UNAM<\/a><\/td><td><\/td><\/tr><\/tbody><\/table><\/figure>\n","protected":false},"excerpt":{"rendered":"<p>El rector de la UNAM presidi\u00f3 la ceremonia conmemorativa por el 95 aniversario del Instituto de Biolog\u00eda Sus conocimientos son cruciales para la b\u00fasqueda de soluciones a los desaf\u00edos que se nos presentan y para que nuestro pa\u00eds crezca de manera sostenible, subray\u00f3 Mar\u00eda Soledad Funes Arg\u00fcello Entre 2019 y 2023 el personal del Instituto [&hellip;]<\/p>\n","protected":false},"author":3,"featured_media":89359,"comment_status":"open","ping_status":"open","sticky":false,"template":"","format":"standard","meta":{"_monsterinsights_skip_tracking":false,"footnotes":""},"categories":[748],"tags":[],"class_list":["post-89358","post","type-post","status-publish","format-standard","has-post-thumbnail","category-cultura-feminista"],"_links":{"self":[{"href":"https:\/\/redsemlac.com\/semmexico\/wp-json\/wp\/v2\/posts\/89358","targetHints":{"allow":["GET"]}}],"collection":[{"href":"https:\/\/redsemlac.com\/semmexico\/wp-json\/wp\/v2\/posts"}],"about":[{"href":"https:\/\/redsemlac.com\/semmexico\/wp-json\/wp\/v2\/types\/post"}],"author":[{"embeddable":true,"href":"https:\/\/redsemlac.com\/semmexico\/wp-json\/wp\/v2\/users\/3"}],"replies":[{"embeddable":true,"href":"https:\/\/redsemlac.com\/semmexico\/wp-json\/wp\/v2\/comments?post=89358"}],"version-history":[{"count":0,"href":"https:\/\/redsemlac.com\/semmexico\/wp-json\/wp\/v2\/posts\/89358\/revisions"}],"wp:featuredmedia":[{"embeddable":true,"href":"https:\/\/redsemlac.com\/semmexico\/wp-json\/wp\/v2\/media\/89359"}],"wp:attachment":[{"href":"https:\/\/redsemlac.com\/semmexico\/wp-json\/wp\/v2\/media?parent=89358"}],"wp:term":[{"taxonomy":"category","embeddable":true,"href":"https:\/\/redsemlac.com\/semmexico\/wp-json\/wp\/v2\/categories?post=89358"},{"taxonomy":"post_tag","embeddable":true,"href":"https:\/\/redsemlac.com\/semmexico\/wp-json\/wp\/v2\/tags?post=89358"}],"curies":[{"name":"wp","href":"https:\/\/api.w.org\/{rel}","templated":true}]}}