{"id":89307,"date":"2024-11-08T18:59:02","date_gmt":"2024-11-09T00:59:02","guid":{"rendered":"https:\/\/redsemlac.com\/semmexico\/?p=89307"},"modified":"2024-11-08T19:01:04","modified_gmt":"2024-11-09T01:01:04","slug":"la-presidenta-evita-hablar-sobre-la-iniciativa-del-aborto-en-la-cdmx","status":"publish","type":"post","link":"https:\/\/redsemlac.com\/semmexico\/la-presidenta-evita-hablar-sobre-la-iniciativa-del-aborto-en-la-cdmx\/","title":{"rendered":"La presidenta evita hablar sobre la iniciativa del aborto en la CDMX"},"content":{"rendered":"\n<p class=\"wp-block-paragraph\">Se prev\u00e9 que la iniciativa que pas\u00f3 en comisiones, no se discuta en lo que resta de 2024<\/p>\n\n\n\n<p class=\"wp-block-paragraph\">Lizbeth \u00c1lvarez Mart\u00ednez.<\/p>\n\n\n\n<p class=\"wp-block-paragraph\">SemM\u00e9xico, Cd. de M\u00e9xico,&nbsp; 8 de noviembre, 2024.- Durante la conferencia de prensa de este viernes, la presidenta Claudia Sheinbaum Pardo, fue cuestionada por parte de SemM\u00e9xico sobre la iniciativa de la despenalizaci\u00f3n del aborto en cualquier etapa de la gestaci\u00f3n.<\/p>\n\n\n\n<p class=\"wp-block-paragraph\">A lo que expres\u00f3: \u00abEntiendo que lo que est\u00e1n planteando es que no quede en el C\u00f3digo Penal, sino en la Ley de Salud pero tambi\u00e9n entiendo que ya plantearon que ya no se va a discutir\u201d.<\/p>\n\n\n\n<p class=\"wp-block-paragraph\">Cabe recordar que las&nbsp;Comisiones Unidas&nbsp;de&nbsp;Administraci\u00f3n y Procuraci\u00f3n de Justicia y de Igualdad de G\u00e9nero&nbsp;del&nbsp;Legislativo capitalino&nbsp;aprobaron la iniciativa que elimina el plazo para interrumpir legalmente el embarazo antes de la semana 12 de gestaci\u00f3n.<\/p>\n\n\n\n<p class=\"wp-block-paragraph\">La propuesta, presentada el 10 de octubre pasado por la diputada&nbsp;Yuriri Ayala, del partido gobernante Movimiento de Regeneraci\u00f3n Nacional (Morena), busca eliminar el&nbsp;delito de aborto&nbsp;del art\u00edculo 76 del&nbsp;C\u00f3digo Penal local, y plantea la derogaci\u00f3n de los art\u00edculos 144, 145, 147 y 148, que criminalizan el&nbsp;aborto&nbsp;despu\u00e9s de las 12 semanas de embarazo.<\/p>\n\n\n\n<p class=\"wp-block-paragraph\">La discusi\u00f3n fue pospuesta ayer para analizar que en el dictamen no existan fallas o errores legislativos. Se prev\u00e9 que la iniciativa ya no se discuta en lo que resta de este 2024.<\/p>\n","protected":false},"excerpt":{"rendered":"<p>Se prev\u00e9 que la iniciativa que pas\u00f3 en comisiones, no se discuta en lo que resta de 2024 Lizbeth \u00c1lvarez Mart\u00ednez. SemM\u00e9xico, Cd. de M\u00e9xico,&nbsp; 8 de noviembre, 2024.- Durante la conferencia de prensa de este viernes, la presidenta Claudia Sheinbaum Pardo, fue cuestionada por parte de SemM\u00e9xico sobre la iniciativa de la despenalizaci\u00f3n del [&hellip;]<\/p>\n","protected":false},"author":3,"featured_media":89311,"comment_status":"open","ping_status":"open","sticky":false,"template":"","format":"standard","meta":{"_monsterinsights_skip_tracking":false,"footnotes":""},"categories":[903,1],"tags":[],"class_list":["post-89307","post","type-post","status-publish","format-standard","has-post-thumbnail","category-presidenta-y-mas","category-uncategorized"],"_links":{"self":[{"href":"https:\/\/redsemlac.com\/semmexico\/wp-json\/wp\/v2\/posts\/89307","targetHints":{"allow":["GET"]}}],"collection":[{"href":"https:\/\/redsemlac.com\/semmexico\/wp-json\/wp\/v2\/posts"}],"about":[{"href":"https:\/\/redsemlac.com\/semmexico\/wp-json\/wp\/v2\/types\/post"}],"author":[{"embeddable":true,"href":"https:\/\/redsemlac.com\/semmexico\/wp-json\/wp\/v2\/users\/3"}],"replies":[{"embeddable":true,"href":"https:\/\/redsemlac.com\/semmexico\/wp-json\/wp\/v2\/comments?post=89307"}],"version-history":[{"count":0,"href":"https:\/\/redsemlac.com\/semmexico\/wp-json\/wp\/v2\/posts\/89307\/revisions"}],"wp:featuredmedia":[{"embeddable":true,"href":"https:\/\/redsemlac.com\/semmexico\/wp-json\/wp\/v2\/media\/89311"}],"wp:attachment":[{"href":"https:\/\/redsemlac.com\/semmexico\/wp-json\/wp\/v2\/media?parent=89307"}],"wp:term":[{"taxonomy":"category","embeddable":true,"href":"https:\/\/redsemlac.com\/semmexico\/wp-json\/wp\/v2\/categories?post=89307"},{"taxonomy":"post_tag","embeddable":true,"href":"https:\/\/redsemlac.com\/semmexico\/wp-json\/wp\/v2\/tags?post=89307"}],"curies":[{"name":"wp","href":"https:\/\/api.w.org\/{rel}","templated":true}]}}