{"id":89297,"date":"2024-11-08T18:49:16","date_gmt":"2024-11-09T00:49:16","guid":{"rendered":"https:\/\/redsemlac.com\/semmexico\/?p=89297"},"modified":"2024-11-08T18:50:06","modified_gmt":"2024-11-09T00:50:06","slug":"guardar-mesura-respecto-a-la-eleccion-en-eua-especialistas-de-la-unam","status":"publish","type":"post","link":"https:\/\/redsemlac.com\/semmexico\/guardar-mesura-respecto-a-la-eleccion-en-eua-especialistas-de-la-unam\/","title":{"rendered":"Guardar mesura respecto a la elecci\u00f3n en EUA: especialistas de la \u00a0UNAM"},"content":{"rendered":"\n<p class=\"wp-block-paragraph\">Amando Basurto Salazar, Paz Consuelo M\u00e1rquez Padilla y Jes\u00fas Gallegos Olvera explicaron las implicaciones para M\u00e9xico y el resto del mundo sobre el retorno de Donald Trump a la presidencia de Estados Unidos<\/p>\n\n\n\n<p class=\"wp-block-paragraph\"><em>Redacci\u00f3n&nbsp;<\/em><\/p>\n\n\n\n<p class=\"wp-block-paragraph\">SemM\u00e9xico, Cd. de M\u00e9xico,&nbsp; 8 de noviembre, 2024.- Habr\u00e1 que esperar para determinar cu\u00e1ntos de los republicanos en la C\u00e1mara de Representantes son trumpistas y cu\u00e1ntos moderados, a fin de conocer el poder que podr\u00eda tener en t\u00e9rminos legislativos el pr\u00f3ximo presidente de Estados Unidos, Donald Trump. Hay que guardar mesura con respecto a la elecci\u00f3n; no es, ni ser\u00e1 el fin del mundo, afirm\u00f3 el profesor de la Facultad de Ciencias Pol\u00edticas y Sociales (FCPyS), Amando Basurto Salazar.<\/p>\n\n\n\n<p class=\"wp-block-paragraph\">En la conferencia de prensa&nbsp;\u201cEl retorno de Trump\u201d, en la que tambi\u00e9n participaron la investigadora del Centro de Investigaciones sobre Am\u00e9rica del Norte (CISAN), Paz Consuelo M\u00e1rquez Padilla; y Jes\u00fas Gallegos Olvera, de la FCPyS, dijo:<\/p>\n\n\n\n<p class=\"wp-block-paragraph\">El gobierno de nuestro pa\u00eds va a tener un espacio reducido de negociaci\u00f3n y necesitar\u00e1 mayor capacidad de actuar ante las contingencias que se presenten.<\/p>\n\n\n\n<p class=\"wp-block-paragraph\">Ning\u00fan gabinete est\u00e1 preparado para lidiar con la administraci\u00f3n Trump, por lo err\u00e1tica que puede ser. Pero hay elementos rescatables de las tareas que el actual secretario de Econom\u00eda, Marcelo Ebrard, realiz\u00f3 como canciller, subray\u00f3.<\/p>\n\n\n\n<p class=\"wp-block-paragraph\">El universitario recalc\u00f3 que el empresario regresa a la Casa Blanca con aproximadamente dos millones de votos menos de los que obtuvo en 2020, cuando perdi\u00f3 la carrera presidencial contra Joe Biden. Quiere decir que gana siendo electoralmente menos popular. \u201cNo hay que creer que posee un gran poder pol\u00edtico; en realidad es moderado\u201d.<\/p>\n\n\n\n<p class=\"wp-block-paragraph\">Al hacer uso de la palabra, Paz Consuelo M\u00e1rquez&nbsp;calific\u00f3 como asombrosos los resultados del proceso del martes pasado en la Uni\u00f3n Americana.<\/p>\n\n\n\n<p class=\"wp-block-paragraph\">Pero el \u201cfen\u00f3meno Trump\u201d no debe verse aisladamente, sino como parte de un proceso en el que los gobiernos populistas est\u00e1n adquiriendo cada vez m\u00e1s importancia: de derecha, en pa\u00edses como Polonia; y de izquierda, en Am\u00e9rica Latina.<\/p>\n\n\n\n<p class=\"wp-block-paragraph\">Para Donald Trump M\u00e9xico es un enemigo por los fen\u00f3menos del fentanilo y la migraci\u00f3n. Y al ciudadano estadounidense le queda claro que quien tiene realmente el control de la frontera y de regresar a migrantes es \u00e9l.<\/p>\n\n\n\n<p class=\"wp-block-paragraph\">Adem\u00e1s, hay que estar pendientes de qui\u00e9nes van a formar su gabinete. \u201cEn los populismos se pone a gente leal, y no a la m\u00e1s capacitada\u201d, advirti\u00f3 M\u00e1rquez Padilla, en la Sala de Conferencias \u201cM\u00f3nica Verea\u201d, del CISAN.<\/p>\n\n\n\n<figure class=\"wp-block-image size-large\"><a href=\"https:\/\/redsemlac.com\/semmexico\/wp-content\/uploads\/2024\/11\/respeto-elecione-eua-02.jpg\"><img loading=\"lazy\" decoding=\"async\" width=\"1024\" height=\"637\" src=\"https:\/\/redsemlac.com\/semmexico\/wp-content\/uploads\/2024\/11\/respeto-elecione-eua-02-1024x637.jpg\" alt=\"\" class=\"wp-image-89298\" srcset=\"https:\/\/redsemlac.com\/semmexico\/wp-content\/uploads\/2024\/11\/respeto-elecione-eua-02-1024x637.jpg 1024w, https:\/\/redsemlac.com\/semmexico\/wp-content\/uploads\/2024\/11\/respeto-elecione-eua-02-300x187.jpg 300w, https:\/\/redsemlac.com\/semmexico\/wp-content\/uploads\/2024\/11\/respeto-elecione-eua-02-768x478.jpg 768w, https:\/\/redsemlac.com\/semmexico\/wp-content\/uploads\/2024\/11\/respeto-elecione-eua-02-150x93.jpg 150w, https:\/\/redsemlac.com\/semmexico\/wp-content\/uploads\/2024\/11\/respeto-elecione-eua-02-696x433.jpg 696w, https:\/\/redsemlac.com\/semmexico\/wp-content\/uploads\/2024\/11\/respeto-elecione-eua-02-1068x665.jpg 1068w, https:\/\/redsemlac.com\/semmexico\/wp-content\/uploads\/2024\/11\/respeto-elecione-eua-02.jpg 1454w\" sizes=\"auto, (max-width: 1024px) 100vw, 1024px\" \/><\/a><\/figure>\n\n\n\n<p class=\"wp-block-paragraph\">El mundo estuvo pendiente de las elecciones estadounidenses, porque pueden tener consecuencias para la democracia, no solo en EU sino en el orbe. \u201cTrump es proteccionista y eso va a afectar a la mayor\u00eda de los pa\u00edses\u201d, por ello el gobierno mexicano se debe dar cuenta de la oportunidad que representa el&nbsp;<em>nearshoring&nbsp;<\/em>o relocalizaci\u00f3n de empresas.<\/p>\n\n\n\n<p class=\"wp-block-paragraph\">La acad\u00e9mica record\u00f3 que en 1993, Estados Unidos exportaba 42 billones de d\u00f3lares a M\u00e9xico; en 2023 fueron 322 billones, mientras que la inversi\u00f3n directa se ubic\u00f3 en m\u00e1s de 144 billones. La relaci\u00f3n ha sido fuerte, con problemas, con costos y beneficios, sectores que ganan y otros que pierden, pero eso ha unido a ambas econom\u00edas.<\/p>\n\n\n\n<p class=\"wp-block-paragraph\">No ser\u00e1 f\u00e1cil para el gobierno de M\u00e9xico; hay que recordar que Trump no utiliza las instituciones o las formas tradicionales de la diplomacia; es a nivel personal que establece o no buenas relaciones, recalc\u00f3.<\/p>\n\n\n\n<p class=\"wp-block-paragraph\">A su vez, Jes\u00fas Gallegos dijo que el triunfo del republicano no es una buena o mala noticia, sino un hecho. \u201cObservamos implicaciones, como el cuestionamiento sobre las instituciones y el valor que se le da al ejercicio democr\u00e1tico en los Estados Unidos, y otras m\u00e1s amplias que tienen que ver con la econom\u00eda\u201d, por ejemplo.<\/p>\n\n\n\n<p class=\"wp-block-paragraph\">Los elementos estrat\u00e9gicos que tienen que acompa\u00f1ar al diagn\u00f3stico y a las implicaciones deben ser multiescalares, multidimensionales y multiespaciales, porque es ah\u00ed donde encontramos la complejidad, la diversidad y el dinamismo que ofrece ese hecho.<\/p>\n\n\n\n<p class=\"wp-block-paragraph\">Lo positivo para M\u00e9xico es entender que la interdependencia entre ambas naciones conlleva a di\u00e1logos y anticipa desde nuestro pa\u00eds condiciones para llevar a cabo una serie de estrategias encaminadas a los temas migratorio, de seguridad o comercial.<\/p>\n\n\n\n<p class=\"wp-block-paragraph\">Lo negativo ser\u00eda no tener esa comprensi\u00f3n y, frente a la actitud err\u00e1tica del magnate, tener la esperanza de que sea un aliado, porque no lo es. \u00c9l \u201cha demostrado que no somos amigos, sino socios comerciales con algunos intereses en com\u00fan\u201d.<\/p>\n\n\n\n<p class=\"wp-block-paragraph\">Comprendernos en nuestras diferencias bajo el marco de una interdependencia asim\u00e9trica nos llevar\u00e1 a un escenario favorable; de otro modo, el panorama ser\u00e1 adverso, opin\u00f3 Gallegos Olvera.<\/p>\n\n\n\n<p class=\"wp-block-paragraph\">Tenemos una frontera de m\u00e1s de tres mil kil\u00f3metros, compartimos tratados y acuerdos en diferentes materias, y del otro lado no solo estar\u00e1 el presidente Trump, sino empresarios, activistas, etc\u00e9tera, que ser\u00e1n elementos de contrapeso, finaliz\u00f3.<\/p>\n\n\n\n<p class=\"wp-block-paragraph\"><\/p>\n","protected":false},"excerpt":{"rendered":"<p>Amando Basurto Salazar, Paz Consuelo M\u00e1rquez Padilla y Jes\u00fas Gallegos Olvera explicaron las implicaciones para M\u00e9xico y el resto del mundo sobre el retorno de Donald Trump a la presidencia de Estados Unidos Redacci\u00f3n&nbsp; SemM\u00e9xico, Cd. de M\u00e9xico,&nbsp; 8 de noviembre, 2024.- Habr\u00e1 que esperar para determinar cu\u00e1ntos de los republicanos en la C\u00e1mara de [&hellip;]<\/p>\n","protected":false},"author":3,"featured_media":89299,"comment_status":"open","ping_status":"open","sticky":false,"template":"","format":"standard","meta":{"_monsterinsights_skip_tracking":false,"footnotes":""},"categories":[903],"tags":[],"class_list":["post-89297","post","type-post","status-publish","format-standard","has-post-thumbnail","category-presidenta-y-mas"],"_links":{"self":[{"href":"https:\/\/redsemlac.com\/semmexico\/wp-json\/wp\/v2\/posts\/89297","targetHints":{"allow":["GET"]}}],"collection":[{"href":"https:\/\/redsemlac.com\/semmexico\/wp-json\/wp\/v2\/posts"}],"about":[{"href":"https:\/\/redsemlac.com\/semmexico\/wp-json\/wp\/v2\/types\/post"}],"author":[{"embeddable":true,"href":"https:\/\/redsemlac.com\/semmexico\/wp-json\/wp\/v2\/users\/3"}],"replies":[{"embeddable":true,"href":"https:\/\/redsemlac.com\/semmexico\/wp-json\/wp\/v2\/comments?post=89297"}],"version-history":[{"count":0,"href":"https:\/\/redsemlac.com\/semmexico\/wp-json\/wp\/v2\/posts\/89297\/revisions"}],"wp:featuredmedia":[{"embeddable":true,"href":"https:\/\/redsemlac.com\/semmexico\/wp-json\/wp\/v2\/media\/89299"}],"wp:attachment":[{"href":"https:\/\/redsemlac.com\/semmexico\/wp-json\/wp\/v2\/media?parent=89297"}],"wp:term":[{"taxonomy":"category","embeddable":true,"href":"https:\/\/redsemlac.com\/semmexico\/wp-json\/wp\/v2\/categories?post=89297"},{"taxonomy":"post_tag","embeddable":true,"href":"https:\/\/redsemlac.com\/semmexico\/wp-json\/wp\/v2\/tags?post=89297"}],"curies":[{"name":"wp","href":"https:\/\/api.w.org\/{rel}","templated":true}]}}