{"id":89293,"date":"2024-11-08T18:45:02","date_gmt":"2024-11-09T00:45:02","guid":{"rendered":"https:\/\/redsemlac.com\/semmexico\/?p=89293"},"modified":"2024-11-08T18:45:03","modified_gmt":"2024-11-09T00:45:03","slug":"mujer-policia-de-investigacion-denuncia-que-sigue-sufriendo-hostigamiento-del-comandante-agresor-en-chiapas","status":"publish","type":"post","link":"https:\/\/redsemlac.com\/semmexico\/mujer-policia-de-investigacion-denuncia-que-sigue-sufriendo-hostigamiento-del-comandante-agresor-en-chiapas\/","title":{"rendered":"Mujer polic\u00eda de investigaci\u00f3n denuncia que sigue sufriendo hostigamiento del comandante agresor \u00a0en Chiapas"},"content":{"rendered":"\n<p class=\"wp-block-paragraph\">Se encuentra a en el hospital &nbsp; \u201cLupita est\u00e1 en peligro y exigimos sea protegida inmediatamente\u201d<\/p>\n\n\n\n<p class=\"wp-block-paragraph\">Demandamos que se le brinde garant\u00edas en su integridad f\u00edsica, familiar y laboral\u201d: Colectivas feministas<\/p>\n\n\n\n<p class=\"wp-block-paragraph\">&nbsp;&nbsp;Gabriela Couti\u00f1o<\/p>\n\n\n\n<p class=\"wp-block-paragraph\">SemM\u00e9xico, &nbsp; Tuxtla Guti\u00e9rrez, Chis. 8 de noviembre, 2024.- Lupita, una mujer polic\u00eda de investigaci\u00f3n de la Fiscal\u00eda General del Estado denunci\u00f3 penal y p\u00fablicamente a trav\u00e9s de redes sociales al comandante de la corporaci\u00f3n, Ernesto Molina Aguilar, por el delito de abuso sexual.<\/p>\n\n\n\n<p class=\"wp-block-paragraph\">La agente de investigaci\u00f3n que solicit\u00f3 el apoyo de la presidenta Claudia Sheinbaum, relat\u00f3 que el 5 de noviembre el comandante Ernesto, le hizo una llamada para que saliera de la oficina y acudiera donde \u00e9ste se encontraba. \u201cQuiero denunciar porque temo por mi vida; estaba yo trabajando, le dije que no pod\u00eda; me vuelve a marcar para que me presentara en la colonia 24 de junio, en el Oxxo, justo frente al mercado, le volv\u00ed a decir que no pod\u00eda, que ten\u00eda yo que entregar mi arma larga de cargo; \u00b4\u00e9l me dice que me quer\u00eda en ese momento y que se encargaba de que dieran salida y que no entregara mi arma\u201d. El jefe polic\u00edaco le dijo que el arreglar\u00eda la situaci\u00f3n para que pudiera salir sin problemas de la oficina.<\/p>\n\n\n\n<p class=\"wp-block-paragraph\">Por lo que Lupita narr\u00f3 que tom\u00f3 un taxi, y se dirigi\u00f3 al lugar que le se\u00f1al\u00f3. Al llegar le dijo: \u201cJefe ya estoy aqu\u00ed. Subo a su camioneta, pone seguros, y me dice: \u00bfqu\u00e9 haces aqu\u00ed? Le dije que \u00e9l me hab\u00eda mandado a traer, que era una orden\u201d Lupita cont\u00f3 que, en ese momento, el jefe le puso una mano en el hombro, la jal\u00f3 hacia \u00e9l y le dio un beso. \u201cTen\u00eda mucho miedo y empiezo a temblar\u201d.<\/p>\n\n\n\n<p class=\"wp-block-paragraph\">&nbsp;El comandante le orden\u00f3 que tomara una cerveza que se encontraba en la guantera de su camioneta, y que la bebiera. Como no lo hizo, se la arrebat\u00f3, la destap\u00f3 y le espet\u00f3: te la tomas.<\/p>\n\n\n\n<p class=\"wp-block-paragraph\">&nbsp;La victima se\u00f1al\u00f3 que en el asiento del copiloto hab\u00eda un arma larga, un cuerno de chivo, y la Polic\u00eda de Investigaci\u00f3n, no cuenta con ese tipo de armamento. La agente relat\u00f3 que no sab\u00eda hacia donde la llevaba.<\/p>\n\n\n\n<p class=\"wp-block-paragraph\">\u201cEntr\u00f3 a un hotel pidi\u00f3 una habitaci\u00f3n con jacuzzi, al entrar le dieron la habitaci\u00f3n 14; cerr\u00f3 todo, me met\u00ed a la habitaci\u00f3n y con su arma me amenaza; me dice que tengamos relaciones sexuales; yo con el miedo rezaba para que terminara ese momento; \u00e9l se desvisti\u00f3 y me obliga a m\u00ed que me desvistiera\u201d.<\/p>\n\n\n\n<p class=\"wp-block-paragraph\">El comandante afirm\u00f3 Lupita, se drog\u00f3 enfrente de ella; y le insinu\u00f3 que si no quer\u00eda drogarse. \u201cPerico, cristal, mariguana, le dije que no, que soy asm\u00e1tica y sufro de taquicardias\u201d. \u201cAl terminar su fantas\u00eda, me dice que me hab\u00eda cambiado del \u00e1rea jur\u00eddica a la cual yo estaba adscrita inicialmente, a la Fiscal\u00eda de Asuntos Especiales, porque para el ser\u00eda m\u00e1s f\u00e1cil poderme sacarme de ah\u00ed\u201d.<\/p>\n\n\n\n<p class=\"wp-block-paragraph\">Lupita agreg\u00f3: \u201cCon miedo, no dije nada, al subirme a la camioneta me dej\u00f3 botada, y todav\u00eda me dice: te quiero ver con falda, c\u00f3mprate una falda, y que quer\u00eda verme al d\u00eda siguiente. Me fui a casa y puse la denuncia a la Fiscal\u00eda de la Mujer\u201d- En el video, la v\u00edctima dijo que denunciaba los hechos en espera de justicia y para que no haya impunidad. \u201cNo quiero que mi caso quede impune, como otros que han pasado con el comandante Ernesto.<\/p>\n\n\n\n<p class=\"wp-block-paragraph\">&nbsp;Es una persona impune, no tiene l\u00edmites\u201d. Lupita expres\u00f3 que teme por mi vida, la de mi familia, por lo que solicit\u00f3 la presidenta Claudia Sheinbaum que la ayude, que no la deje y \u201cque no se quede en vano o todo lo que estoy haciendo\u201d. De inmediato que el video de la denuncia comenz\u00f3 a hacerse viral en las redes sociales, la Fiscal\u00eda General del estado inform\u00f3 a trav\u00e9s de un bolet\u00edn de prensa, \u201cla suspensi\u00f3n de manera inmediata de Ernesto \u201cN\u201d quien ven\u00eda desempe\u00f1\u00e1ndose como comandante de la Polic\u00eda de Investigaci\u00f3n.<\/p>\n\n\n\n<p class=\"wp-block-paragraph\">&nbsp;Lupita expres\u00f3 que teme por mi vida, la de mi familia, por lo que solicit\u00f3 la presidenta Claudia Sheinbaum que la ayude, que no la deje y \u201cque no se quede en vano o todo lo que estoy haciendo\u201d. De inmediato que el video de la denuncia comenz\u00f3 a hacerse viral en las redes sociales, la Fiscal\u00eda General del estado inform\u00f3 a trav\u00e9s de un bolet\u00edn de prensa, \u201cla suspensi\u00f3n de manera inmediata de Ernesto \u201cN\u201d quien ven\u00eda desempe\u00f1\u00e1ndose como comandante de la Polic\u00eda de Investigaci\u00f3n.<\/p>\n\n\n\n<p class=\"wp-block-paragraph\">&nbsp;Dijo que a trav\u00e9s de la Fiscal\u00eda de la Mujer y el \u00d3rgano Interno de Control llevan a cabo las indagatorias con el prop\u00f3sito de esclarecer los hechos y en su caso fincar responsabilidades.<\/p>\n\n\n\n<p class=\"wp-block-paragraph\">Si tocan a una, respondemos todas: Colectivas feministas Colectivas feministas como 50 m\u00e1s 1, Voces feministas, Brujas Violetas, Florinda Lazos, Fundaci\u00f3n Karla Velasco y Corazones Unidos contra el c\u00e1ncer, exigieron justicia para Lupita ante el abuso sexual y f\u00edsico que sufri\u00f3, lo que la mantiene en un hospital, donde tambi\u00e9n est\u00e1 sufriendo hostigamiento de su agresor. \u201cLupita est\u00e1 en peligro y exigimos sea protegida inmediatamente.<\/p>\n\n\n\n<p class=\"wp-block-paragraph\">Demandamos que se les brinde garant\u00edas en su integridad f\u00edsica, familiar y laboral\u201d, se\u00f1alan las colectivas feministas en un comunicado donde tambi\u00e9n reprochan a las autoridades competentes su abandono institucional. Las activistas feministas denunciaron que la v\u00edctima a pesar de estar postrada en un hospital ha sido amenazada. Ayer, personas identificadas como \u201cescoltas\u201d de su agresor, llegaron a buscarla y \u201ccharolearon\u201d para que personal del hospital los dejaran entrar. \u201cChiapas sufre el flagelo del feminicidio. Este a\u00f1o son 31 mujeres hasta el momento quienes han fallecido v\u00edctimas de esta violencia\u201d, manifiestan al exigir a la Fiscal\u00eda hacer efectiva la investigaci\u00f3n el agresor Ernesto \u201cN\u201d.<\/p>\n\n\n\n<p class=\"wp-block-paragraph\">Se inform\u00f3 &nbsp;que a trav\u00e9s de la Fiscal\u00eda de la Mujer y el \u00d3rgano Interno de Control llevan a cabo las indagatorias con el prop\u00f3sito de esclarecer los hechos y en su caso fincar responsabilidades. Si tocan a una, respondemos todas: Colectivas feministas Colectivas feministas como 50 m\u00e1s 1, Voces feministas, Brujas Violetas.<\/p>\n\n\n\n<figure class=\"wp-block-image size-large\"><a href=\"https:\/\/redsemlac.com\/semmexico\/wp-content\/uploads\/2024\/11\/justicia-para-lucia-01.jpg\"><img loading=\"lazy\" decoding=\"async\" width=\"792\" height=\"1024\" src=\"https:\/\/redsemlac.com\/semmexico\/wp-content\/uploads\/2024\/11\/justicia-para-lucia-01-792x1024.jpg\" alt=\"\" class=\"wp-image-89295\" srcset=\"https:\/\/redsemlac.com\/semmexico\/wp-content\/uploads\/2024\/11\/justicia-para-lucia-01-792x1024.jpg 792w, https:\/\/redsemlac.com\/semmexico\/wp-content\/uploads\/2024\/11\/justicia-para-lucia-01-232x300.jpg 232w, https:\/\/redsemlac.com\/semmexico\/wp-content\/uploads\/2024\/11\/justicia-para-lucia-01-768x993.jpg 768w, https:\/\/redsemlac.com\/semmexico\/wp-content\/uploads\/2024\/11\/justicia-para-lucia-01-150x194.jpg 150w, https:\/\/redsemlac.com\/semmexico\/wp-content\/uploads\/2024\/11\/justicia-para-lucia-01-300x388.jpg 300w, https:\/\/redsemlac.com\/semmexico\/wp-content\/uploads\/2024\/11\/justicia-para-lucia-01-696x900.jpg 696w, https:\/\/redsemlac.com\/semmexico\/wp-content\/uploads\/2024\/11\/justicia-para-lucia-01.jpg 990w\" sizes=\"auto, (max-width: 792px) 100vw, 792px\" \/><\/a><\/figure>\n","protected":false},"excerpt":{"rendered":"<p>Se encuentra a en el hospital &nbsp; \u201cLupita est\u00e1 en peligro y exigimos sea protegida inmediatamente\u201d Demandamos que se le brinde garant\u00edas en su integridad f\u00edsica, familiar y laboral\u201d: Colectivas feministas &nbsp;&nbsp;Gabriela Couti\u00f1o SemM\u00e9xico, &nbsp; Tuxtla Guti\u00e9rrez, Chis. 8 de noviembre, 2024.- Lupita, una mujer polic\u00eda de investigaci\u00f3n de la Fiscal\u00eda General del Estado denunci\u00f3 [&hellip;]<\/p>\n","protected":false},"author":3,"featured_media":89294,"comment_status":"open","ping_status":"open","sticky":false,"template":"","format":"standard","meta":{"_monsterinsights_skip_tracking":false,"footnotes":""},"categories":[694,48],"tags":[],"class_list":["post-89293","post","type-post","status-publish","format-standard","has-post-thumbnail","category-destacadas","category-no-mas-impunidad-no-mas-impunidad"],"_links":{"self":[{"href":"https:\/\/redsemlac.com\/semmexico\/wp-json\/wp\/v2\/posts\/89293","targetHints":{"allow":["GET"]}}],"collection":[{"href":"https:\/\/redsemlac.com\/semmexico\/wp-json\/wp\/v2\/posts"}],"about":[{"href":"https:\/\/redsemlac.com\/semmexico\/wp-json\/wp\/v2\/types\/post"}],"author":[{"embeddable":true,"href":"https:\/\/redsemlac.com\/semmexico\/wp-json\/wp\/v2\/users\/3"}],"replies":[{"embeddable":true,"href":"https:\/\/redsemlac.com\/semmexico\/wp-json\/wp\/v2\/comments?post=89293"}],"version-history":[{"count":0,"href":"https:\/\/redsemlac.com\/semmexico\/wp-json\/wp\/v2\/posts\/89293\/revisions"}],"wp:featuredmedia":[{"embeddable":true,"href":"https:\/\/redsemlac.com\/semmexico\/wp-json\/wp\/v2\/media\/89294"}],"wp:attachment":[{"href":"https:\/\/redsemlac.com\/semmexico\/wp-json\/wp\/v2\/media?parent=89293"}],"wp:term":[{"taxonomy":"category","embeddable":true,"href":"https:\/\/redsemlac.com\/semmexico\/wp-json\/wp\/v2\/categories?post=89293"},{"taxonomy":"post_tag","embeddable":true,"href":"https:\/\/redsemlac.com\/semmexico\/wp-json\/wp\/v2\/tags?post=89293"}],"curies":[{"name":"wp","href":"https:\/\/api.w.org\/{rel}","templated":true}]}}