{"id":89291,"date":"2024-11-08T15:10:45","date_gmt":"2024-11-08T21:10:45","guid":{"rendered":"https:\/\/redsemlac.com\/semmexico\/?p=89291"},"modified":"2024-11-08T15:11:18","modified_gmt":"2024-11-08T21:11:18","slug":"los-capitales-la-fed-recorta-25pb-la-tasa-bancaria-para-dejarla-en-4-50","status":"publish","type":"post","link":"https:\/\/redsemlac.com\/semmexico\/los-capitales-la-fed-recorta-25pb-la-tasa-bancaria-para-dejarla-en-4-50\/","title":{"rendered":"Los Capitales| La FED recorta 25pb la tasa bancaria, para dejarla en 4.50"},"content":{"rendered":"\n<p class=\"wp-block-paragraph\">Edgar Gonz\u00e1lez Mart\u00ednez&nbsp;<\/p>\n\n\n\n<p class=\"wp-block-paragraph\">SemM\u00e9xico, Cd. de M\u00e9xico, 8 de noviembre, 2024.- La decisi\u00f3n de bajar la tasa bancaria ya se esperaba, luego de que el gobierno de EU reconoci\u00f3 que la actividad econ\u00f3mica se ha mantenido s\u00f3lida, pero que la generaci\u00f3n de empleos se ha ralentizado. Tambi\u00e9n menciona que ha habido un avance en la convergencia de la inflaci\u00f3n hacia la meta de 2%, si bien reconoce que permanece por arriba de esta.<\/p>\n\n\n\n<p class=\"wp-block-paragraph\">Analistas de Citibanamex consideran que habr\u00e1 un recorte m\u00e1s de 25 pb en la reuni\u00f3n de diciembre, en l\u00ednea con los diagramas de puntos de la reuni\u00f3n de septiembre; y tomando en cuenta las condiciones de moderaci\u00f3n en el mercado laboral y en la actividad econ\u00f3mica, anticipamos otro recorte de 25 pb en diciembre, a 4. 25, para empezar el a\u00f1o 2025.&nbsp;&nbsp;\u201cEstimamos recortes adicionales de esa magnitud entre enero y julio, hasta alcanzar una tasa terminal de 3. 25%. Esta trayectoria de recortes continuos ser\u00e1 para el Banco de M\u00e9xico un factor adicional al proceso deflacionario que permitir\u00e1 continuar con su ciclo de recortes. En ese sentido, estimamos que Banco de M\u00e9xico recortar\u00e1 25 pb para la reuni\u00f3n del pr\u00f3ximo jueves 14 de noviembre, concluyeron los analistas de Citibanamex..<\/p>\n\n\n\n<p class=\"wp-block-paragraph\"><strong>EN-TI FIRMA CONVENIO CON GRUPO AXO<\/strong><\/p>\n\n\n\n<p class=\"wp-block-paragraph\">La empresa especializada en el desarrollo de soluciones tecnol\u00f3gicas firm\u00f3 un convenio con Grupo AXO, compa\u00f1\u00eda l\u00edder multicanal y multimarca con presencia en M\u00e9xico, Chile, Per\u00fa y Uruguay, para el dise\u00f1o y aplicaci\u00f3n de su plataforma electr\u00f3nica.<\/p>\n\n\n\n<p class=\"wp-block-paragraph\">La integradora tecnol\u00f3gica, dirigida por Oscar Mora, genera anualmente alrededor de 300 mil l\u00edneas de c\u00f3digo para el sector retail, 150 mil para aseguradoras y 200 mil para la industria financiera, lo que demuestra su capacidad tecnol\u00f3gica en diferentes sectores.<\/p>\n\n\n\n<p class=\"wp-block-paragraph\">Dentro de su portafolio de clientes se encuentran compa\u00f1\u00edas de alto perfil como son: FEMSA, Alibaba, Televisa, Zurich, y la Feria Aeroespacial M\u00e9xico(SEDENA), entre otros. Cabe aclarar que En-Ti Es una empresa cien por ciento mexicana.<\/p>\n\n\n\n<p class=\"wp-block-paragraph\"><strong>Los precios de agropecuarios siguen presionando la inflaci\u00f3n en M\u00e9xico<\/strong><\/p>\n\n\n\n<p class=\"wp-block-paragraph\">La inflaci\u00f3n general anual repunta a 4.8%, ante un nuevo choque en agropecuarios El INPC registr\u00f3 un incremento mensual de 0.55 muy en l\u00ednea con nuestra estimaci\u00f3n 0.54 y ligeramente por arriba de la del consenso de la \u00faltima Encuesta Citibanamex de Expectativas 0.52. La inflaci\u00f3n mensual fue marginalmente menor que el promedio hist\u00f3rico 15 a\u00f1os anteriores) para octubre de 0.56 Con lo anterior, la inflaci\u00f3n general anual repunt\u00f3 a 4.76 desde 4.58 en septiembre, si bien con cifras desestacionalizadas estimamos que la inflaci\u00f3n general mensual anualizada disminuy\u00f3 de 4.0 en el mes anterior a 2.4%, en octubre.<\/p>\n\n\n\n<p class=\"wp-block-paragraph\">La Inflaci\u00f3n subyacente en 3.8, sorprende a la baja. El \u00edndice de precios subyacente registr\u00f3 un aumento de 0.28 % mensual, por debajo de nuestra proyecci\u00f3n 0.33 y la del consenso 0. 32 y tambi\u00e9n fue menor que el promedio hist\u00f3rico para octubre 0.30. La inflaci\u00f3n mensual de mercanc\u00edas en 0. 24% se ubic\u00f3 marcadamente por debajo de su promedio hist\u00f3rico para este mes 0. 35 mientras que la de servicios en 0. 32 se situ\u00f3 por arriba de esa referencia 0. 24 A tasa anual, la inflaci\u00f3n subyacente disminuy\u00f3 a 3. 80 desde 3. 91 en septiembre, y fue la menor desde noviembre de 2020 y ligeramente por debajo de su promedio de largo plazo de 4. 1 La inflaci\u00f3n anual de mercanc\u00edas cay\u00f3 a 2. 81 debido a la disminuci\u00f3n en el subcomponente de alimenticias, mientras que la de servicios disminuy\u00f3 a 4. 98 ante una menor inflaci\u00f3n anual en vivienda y servicios excluyendo educaci\u00f3n Con cifras desestacionalizadas estimamos que la inflaci\u00f3n subyacente mensual anualizada se mantuvo en 3. 6 sin cambios respecto a septiembre.<\/p>\n\n\n\n<p class=\"wp-block-paragraph\"><a href=\"mailto:loscapitales@yahoo.com.mx\" target=\"_blank\" rel=\"noreferrer noopener\">loscapitales@yahoo.com.mx<\/a><\/p>\n\n\n\n<p class=\"wp-block-paragraph\"><a href=\"http:\/\/www.agendadeinversiones.com.mx\/\" target=\"_blank\" rel=\"noreferrer noopener\">www.agendadeinversiones.com.mx<\/a><\/p>\n\n\n\n<p class=\"wp-block-paragraph\">Twiter: @Edgar4712<\/p>\n","protected":false},"excerpt":{"rendered":"<p>Edgar Gonz\u00e1lez Mart\u00ednez&nbsp; SemM\u00e9xico, Cd. de M\u00e9xico, 8 de noviembre, 2024.- La decisi\u00f3n de bajar la tasa bancaria ya se esperaba, luego de que el gobierno de EU reconoci\u00f3 que la actividad econ\u00f3mica se ha mantenido s\u00f3lida, pero que la generaci\u00f3n de empleos se ha ralentizado. Tambi\u00e9n menciona que ha habido un avance en la [&hellip;]<\/p>\n","protected":false},"author":3,"featured_media":75979,"comment_status":"open","ping_status":"open","sticky":false,"template":"","format":"standard","meta":{"_monsterinsights_skip_tracking":false,"footnotes":""},"categories":[750,110,35],"tags":[],"class_list":["post-89291","post","type-post","status-publish","format-standard","has-post-thumbnail","category-edgar-gonzalez-martinez","category-la-opinion-columnas","category-opinion"],"_links":{"self":[{"href":"https:\/\/redsemlac.com\/semmexico\/wp-json\/wp\/v2\/posts\/89291","targetHints":{"allow":["GET"]}}],"collection":[{"href":"https:\/\/redsemlac.com\/semmexico\/wp-json\/wp\/v2\/posts"}],"about":[{"href":"https:\/\/redsemlac.com\/semmexico\/wp-json\/wp\/v2\/types\/post"}],"author":[{"embeddable":true,"href":"https:\/\/redsemlac.com\/semmexico\/wp-json\/wp\/v2\/users\/3"}],"replies":[{"embeddable":true,"href":"https:\/\/redsemlac.com\/semmexico\/wp-json\/wp\/v2\/comments?post=89291"}],"version-history":[{"count":0,"href":"https:\/\/redsemlac.com\/semmexico\/wp-json\/wp\/v2\/posts\/89291\/revisions"}],"wp:featuredmedia":[{"embeddable":true,"href":"https:\/\/redsemlac.com\/semmexico\/wp-json\/wp\/v2\/media\/75979"}],"wp:attachment":[{"href":"https:\/\/redsemlac.com\/semmexico\/wp-json\/wp\/v2\/media?parent=89291"}],"wp:term":[{"taxonomy":"category","embeddable":true,"href":"https:\/\/redsemlac.com\/semmexico\/wp-json\/wp\/v2\/categories?post=89291"},{"taxonomy":"post_tag","embeddable":true,"href":"https:\/\/redsemlac.com\/semmexico\/wp-json\/wp\/v2\/tags?post=89291"}],"curies":[{"name":"wp","href":"https:\/\/api.w.org\/{rel}","templated":true}]}}