{"id":89284,"date":"2024-11-08T14:03:49","date_gmt":"2024-11-08T20:03:49","guid":{"rendered":"https:\/\/redsemlac.com\/semmexico\/?p=89284"},"modified":"2024-11-08T14:04:38","modified_gmt":"2024-11-08T20:04:38","slug":"la-paridad-en-mexico-se-logro-por-mujeres-comprometidas-en-el-legislativo-acompanadas-de-feministas","status":"publish","type":"post","link":"https:\/\/redsemlac.com\/semmexico\/la-paridad-en-mexico-se-logro-por-mujeres-comprometidas-en-el-legislativo-acompanadas-de-feministas\/","title":{"rendered":"La paridad en M\u00e9xico se logr\u00f3 por mujeres comprometidas en el legislativo acompa\u00f1adas de feministas \u00a0"},"content":{"rendered":"\n<p class=\"wp-block-paragraph\">Hacerla realidad urge a &nbsp;una participaci\u00f3n comprometida de las mujeres: &nbsp;Adriana Noem\u00ed Ortiz Ortega y Gabriela Vargas G\u00f3mez.<\/p>\n\n\n\n<p class=\"wp-block-paragraph\">Micaela M\u00e1rquez<\/p>\n\n\n\n<p class=\"wp-block-paragraph\">SemM\u00e9xico. Ciudad de M\u00e9xico. 7 de noviembre 2024.- La paridad no garantiza el avance de las mujeres por s\u00ed misma, pero si es una meta para lograr la igualdad sustantiva y esta requiere no s\u00f3lo de mecanismos democr\u00e1ticos y transformaciones constitucionales sino de una participaci\u00f3n comprometida de las mujeres coincidieron en se\u00f1alar las especialistas en pol\u00edticas de g\u00e9nero Adriana Noem\u00ed Ortiz Ortega y Gabriela Vargas G\u00f3mez.<\/p>\n\n\n\n<p class=\"wp-block-paragraph\">Al participar en la 3\u00aa edici\u00f3n de la Feria del Libro INE, G\u00e9nero, Inclusi\u00f3n y Democracia (FLINE) con el tema \u201cLas mujeres como constructoras de paridad democr\u00e1tica en M\u00e9xico\u201d, la Subdirectora de G\u00e9nero, Diversidad e Inclusi\u00f3n en el Instituto Tecnol\u00f3gico Aut\u00f3nomo de M\u00e9xico (ITAM), Adriana Noem\u00ed Ortiz Ortega asegur\u00f3 que M\u00e9xico se\u00f1al\u00f3 que en M\u00e9xico y en el mundo a principios del tercer milenio las mujeres est\u00e1n ejerciendo de manera plena el sufragio que es un principio de la democracia que consiste en que votan pero&nbsp; tambi\u00e9n pueden ser votadas.<\/p>\n\n\n\n<p class=\"wp-block-paragraph\">La paridad en M\u00e9xico ha sido posible gracias a la&nbsp; instalaci\u00f3n&nbsp; de&nbsp; mecanismos democr\u00e1ticos por un lado, de transformaciones constitucionales por el otro, y sin duda un compromiso de&nbsp; mujeres mexicanas que han permitido que el caso mexicano se coloque a la vanguardia.<\/p>\n\n\n\n<p class=\"wp-block-paragraph\">Gabriela Vargas G\u00f3mez, periodista y polit\u00f3loga experta en derechos humanos e integrante de Redes de Mujeres advirti\u00f3 que La paridad se ha establecido en el mundo sin embargo, pero hay severos retrocesos&nbsp; como en el caso de Nicaragua aunque haya representatividad de las mujeres est\u00e1 penalizado el aborto desde el 2012 y no hay un activismo propiamente de las mujeres para avanzar en sus derechos.<\/p>\n\n\n\n<p class=\"wp-block-paragraph\">En Estados Unidos no ha existido ley de paridad, y con la llegada de Donald Trump se tiene el temor de que haya m\u00e1s impedimentos para las mujeres como la derogaci\u00f3n de la sentencia Roe vs Wade que permit\u00eda abortar en todo el pa\u00eds. Por lo que dijo hay que ser cauteloso y analizar la paridad pa\u00eds por pa\u00eds.<\/p>\n\n\n\n<p class=\"wp-block-paragraph\">En M\u00e9xico los principales avances tiene que ver con la Reforma del 2011 de Derechos Humanos y estos avances se dieron bajo tres gobiernos distintos PRI, PAN y Morena pero por un gran activismo de las colectivas que han&nbsp; trabajado con las mujeres en los partidos pol\u00edticos han dado grandes avances hasta llegar a la paridad en todo en 2021. \u201cEs muy importante que estas mujeres tengan una posici\u00f3n para ir avanzando en una agenda p\u00fablica.\u201d, se\u00f1al\u00f3 Vargas G\u00f3mez.<\/p>\n\n\n\n<p class=\"wp-block-paragraph\"><strong>La escritura feminista como parte de la acci\u00f3n pol\u00edtica&nbsp;<\/strong><\/p>\n\n\n\n<p class=\"wp-block-paragraph\">La Consultora en G\u00e9nero y pol\u00edticas p\u00fablicas, Ma. Guadalupe L\u00f3pez Garc\u00eda, imparti\u00f3 el Taller de escritura \u201cAcci\u00f3n pol\u00edtica feminista\u201d, con el objetivo de generar un proceso de reflexi\u00f3n sobre la escritura desde una mirada feminista como parte de la acci\u00f3n pol\u00edtica.<\/p>\n\n\n\n<p class=\"wp-block-paragraph\">Se refiri\u00f3 a Nuria Varela que se\u00f1ala que el feminismo se articula como filosof\u00eda pol\u00edtica y al mismo tiempo como movimiento social. Teor\u00eda y Pr\u00e1ctica articulada por mujeres tras realizar la actividad en que viven toman conciencia de las discriminaciones que sufren por la \u00fanica raz\u00f3n de ser mujeres (relativo al sexo) y deciden organizarse&nbsp; para acabar con ellas y cambiar a la sociedad. Es un discurso pol\u00edtico que se basa en la justicia<\/p>\n\n\n\n<p class=\"wp-block-paragraph\">Asimismo, el presidente de la Federaci\u00f3n Mexicana de Sordos, Rodolfo L\u00f3pez Espinosa, imparti\u00f3 el Taller \u201cLengua de Se\u00f1as Mexicana con perspectiva de g\u00e9nero\u201d, con el objetivo de brindar conocimientos b\u00e1sicos de la Lengua de Se\u00f1as Mexicana integrando una perspectiva de g\u00e9nero para promover la comunicaci\u00f3n inclusiva y equitativa que considere las necesidades y derechos de las personas con discapacidad, especialmente en espacios democr\u00e1ticos y de participaci\u00f3n ciudadana.<\/p>\n\n\n\n<p class=\"wp-block-paragraph\"><strong>Nuevas masculinidades<\/strong><\/p>\n\n\n\n<p class=\"wp-block-paragraph\">Durante el Conversatorio virtual \u201cInterseccionalidad, nuevas masculinidades e igualdad de g\u00e9nero\u201d, el Consejero Arturo Castillo Loza explic\u00f3 que las masculinidades son un constructo social e identitario.<\/p>\n\n\n\n<p class=\"wp-block-paragraph\">Agreg\u00f3 que <em>\u201c<\/em>es importante modificar las causas estructurales individuales que ayudan a perpetuar estas desigualdades. Por ejemplo, pol\u00edticas y normas sociales que impactan desproporcionadamente a un grupo, como la distribuci\u00f3n de las labores de cuidado. Por eso como instituciones debemos impulsar pol\u00edticas de igualdad de oportunidades y corresponsabilidad familiar, e implementar liderazgos basados en la colaboraci\u00f3n, la equidad y la empat\u00eda, en lugar de relaciones de poder verticales y de imposici\u00f3n\u201d.<\/p>\n\n\n\n<p class=\"wp-block-paragraph\"><strong>Reconciliaci\u00f3n entre generaciones para una democracia inclusiva<\/strong><\/p>\n\n\n\n<p class=\"wp-block-paragraph\">Se llevo a cabo un panel de j\u00f3venes en el que&nbsp; expusieron los obst\u00e1culos y barreras estructurales que enfrentan y que impiden su plena participaci\u00f3n en la vida p\u00fablica del pa\u00eds como son: la falta de espacios para la participaci\u00f3n, estereotipos, violencia pol\u00edtica de g\u00e9nero y desigualdad en el \u00e1mbito laboral, entre otros.<\/p>\n\n\n\n<p class=\"wp-block-paragraph\">Coincidieron en que debe haber una reconciliaci\u00f3n entre generaciones y que se debe tomar a las juventudes como pilar fundamental en una democracia inclusiva, ya que considerar a j\u00f3venes en los espacios de toma de decisiones es un avance para la democracia.<\/p>\n\n\n\n<p class=\"wp-block-paragraph\">El Conversatorio se titul\u00f3 \u201cDemocracia inclusiva: Participaci\u00f3n pol\u00edtica de las juventudes\u00bb, en el que participaron el Consejero del Instituto Electoral y de Participaci\u00f3n Ciudadana de Jalisco, Carlos Javier Aguirre Arias; la Consejera del Instituto Electoral del Estado de Sinaloa, Marisol Quevedo Gonz\u00e1lez; la ganadora de la segunda edici\u00f3n del Concurso Tejiendo Redes Ciudadanas por Juventudes Diversas, Mar\u00eda Luisa Maga\u00f1a Trejo y fue moderado por la Directora Ejecutiva de Capacitaci\u00f3n Electoral y Educaci\u00f3n C\u00edvica del INE, Mar\u00eda Elena Cornejo Esparza.<\/p>\n","protected":false},"excerpt":{"rendered":"<p>Hacerla realidad urge a &nbsp;una participaci\u00f3n comprometida de las mujeres: &nbsp;Adriana Noem\u00ed Ortiz Ortega y Gabriela Vargas G\u00f3mez. Micaela M\u00e1rquez SemM\u00e9xico. Ciudad de M\u00e9xico. 7 de noviembre 2024.- La paridad no garantiza el avance de las mujeres por s\u00ed misma, pero si es una meta para lograr la igualdad sustantiva y esta requiere no s\u00f3lo [&hellip;]<\/p>\n","protected":false},"author":3,"featured_media":89285,"comment_status":"open","ping_status":"open","sticky":false,"template":"","format":"standard","meta":{"_monsterinsights_skip_tracking":false,"footnotes":""},"categories":[694],"tags":[],"class_list":["post-89284","post","type-post","status-publish","format-standard","has-post-thumbnail","category-destacadas"],"_links":{"self":[{"href":"https:\/\/redsemlac.com\/semmexico\/wp-json\/wp\/v2\/posts\/89284","targetHints":{"allow":["GET"]}}],"collection":[{"href":"https:\/\/redsemlac.com\/semmexico\/wp-json\/wp\/v2\/posts"}],"about":[{"href":"https:\/\/redsemlac.com\/semmexico\/wp-json\/wp\/v2\/types\/post"}],"author":[{"embeddable":true,"href":"https:\/\/redsemlac.com\/semmexico\/wp-json\/wp\/v2\/users\/3"}],"replies":[{"embeddable":true,"href":"https:\/\/redsemlac.com\/semmexico\/wp-json\/wp\/v2\/comments?post=89284"}],"version-history":[{"count":0,"href":"https:\/\/redsemlac.com\/semmexico\/wp-json\/wp\/v2\/posts\/89284\/revisions"}],"wp:featuredmedia":[{"embeddable":true,"href":"https:\/\/redsemlac.com\/semmexico\/wp-json\/wp\/v2\/media\/89285"}],"wp:attachment":[{"href":"https:\/\/redsemlac.com\/semmexico\/wp-json\/wp\/v2\/media?parent=89284"}],"wp:term":[{"taxonomy":"category","embeddable":true,"href":"https:\/\/redsemlac.com\/semmexico\/wp-json\/wp\/v2\/categories?post=89284"},{"taxonomy":"post_tag","embeddable":true,"href":"https:\/\/redsemlac.com\/semmexico\/wp-json\/wp\/v2\/tags?post=89284"}],"curies":[{"name":"wp","href":"https:\/\/api.w.org\/{rel}","templated":true}]}}