{"id":89276,"date":"2024-11-08T10:25:24","date_gmt":"2024-11-08T16:25:24","guid":{"rendered":"https:\/\/redsemlac.com\/semmexico\/?p=89276"},"modified":"2024-11-08T10:29:10","modified_gmt":"2024-11-08T16:29:10","slug":"congreso-cdmx-pausa-dictamen-que-busca-eliminar-delito-de-aborto-realizaran-foros-con-especialistas","status":"publish","type":"post","link":"https:\/\/redsemlac.com\/semmexico\/congreso-cdmx-pausa-dictamen-que-busca-eliminar-delito-de-aborto-realizaran-foros-con-especialistas\/","title":{"rendered":"Congreso CDMX pausa dictamen que busca eliminar delito de aborto; realizar\u00e1n foros con especialistas"},"content":{"rendered":"\n<p class=\"wp-block-paragraph\"><\/p>\n\n\n\n<p class=\"wp-block-paragraph\"><em>Las diputadas de Morena acusaron que han sufrido ataques de violencia y se ha desatado una ola de desinformaci\u00f3n sobre la iniciativa del aborto. Foto: Aracely Mart\u00ednez \/ Ovaciones<\/em><\/p>\n\n\n\n<p class=\"wp-block-paragraph\">La diputada morenista, X\u00f3chitl Bravo, inform\u00f3 que realizar\u00e1n foros con colectivas y especialistas para profundizar en el tema y lograr primero un consenso pol\u00edtico<\/p>\n\n\n\n<p class=\"wp-block-paragraph\">SemM\u00e9xico, Ciudad de M\u00e9xico, 8 de noviembre, 2024.- El Congreso de la Ciudad de M\u00e9xico paus\u00f3 el dictamen que busca eliminar el delito de aborto en el C\u00f3digo Penal local hasta lograr un consenso con los legisladores, analizar que no existan fallas legislativas, as\u00ed como cuidar la salud de las mujeres.<\/p>\n\n\n\n<p class=\"wp-block-paragraph\">La presidenta de la Comisi\u00f3n de Igualdad de G\u00e9nero, Cecilia Vadillo, celebr\u00f3 la aprobaci\u00f3n del dictamen en comisiones unidas de Administraci\u00f3n y Procuraci\u00f3n de Justicia de Igualdad de G\u00e9nero; sin embargo, explic\u00f3 que se requiere consenso pol\u00edtico para que el dictamen pueda pasar al Pleno.<\/p>\n\n\n\n<p class=\"wp-block-paragraph\">\u201cHacemos un llamado en\u00e9rgico a que se enfrente la desinformaci\u00f3n y la campa\u00f1a de mentiras que se est\u00e1 llevando a cabo con esa causa\u201d, manifest\u00f3.<\/p>\n\n\n\n<h4 class=\"wp-block-heading\"><a href=\"https:\/\/www.elsoldemexico.com.mx\/metropoli\/cdmx\/en-casi-ano-y-medio-21-mujeres-se-realizaron-un-aborto-en-cdmx-con-mas-de-12-semanas-estudio-11556497.html\"><strong>En casi a\u00f1o y medio, 21 mujeres se realizaron un aborto en CDMX con m\u00e1s de 12 semanas: estudio<\/strong><\/a><\/h4>\n\n\n\n<p class=\"wp-block-paragraph\">En conferencia de prensa, la legisladora acus\u00f3 que, durante la discusi\u00f3n sobre la iniciativa, las diputadas de Morena han sufrido ataques de violencia y se ha desatado una ola de desinformaci\u00f3n.<\/p>\n\n\n\n<p class=\"wp-block-paragraph\">\u201cAqu\u00ed todas las diputadas de la transformaci\u00f3n hemos sufrido violencia, estamos siendo acosadas y sufriendo mucha violencia y una severa campa\u00f1a de mentiras que usa el morbo para aprovecharse del miedo que hay en la informaci\u00f3n. Esta es la manera que opera Acci\u00f3n Nacional\u201d, se\u00f1al\u00f3.<\/p>\n\n\n\n<p class=\"wp-block-paragraph\">Por su parte, la coordinadora de la bancada de Morena, X\u00f3chitl Bravo, explic\u00f3 que se realizar\u00e1n foros con colectivas, profesionales de la salud y especialistas para profundizar el tema con el fin de lograr un consenso pol\u00edtico.<\/p>\n\n\n\n<figure class=\"wp-block-image\"><img decoding=\"async\" src=\"https:\/\/lh7-rt.googleusercontent.com\/docsz\/AD_4nXeEMhUSSa_5mZfl2GQouWI1GEx1Y9tQ9YUEtoAertIdmSp-v9N4d0Y6Q4v2RsSDEVkeDmWTvzYQHx58JKKJ8FNoUiuxUvL35P1pXuJpz4wrf50DhJekYEBahDBH-pX1lQnYtTb7uw?key=Y83auaituV6SjtvTGlwaYPdt\" alt=\"\" title=\"Aborto protesta CDMX_04.jpg\"\/><\/figure>\n\n\n\n<p class=\"wp-block-paragraph\">\u201cAborto s\u00ed, aborto no, eso lo decido yo\u201d, gritaban las integrantes de los colectivos. Foto: Aracely Mart\u00ednez \/ El Sol de M\u00e9xico<\/p>\n\n\n\n<p class=\"wp-block-paragraph\"><strong>\u201cVamos a generar una campa\u00f1a de informaci\u00f3n en la que queremos hablar con todas y todos, y una vez que tengamos lista esa ruta, pues agotamos todo y subimos a Pleno\u201d<\/strong><\/p>\n\n\n\n<p class=\"wp-block-paragraph\">\u00abNo pasa nada en el antes y el despu\u00e9s, lo importante es que pase,<strong> <\/strong>es nuestro tiempo, es nuestro momento, tenemos las condiciones, no importa el tiempo, antes y despu\u00e9s hay un dictamen\u201d, agreg\u00f3.<\/p>\n\n\n\n<p class=\"wp-block-paragraph\">Alrededor de las 9:30 horas, diversos<strong> <\/strong>colectivas y organizaciones civiles llegaron al Congreso capitalino para exigir la aprobaci\u00f3n y discusi\u00f3n de la despenalizaci\u00f3n total del aborto.<\/p>\n\n\n\n<figure class=\"wp-block-image\"><img decoding=\"async\" src=\"https:\/\/lh7-rt.googleusercontent.com\/docsz\/AD_4nXeDFyWdwpB11U6gWuhLJu80JJk8lWo3UEavfUOzu_4CnxL8-gjwFhnk0fEMyEfcsGay7IpATJhc21htGPjM2QkcOXkxhh0GGPcT5rWix63tH3Aof5oWJWazCYPp2fwHDAav12iAHA?key=Y83auaituV6SjtvTGlwaYPdt\" alt=\"\" title=\"Aborto protesta CDMX_03.jpg\"\/><\/figure>\n\n\n\n<p class=\"wp-block-paragraph\">Desde muy temprana hora, los colectivos feministas se concentraron en el recinto legislativo. Foto: Aracely Mart\u00ednez \/ El Sol de M\u00e9xico<\/p>\n\n\n\n<p class=\"wp-block-paragraph\">Con consignas como \u201cEl aborto es un derecho\u201d, \u201cFuera el aborto del C\u00f3digo penal\u201d y \u201cAborto s\u00ed, aborto no, eso lo decido yo\u201d, asistieron para exigir que la iniciativa no se quede en la congeladora y se mantenga en la discusi\u00f3n.<\/p>\n\n\n\n<p class=\"wp-block-paragraph\">La iniciativa, propuesta por la diputada Yuriri Ayala Z\u00fa\u00f1iga, de Morena, plantea derogar diversos art\u00edculos del C\u00f3digo Penal de la Ciudad de M\u00e9xico para eliminar la criminalizaci\u00f3n de la interrupci\u00f3n del embarazo despu\u00e9s de las 12 semanas.<\/p>\n","protected":false},"excerpt":{"rendered":"<p>Las diputadas de Morena acusaron que han sufrido ataques de violencia y se ha desatado una ola de desinformaci\u00f3n sobre la iniciativa del aborto. Foto: Aracely Mart\u00ednez \/ Ovaciones La diputada morenista, X\u00f3chitl Bravo, inform\u00f3 que realizar\u00e1n foros con colectivas y especialistas para profundizar en el tema y lograr primero un consenso pol\u00edtico SemM\u00e9xico, Ciudad [&hellip;]<\/p>\n","protected":false},"author":3,"featured_media":89277,"comment_status":"open","ping_status":"open","sticky":false,"template":"","format":"standard","meta":{"_monsterinsights_skip_tracking":false,"footnotes":""},"categories":[748],"tags":[],"class_list":["post-89276","post","type-post","status-publish","format-standard","has-post-thumbnail","category-cultura-feminista"],"_links":{"self":[{"href":"https:\/\/redsemlac.com\/semmexico\/wp-json\/wp\/v2\/posts\/89276","targetHints":{"allow":["GET"]}}],"collection":[{"href":"https:\/\/redsemlac.com\/semmexico\/wp-json\/wp\/v2\/posts"}],"about":[{"href":"https:\/\/redsemlac.com\/semmexico\/wp-json\/wp\/v2\/types\/post"}],"author":[{"embeddable":true,"href":"https:\/\/redsemlac.com\/semmexico\/wp-json\/wp\/v2\/users\/3"}],"replies":[{"embeddable":true,"href":"https:\/\/redsemlac.com\/semmexico\/wp-json\/wp\/v2\/comments?post=89276"}],"version-history":[{"count":0,"href":"https:\/\/redsemlac.com\/semmexico\/wp-json\/wp\/v2\/posts\/89276\/revisions"}],"wp:featuredmedia":[{"embeddable":true,"href":"https:\/\/redsemlac.com\/semmexico\/wp-json\/wp\/v2\/media\/89277"}],"wp:attachment":[{"href":"https:\/\/redsemlac.com\/semmexico\/wp-json\/wp\/v2\/media?parent=89276"}],"wp:term":[{"taxonomy":"category","embeddable":true,"href":"https:\/\/redsemlac.com\/semmexico\/wp-json\/wp\/v2\/categories?post=89276"},{"taxonomy":"post_tag","embeddable":true,"href":"https:\/\/redsemlac.com\/semmexico\/wp-json\/wp\/v2\/tags?post=89276"}],"curies":[{"name":"wp","href":"https:\/\/api.w.org\/{rel}","templated":true}]}}