{"id":89257,"date":"2024-11-07T12:35:30","date_gmt":"2024-11-07T18:35:30","guid":{"rendered":"https:\/\/redsemlac.com\/semmexico\/?p=89257"},"modified":"2024-11-07T12:35:34","modified_gmt":"2024-11-07T18:35:34","slug":"opinion-paralelismos-evo-y-errejon","status":"publish","type":"post","link":"https:\/\/redsemlac.com\/semmexico\/opinion-paralelismos-evo-y-errejon\/","title":{"rendered":"Opini\u00f3n | Paralelismos, Evo y Errej\u00f3n"},"content":{"rendered":"\n<p class=\"wp-block-paragraph\">Drina Ergueta<\/p>\n\n\n\n<p class=\"wp-block-paragraph\">SemM\u00e9xico, La Paz-Bolivia,&nbsp; 7 de noviembre,&nbsp; 2024.- El 18 mayo del 2011, la Universidad Complutense de Madrid, un jovenc\u00edsimo \u00cd\u00f1igo Errej\u00f3n, con su carita de ni\u00f1o, defend\u00eda su tesis doctoral con su trabajo \u201cLa lucha por la hegemon\u00eda durante el primer gobierno del MAS en Bolivia (2006-2009): un an\u00e1lisis discursivo\u201d, donde los movimientos sociales bolivianos y Evo Morales ten\u00edan un rol protag\u00f3nico. Tres d\u00edas antes, en las calles de las principales ciudades de Espa\u00f1a se hab\u00eda iniciado un movimiento (15M) que dar\u00eda lugar al nacimiento de Podemos, un nuevo partido de izquierda que promet\u00eda \u201ctomar el cielo por asalto\u201d. Hoy, luego de traiciones y divisiones en el partido, por recientes y sorprendentes denuncias de abusos machistas, Errej\u00f3n est\u00e1 defenestrado de la pol\u00edtica y la vida p\u00fablica. Hay, evidentemente, ciertos paralelismos con el recorrido del instrumento\/partido pol\u00edtico m\u00e1s importante del \u00faltimo siglo en Bolivia (MAS-IPSP), y con su l\u00edder Morales.<\/p>\n\n\n\n<p class=\"wp-block-paragraph\">A Errej\u00f3n y a Pablo Iglesias, el rostro m\u00e1s conocido de Podemos y tambi\u00e9n acad\u00e9mico, ambos te\u00f3ricos del populismo de izquierda, les llam\u00f3 profundamente la atenci\u00f3n el proceso vivido en Bolivia desde mediados de los a\u00f1os 90 hasta la llegada al poder de Evo Morales, en 2006, porque los movimientos sociales bolivianos hab\u00edan logrado crear un instrumento pol\u00edtico que les permit\u00eda tomar el gobierno de manera democr\u00e1tica, se habl\u00f3 de una revoluci\u00f3n pac\u00edfica, y transformar las estructuras sociales en las que la poblaci\u00f3n ind\u00edgena hist\u00f3ricamente marginada acced\u00eda a espacios sociales prohibidos y reservados para la poblaci\u00f3n considerada blanca. As\u00ed, se nacionalizaron empresas estrat\u00e9gicas o se establecieron nuevas condiciones impositivas, se ampli\u00f3 el Estado, con una coyuntura favorable se lograron grandes ingresos y se redistribuyeron mediante bonos y construcci\u00f3n de infraestructuras. Tambi\u00e9n hubo denuncias de corrupci\u00f3n que en algunos casos se sancionaron.&nbsp;<\/p>\n\n\n\n<p class=\"wp-block-paragraph\">Evo gan\u00f3 tres elecciones y estuvo 14 a\u00f1os en el gobierno hasta 2019. Con el gobierno de facto de Jeanine \u00c1\u00f1ez se le iniciaron 29 procesos que no prosperaron, entre ellos uno por estupro y es este caso, al que hoy se le han sumado nuevas denuncias, que pende como espada sobre un Morales, que vive lo que parece una ca\u00edda pol\u00edtica inevitable, enfrentado a su ex ministro y actual presidente Luis Arce, con un movimiento social dividido y un MAS-IPSP muy debilitado.&nbsp;<\/p>\n\n\n\n<p class=\"wp-block-paragraph\">Por su parte, Errej\u00f3n, hasta hace dos semanas lideraba Sumar, un nuevo partido que es socio del PSOE en el gobierno espa\u00f1ol y que surgi\u00f3 tras la ruptura con Podemos de Iglesias y en cuyo discurso los postulados del feminismo son uno de los ejes de la agrupaci\u00f3n. Por eso, que se supiera que varias mujeres, gran parte exparejas, acusan a Errej\u00f3n de tratos vejatorios y denigrantes, y de lo que podr\u00eda considerarse violencia psicol\u00f3gica, ha ca\u00eddo como un balde de agua fr\u00eda sobre la izquierda y el feminismo. Si un hombre feminista tiene este comportamiento, \u00bfen qui\u00e9n se puede confiar?&nbsp;<\/p>\n\n\n\n<p class=\"wp-block-paragraph\">Al otro lado del Atl\u00e1ntico, en Bolivia, las organizaciones sociales fueron incorporadas en el gobierno y en la toma de decisiones. Hoy todav\u00eda lo est\u00e1n, pero divididas y s\u00f3lo la fracci\u00f3n que apoya a Arce. En todos estos a\u00f1os, pese a conquistas como la paridad en el Parlamento y algunas normativas legales de dudoso cumplimiento, aqu\u00ed no se habl\u00f3 de feminismo como eje pol\u00edtico. En todos los espacios de poder los hombres dominan el escenario y sus masculinidades tambi\u00e9n. A Evo Morales desde hace a\u00f1os se le ha conocido por sus comentarios y bromas de profundo contenido machista, lo que se ha difundido masivamente por la oposici\u00f3n que no es feminista sino lo contrario. Por ello, a diferencia de Errej\u00f3n, no extra\u00f1an las denuncias sobre que al expresidente le gustan las jovencitas menores de edad y de que habr\u00eda aprovechado su posici\u00f3n de poder para acceder a ellas.<\/p>\n\n\n\n<p class=\"wp-block-paragraph\">Errej\u00f3n, empujado por las circunstancias, renunci\u00f3 a todos sus cargos pol\u00edticos y p\u00fablicos y hoy est\u00e1 perdido. Evo Morales lleva a cabo (hasta este martes 5 en que se escribe este art\u00edculo) una especie de batalla final, con bloqueo de caminos infructuoso y una huelga de hambre, para poder ser candidato en 2025 y para evitar un proceso judicial tambi\u00e9n, en un contexto social en el que no todos recuerdan su aporte al pa\u00eds y en el que \u00e9l ya no puede justificar un supuesto comportamiento delictivo hacia las mujeres. Se vive un nuevo tiempo y en \u00e9l se ha de tomar en cuenta que los actos machistas pueden tener consecuencias, unas veces por justicia otras por conveniencia pol\u00edtica.<\/p>\n","protected":false},"excerpt":{"rendered":"<p>Drina Ergueta SemM\u00e9xico, La Paz-Bolivia,&nbsp; 7 de noviembre,&nbsp; 2024.- El 18 mayo del 2011, la Universidad Complutense de Madrid, un jovenc\u00edsimo \u00cd\u00f1igo Errej\u00f3n, con su carita de ni\u00f1o, defend\u00eda su tesis doctoral con su trabajo \u201cLa lucha por la hegemon\u00eda durante el primer gobierno del MAS en Bolivia (2006-2009): un an\u00e1lisis discursivo\u201d, donde los movimientos [&hellip;]<\/p>\n","protected":false},"author":3,"featured_media":69835,"comment_status":"open","ping_status":"open","sticky":false,"template":"","format":"standard","meta":{"_monsterinsights_skip_tracking":false,"footnotes":""},"categories":[77,35],"tags":[],"class_list":["post-89257","post","type-post","status-publish","format-standard","has-post-thumbnail","category-drina-ergueta","category-opinion"],"_links":{"self":[{"href":"https:\/\/redsemlac.com\/semmexico\/wp-json\/wp\/v2\/posts\/89257","targetHints":{"allow":["GET"]}}],"collection":[{"href":"https:\/\/redsemlac.com\/semmexico\/wp-json\/wp\/v2\/posts"}],"about":[{"href":"https:\/\/redsemlac.com\/semmexico\/wp-json\/wp\/v2\/types\/post"}],"author":[{"embeddable":true,"href":"https:\/\/redsemlac.com\/semmexico\/wp-json\/wp\/v2\/users\/3"}],"replies":[{"embeddable":true,"href":"https:\/\/redsemlac.com\/semmexico\/wp-json\/wp\/v2\/comments?post=89257"}],"version-history":[{"count":0,"href":"https:\/\/redsemlac.com\/semmexico\/wp-json\/wp\/v2\/posts\/89257\/revisions"}],"wp:featuredmedia":[{"embeddable":true,"href":"https:\/\/redsemlac.com\/semmexico\/wp-json\/wp\/v2\/media\/69835"}],"wp:attachment":[{"href":"https:\/\/redsemlac.com\/semmexico\/wp-json\/wp\/v2\/media?parent=89257"}],"wp:term":[{"taxonomy":"category","embeddable":true,"href":"https:\/\/redsemlac.com\/semmexico\/wp-json\/wp\/v2\/categories?post=89257"},{"taxonomy":"post_tag","embeddable":true,"href":"https:\/\/redsemlac.com\/semmexico\/wp-json\/wp\/v2\/tags?post=89257"}],"curies":[{"name":"wp","href":"https:\/\/api.w.org\/{rel}","templated":true}]}}