{"id":89232,"date":"2024-11-07T11:57:29","date_gmt":"2024-11-07T17:57:29","guid":{"rendered":"https:\/\/redsemlac.com\/semmexico\/?p=89232"},"modified":"2024-11-07T11:57:31","modified_gmt":"2024-11-07T17:57:31","slug":"instalan-la-comision-de-trabajo-y-prevision-social-acuerdan-actualizar-normas-entre-ellas-la-de-reducir-la-jornada-laboral","status":"publish","type":"post","link":"https:\/\/redsemlac.com\/semmexico\/instalan-la-comision-de-trabajo-y-prevision-social-acuerdan-actualizar-normas-entre-ellas-la-de-reducir-la-jornada-laboral\/","title":{"rendered":"Instalan la Comisi\u00f3n de Trabajo y Previsi\u00f3n Social; acuerdan actualizar normas, entre ellas la de reducir la jornada laboral"},"content":{"rendered":"\n<p class=\"wp-block-paragraph\">SemM\u00e9xico, Ciudad de M\u00e9xico, 7 de noviembre, 2024.- Al instalarse la Comisi\u00f3n de Trabajo y Previsi\u00f3n Social en la C\u00e1mara de Diputados, solamente la diputada Patricia Mercado Castro habl\u00f3 de resolver sobre la disminuci\u00f3n de la Jornada Laboral, en la reuni\u00f3n de&nbsp; Instalaci\u00f3n de, que preside la diputada Maiella Martha Gabriela G\u00f3mez Maldonado (Morena), sus integrantes se pronunciaron por seguir actualizando normas en favor del desarrollo y la protecci\u00f3n de las y los trabajadores, incluyendo la reducci\u00f3n de la jornada laboral.<\/p>\n\n\n\n<p class=\"wp-block-paragraph\">Al dar la postura de MC, la diputada Patricia Mercado Castro indic\u00f3 que se debe trabajar de la mano tanto de empresarios como de sindicatos, as\u00ed como del Gobierno Federal. Mencion\u00f3 que en este momento en el centro del debate est\u00e1 la jornada laboral, especialmente por el cuestionamiento por parte de j\u00f3venes que no quieren vivir para trabajar sino trabajar para vivir, adem\u00e1s de una agenda de reformas para lograr la igualdad sustantiva y la perspectiva de g\u00e9nero aunado a la brecha salarial.<\/p>\n\n\n\n<p class=\"wp-block-paragraph\">La diputada G\u00f3mez Maldonado dijo que las y los mexicanos exigen de las y los diputados, como sus representantes, leyes y pol\u00edticas justas que permitan acceder a mejores condiciones en sus empleos y, por consiguiente, en una mejor calidad de vida, lo que habla de un enorme reto tomando en consideraci\u00f3n que nuestra fuerza laboral es de 60 millones de personas.<\/p>\n\n\n\n<p class=\"wp-block-paragraph\">En la instalaci\u00f3n, a la que acudi\u00f3 el presidente de la Mesa Directiva de la C\u00e1mara de Diputados, Sergio Carlos Guti\u00e9rrez Luna, la diputada abund\u00f3 que hay mucho por hacer, por lo que observar\u00e1n con atenci\u00f3n las pl\u00e1ticas para la renegociaci\u00f3n del T-MEC, a fin de velar por los derechos del sector obrero y estudiar\u00e1n a fondos las oportunidades que se abren para M\u00e9xico a trav\u00e9s del&nbsp;<em>nearshoring<\/em>, escuchando la voz del empresariado y trabajadores.<\/p>\n\n\n\n<p class=\"wp-block-paragraph\">&nbsp;Tambi\u00e9n, dijo, vigilar\u00e1n la implementaci\u00f3n de las recientes reformas en materia salarial y de igualdad sustantiva que habr\u00e1n de requerir modificaciones a las leyes secundarias.<\/p>\n\n\n\n<p class=\"wp-block-paragraph\">Subray\u00f3 que dar\u00e1n continuidad a la relaci\u00f3n estrecha, respetuosa y sostenida con el Poder Ejecutivo, el sector productivo y el gremio sindical en aras de impulsar de manera conjunta la agenda laboral que M\u00e9xico requiere para alcanzar el pleno empleo. \u201cEs muy importante establecer alianzas con el sector empresarial. Va nuestro reconocimiento a los empresarios que apuestan su patrimonio para que M\u00e9xico siga creciendo mediante la generaci\u00f3n de empleos y el aumento de la productividad\u201d.<\/p>\n\n\n\n<p class=\"wp-block-paragraph\">Enfatiz\u00f3 que corresponde a las y los legisladores legislar con vanguardia partiendo de un marco regulatorio que promueva el trabajo digno y bien remunerado para todas y todos. \u201cNo hay duda de que la grandeza de M\u00e9xico descansa en su fuerza laboral\u201d.<\/p>\n\n\n\n<p class=\"wp-block-paragraph\">Al dar la postura de MC, la diputada Patricia Mercado Castro indic\u00f3 que se debe trabajar de la mano tanto de empresarios como de sindicatos, as\u00ed como del Gobierno Federal. Mencion\u00f3 que en este momento en el centro del debate est\u00e1 la jornada laboral, especialmente por el cuestionamiento por parte de j\u00f3venes que no quieren vivir para trabajar sino trabajar para vivir, adem\u00e1s de una agenda de reformas para lograr la igualdad sustantiva y la perspectiva de g\u00e9nero aunado a la brecha salarial.<\/p>\n\n\n\n<p class=\"wp-block-paragraph\">Del PRI, el diputado Erubiel Lorenzo Alonso sostuvo que debe dejarse el tema de los colores y de partidos pol\u00edticos pues se trata del bienestar de sus obreros, familias y de empresarios que apuestan y emprenden. \u201cEstamos a favor de la reducci\u00f3n de la jornada laboral para que haya eficiencia y que las mujeres tengan mejores oportunidades de direcci\u00f3n en la iniciativa privada\u201d.<\/p>\n\n\n\n<p class=\"wp-block-paragraph\">La diputada Margarita Garc\u00eda Garc\u00eda (PT) se dijo segura que esta Comisi\u00f3n aportar\u00e1 muchas m\u00e1s herramientas de beneficio y defensa de la clase trabajadora, por lo que subray\u00f3 que coadyuvar\u00e1n con el Poder Ejecutivo para lograr el bienestar para las y los trabajadores. Pidi\u00f3 al titular de la Secretar\u00eda del Trabajo y Previsi\u00f3n Social mantener las puertas abiertas o de lo contrario no servir\u00e1 tener enlaces. Se pronunci\u00f3 a favor de acabar con el charrismo sindical.<\/p>\n\n\n\n<p class=\"wp-block-paragraph\">La diputada del PVEM, Gabriela Benavides Cobos, refrend\u00f3 su compromiso con las y los trabajadores de nuestro pa\u00eds, pero de igual forma en equilibro con el sector patronal con quien se debe hacer equipo. \u201cHagamos de este un espacio de propuesta, di\u00e1logo y conciliaci\u00f3n, tomando en cuenta a la Secretar\u00eda del Trabajo y a todos los sectores aqu\u00ed representados\u201d.<\/p>\n\n\n\n<p class=\"wp-block-paragraph\">El diputado Theodoros Kalionchiz De la Fuente (PAN) se\u00f1al\u00f3 que los patrones conocen que de no tener al trabajador con la mejor calidad laboral sus empresas no son rentables. Resalt\u00f3 que en M\u00e9xico ya son m\u00e1s mujeres que hombres quienes ingresan a las fuerzas laborales, por lo que dijo que el compromiso es que puedan tener salarios dignos y mismas prestaciones que los varones, as\u00ed como apoyarlas para que puedan emprender.<\/p>\n\n\n\n<p class=\"wp-block-paragraph\">De Morena, la diputada Petra Romero G\u00f3mez advirti\u00f3 que actualmente existen sindicatos que no ayudan en nada a los obreros. Abund\u00f3 que como secretaria de la Comisi\u00f3n buscar\u00e1 hacer visible la situaci\u00f3n de las y los trabajadores quienes necesitan de m\u00e1s salud, cultura, educaci\u00f3n y seguridad, adem\u00e1s de la reducci\u00f3n de jornadas laborales. \u201cSi el empleado no trabaja en unidad con el empresario M\u00e9xico no va a avanzar\u201d.<\/p>\n\n\n\n<p class=\"wp-block-paragraph\">El diputado Pedro Miguel Haces Barba (Morena) apunt\u00f3 que la Comisi\u00f3n debe hacer valer el legado legislativo y, al mismo tiempo, construir hacia adelante por los empleos que vienen en el futuro. \u201cInvito a las y los diputados que dejemos a un lado la visi\u00f3n partidista y vayamos por un mejor M\u00e9xico, esa construcci\u00f3n de armonizaci\u00f3n de factores de producci\u00f3n que M\u00e9xico necesita\u201d.<\/p>\n\n\n\n<p class=\"wp-block-paragraph\"><strong><em>Secretar\u00eda del Trabajo, abierta al di\u00e1logo<\/em><\/strong><\/p>\n\n\n\n<p class=\"wp-block-paragraph\">El titular de la Secretar\u00eda del Trabajo y Previsi\u00f3n Social, Marath Baruch Bola\u00f1os L\u00f3pez, asegur\u00f3 que la dependencia a su cargo es una \u201ccasa abierta al di\u00e1logo\u201d y reiter\u00f3 su disposici\u00f3n para incluir la agenda que se estime pertinente y avanzar de manera conjunta, ya que \u201cvivimos en una \u00e9poca de cambios\u201d donde se han dado avances parejos.<\/p>\n\n\n\n<p class=\"wp-block-paragraph\">Destac\u00f3 que a trav\u00e9s del programa \u201cJ\u00f3venes Construyendo el Futuro\u201d se dio apoyo a tres millones; cerca del 62 por ciento tuvieron una ocupaci\u00f3n o empleo, adem\u00e1s de que se avanz\u00f3 en la reforma laboral ya que a la fecha hay poco m\u00e1s de 31 mil contratos colectivos de trabajo en donde hubo negociaciones abiertas y aut\u00e9nticas con sus empleadores. \u201cLa democracia sindical es una realizad y vamos a avanzar para que sea un derecho y tradici\u00f3n mexicana\u201d.<\/p>\n\n\n\n<p class=\"wp-block-paragraph\">En su intervenci\u00f3n, el presidente del Consejo Coordinador Empresarial, Francisco Alberto Cervantes D\u00edaz, celebr\u00f3 que la Comisi\u00f3n abra desde el principio las puertas a empresarios, trabajadores e interesados en el tema de la pol\u00edtica laboral del pa\u00eds, con el objetivo de participar en este ejercicio parlamentario plural. \u201cEs un signo que garantiza el di\u00e1logo y la reflexi\u00f3n sobre los distintos puntos de vista de la agenda, lo que garantizar\u00e1 la efectiva toma de decisiones en la materia\u201d.<\/p>\n\n\n\n<p class=\"wp-block-paragraph\">A su vez, Octavio de la Torre de St\u00e9ffano, presidente de la Confederaci\u00f3n de C\u00e1maras Nacionales de Comercio, Servicios y Turismo de los Estados Unidos Mexicanos, lament\u00f3 que a este sector se le subestima y se ha dejado de escuchar la voz de 4.8 millones de comerciantes, peque\u00f1os empresarios y negocios familiares. \u201cDebemos hablar de la necesidad de pol\u00edticas p\u00fablicas que robustezcan este rubro y generen nuevas oportunidades de crecimientos y competitividad. Es un momento clave para fortalecer las condiciones laborales millones de mujeres y hombres incrustados en este mercado\u201d.<\/p>\n","protected":false},"excerpt":{"rendered":"<p>SemM\u00e9xico, Ciudad de M\u00e9xico, 7 de noviembre, 2024.- Al instalarse la Comisi\u00f3n de Trabajo y Previsi\u00f3n Social en la C\u00e1mara de Diputados, solamente la diputada Patricia Mercado Castro habl\u00f3 de resolver sobre la disminuci\u00f3n de la Jornada Laboral, en la reuni\u00f3n de&nbsp; Instalaci\u00f3n de, que preside la diputada Maiella Martha Gabriela G\u00f3mez Maldonado (Morena), sus [&hellip;]<\/p>\n","protected":false},"author":3,"featured_media":89235,"comment_status":"open","ping_status":"open","sticky":false,"template":"","format":"standard","meta":{"_monsterinsights_skip_tracking":false,"footnotes":""},"categories":[50],"tags":[],"class_list":["post-89232","post","type-post","status-publish","format-standard","has-post-thumbnail","category-congreso"],"_links":{"self":[{"href":"https:\/\/redsemlac.com\/semmexico\/wp-json\/wp\/v2\/posts\/89232","targetHints":{"allow":["GET"]}}],"collection":[{"href":"https:\/\/redsemlac.com\/semmexico\/wp-json\/wp\/v2\/posts"}],"about":[{"href":"https:\/\/redsemlac.com\/semmexico\/wp-json\/wp\/v2\/types\/post"}],"author":[{"embeddable":true,"href":"https:\/\/redsemlac.com\/semmexico\/wp-json\/wp\/v2\/users\/3"}],"replies":[{"embeddable":true,"href":"https:\/\/redsemlac.com\/semmexico\/wp-json\/wp\/v2\/comments?post=89232"}],"version-history":[{"count":0,"href":"https:\/\/redsemlac.com\/semmexico\/wp-json\/wp\/v2\/posts\/89232\/revisions"}],"wp:featuredmedia":[{"embeddable":true,"href":"https:\/\/redsemlac.com\/semmexico\/wp-json\/wp\/v2\/media\/89235"}],"wp:attachment":[{"href":"https:\/\/redsemlac.com\/semmexico\/wp-json\/wp\/v2\/media?parent=89232"}],"wp:term":[{"taxonomy":"category","embeddable":true,"href":"https:\/\/redsemlac.com\/semmexico\/wp-json\/wp\/v2\/categories?post=89232"},{"taxonomy":"post_tag","embeddable":true,"href":"https:\/\/redsemlac.com\/semmexico\/wp-json\/wp\/v2\/tags?post=89232"}],"curies":[{"name":"wp","href":"https:\/\/api.w.org\/{rel}","templated":true}]}}