{"id":89211,"date":"2024-11-07T11:13:01","date_gmt":"2024-11-07T17:13:01","guid":{"rendered":"https:\/\/redsemlac.com\/semmexico\/?p=89211"},"modified":"2024-11-07T11:29:45","modified_gmt":"2024-11-07T17:29:45","slug":"los-movimientos-antifeministas-requieren-medidas-eficaces-para-contrarrestar-los-discursos-de-odio","status":"publish","type":"post","link":"https:\/\/redsemlac.com\/semmexico\/los-movimientos-antifeministas-requieren-medidas-eficaces-para-contrarrestar-los-discursos-de-odio\/","title":{"rendered":"Los movimientos antifeministas requieren medidas eficaces para contrarrestar los discursos de odio"},"content":{"rendered":"\n<p class=\"wp-block-paragraph\">A 30 a\u00f1os de la Plataforma de Acci\u00f3n de Beijing nadie ha cumplido las metas que se hab\u00edan propuesto: Patricia Galeana<\/p>\n\n\n\n<p class=\"wp-block-paragraph\">Elda Montiel&nbsp;<\/p>\n\n\n\n<p class=\"wp-block-paragraph\">SemM\u00e9xico, Ciudad de M\u00e9xico, 7 de noviembre, 2024.- Detr\u00e1s de los movimientos antifeministas hay organizaciones, redes, alianzas estrat\u00e9gicas de corte religioso, masculinistas, potsfeministas y ciber antifeministas que pretenden minar&nbsp; la legitimidad del feminismo y socavar los logros alcanzados advirti\u00f3 la directora de la Facultad de Ciencias Pol\u00edticas y Sociales de la UNAM, Carola Garc\u00eda Calder\u00f3n.&nbsp;<\/p>\n\n\n\n<p class=\"wp-block-paragraph\">El&nbsp; crecimiento de los movimientos antifeminista requiere de respuestas eficaces capaces de combatir los discursos de odio que difunden, por lo que su estudio debe ser prioridad en las agendas acad\u00e9micas y pol\u00edticas asever\u00f3 al inaugurar el \u201cSeminario Nacional Movimiento Antifeministas: A 30 a\u00f1os de la Plataforma de Acci\u00f3n de Beijing\u201d organizado junto con la&nbsp; Federaci\u00f3n de Mujeres Universitarias (FEMU) y el Museo de la Mujer.<\/p>\n\n\n\n<p class=\"wp-block-paragraph\">Para la doctora Patricia Galena Herrera, directora del Museo de la Mujer, falta mucho por hacer, ya que nuestro pa\u00eds es uno de los pa\u00edses con mayor \u00edndice de violencia, la cultura patriarcal subsiste, muchos hombres educados por sus madres siguen pensando que nacieron para mandar y cuando la pareja no les obedece o trata de escapar del c\u00edrculo de la violencia la matan.<\/p>\n\n\n\n<p class=\"wp-block-paragraph\">Por lo que expres\u00f3 que la realizaci\u00f3n del Seminario sirva para dar luces para poder avanzar en la lucha por la igualdad de las mujeres, ya que a 30 a\u00f1os de la Plataforma de Acci\u00f3n de Beijing nadie ha cumplido las metas que se hab\u00edan propuesto.&nbsp;&nbsp;<\/p>\n\n\n\n<figure class=\"wp-block-image\"><img decoding=\"async\" src=\"https:\/\/lh7-rt.googleusercontent.com\/docsz\/AD_4nXd0MMkDSUkEP4r_5dQ-vsbWiy8mdlnPlVyHQ5FgKmYKhp5IQC0lhom4siPpqhexg1-eYuZWwr0KVD02BZAgUE69TAGvJKXsXDoxU6g9Zo0YijrhGdBohivmEBUN0SBRetpmeO2zkP-7oqWicfRYEWfWq1FEPxE5rMuiLEPuoNcmsg-atFj0Fg?key=wTpP7pcM_2K2UtvcD_fYW-71\" alt=\"LLAMADO PARA POSTULACI\u00d3N A PROYECTO \u201cCR\u00d3NICAS BEIJING 30 A\u00d1OS\u201d - Nueva  Pol\u00edtica Exterior\"\/><\/figure>\n\n\n\n<p class=\"wp-block-paragraph\">La Declaraci\u00f3n y Plataforma de Acci\u00f3n de Beijing fue un acuerdo&nbsp; adoptado por la Organizaci\u00f3n de las Naciones Unidas el 15 de septiembre de 1995 al final de la Cuarta Conferencia Mundial sobre la Mujer realizada en Beijing, China. Confirma que la promoci\u00f3n y protecci\u00f3n de los derechos humanos es responsabilidad de los gobiernos y la&nbsp; hoja de ruta m\u00e1s importantes para alcanzar la igualdad de g\u00e9nero, que es una de las metas de la Agenda 2030.<\/p>\n\n\n\n<p class=\"wp-block-paragraph\">La directora de la FCPyS alert\u00f3 que los movimientos antifeministas no s\u00f3lo sufren de prejuicios de misoginia y machismo representan un alto riesgo &nbsp; para la justicia y los derechos humanos, un ejemplo de ello es la derogaci\u00f3n del aborto por la Corte&nbsp; en Estados Unidos,&nbsp; derecho obtenido hace cinco d\u00e9cadas con la sentencia Roe vs. Wade, lo que hace evidente que los territorios conquistados por las mujeres no est\u00e1n garantizados indefinidamente y mantenerlos sigue siendo parte de una lucha constante.<\/p>\n\n\n\n<p class=\"wp-block-paragraph\">Los discursos de odio encuentran&nbsp; un veh\u00edculo poderoso en las redes socio digitales y han desencadenado agresiones, acoso y violencia contra las mujeres que alzan la voz, lo que representa no s\u00f3lo una amenaza al&nbsp; feminismo y sus batallas ganadas sino tambi\u00e9n para la justicia y los derechos humanos.&nbsp;&nbsp;&nbsp;<\/p>\n\n\n\n<p class=\"wp-block-paragraph\">Precis\u00f3 que cada avance por la igualdad de g\u00e9nero representa un cambio social que viene acompa\u00f1ado por resistencias y reacciones antifeministas en diversas partes del mundo.<\/p>\n\n\n\n<p class=\"wp-block-paragraph\">A casi 30 a\u00f1os de la hist\u00f3rica Plataforma de la Acci\u00f3n de Beijing es necesario analizar los avances y delimitar la ruta de acci\u00f3n para seguir trabajando en la erradicaci\u00f3n de la pobreza, de las violencias as\u00ed como para&nbsp; procurar el acceso a la educaci\u00f3n, la salud y el poder de decisi\u00f3n&nbsp; de las mujeres en todos los \u00e1mbitos.<\/p>\n\n\n\n<p class=\"wp-block-paragraph\">A las y los asistentes al auditorio Pablo Gonz\u00e1lez Casanova de la FCPyS les expres\u00f3 que la persistencia y tes\u00f3n es el eje central de los movimientos feministas un camino diario lleno de obst\u00e1culos y esperanza. \u201cCada paso que damos en un paso adelante para construir un mundo igualitario\u201d.<\/p>\n\n\n\n<figure class=\"wp-block-image\"><img decoding=\"async\" src=\"https:\/\/lh7-rt.googleusercontent.com\/docsz\/AD_4nXffkq6euKzA78fTsSoGcqRYPpX9XNgsCdGd6Ddksvbs0REBGmUag2rBxB4xmRBHl3cVtI8e6SARvD6e7J0SLW6Ky75PhkLseUn3jhQ03gpAk1XuJVCELQecfibZOPY3Ahfm0Gd8CLLqFQg194ALKyB4anBvk3LuW19BxN4H7UD7daTFSdWCNdg?key=wTpP7pcM_2K2UtvcD_fYW-71\" alt=\"Seminario Nacional Movimientos antifeminsitas. A 30 a\u00f1os de la plataforma  de acci\u00f3n de Beijing - YouTube\"\/><\/figure>\n\n\n\n<p class=\"wp-block-paragraph\"><strong>El hombre manda la mujer obedece sostiene el patriarcado&nbsp;<\/strong><\/p>\n\n\n\n<p class=\"wp-block-paragraph\">La historiadora y ex embajadora Patricia Galeana Herrera hizo \u00e9nfasis en que hay que conocer la historia de lo que se habla por lo que explic\u00f3 que el patriarcado es un sistema de poder&nbsp; masculino donde el hombre manda y la mujer obedece, tiene como mandato divino al que se le ha atribuido las leyes de la naturaleza una superioridad f\u00edsica del hombre y una debilidad innata de la mujer. Concepciones que han sido reforzadas por el Estado y las iglesias monote\u00edstas.&nbsp;<\/p>\n\n\n\n<p class=\"wp-block-paragraph\">Las leyes romanas establecen que el padre es el patriarca, de ah\u00ed viene el termino, es la autoridad, el jefe de la familia que puede castigar a todos sus miembros y entre estos est\u00e1 la madre consideradas menor de edad.&nbsp;&nbsp;<\/p>\n\n\n\n<p class=\"wp-block-paragraph\">El origen de la palaba feminismo surgi\u00f3 de manera ir\u00f3nica por&nbsp; un panfleto escrito por Alejandro Dumas hijo titulado El hombre &#8211; mujer para criticar a los hombres que se solidarizaban con las causas de las mujeres. El sosten\u00eda que la mujer no es igual al hombre.<\/p>\n\n\n\n<p class=\"wp-block-paragraph\">El feminismo es una doctrina social que quiere cambiar las estructuras pol\u00edticas, econ\u00f3micas, sociales y culturales para que la mujer tenga los mismos derechos que les hab\u00edan sido vetados por ser mujer, se\u00f1al\u00f3 la doctora Galeana<strong>.&nbsp;<\/strong><\/p>\n\n\n\n<p class=\"wp-block-paragraph\">El antifeminismo comenz\u00f3 a difundirse fundamentalmente por la prensa cat\u00f3lica refiri\u00e9ndose a M\u00e9xico. En 1897 el peri\u00f3dico La Voz de M\u00e9xico publica un art\u00edculo del Diario de Debate de Par\u00eds donde se habla de la evoluci\u00f3n del feminismo&nbsp; y dice que las mujeres se quieren sustraer de sus obligaciones como madres y van aquere dominar a los hombres y ser\u00e1 la decadencia de la humanidad. Tambi\u00e9n las tachan de delincuentes. .<\/p>\n\n\n\n<p class=\"wp-block-paragraph\">Hermila Galindo en 1916 demanda la educaci\u00f3n sexual y la tachan de inmoral.&nbsp;<\/p>\n\n\n\n<p class=\"wp-block-paragraph\"><strong>Las olas del feminismo y los movimientos antifeministas contempor\u00e1neos&nbsp;&nbsp;<\/strong><\/p>\n\n\n\n<p class=\"wp-block-paragraph\">En la primera ola se lucha por los derechos civiles y pol\u00edticos tiene su origen en la Revoluci\u00f3n Francesa con Olympia de Gouges que escribe Los Derechos de las Mujeres y le cuesta la guillotina.&nbsp; Hubo sufragistas en 1850 en Machester, Inglaterra y a\u00f1os despu\u00e9s en Wyoming y Nueva York, Estados Unidos.&nbsp;<\/p>\n\n\n\n<p class=\"wp-block-paragraph\">La segunda ola va de los 60s a los 90s, se empieza a demandar el fin de la cultura del patriarcado, los derechos sexuales y reproductivos. Surge el movimiento antifeminista en Estados Unidos para defender los derechos de los hombres quienes se sienten amenazados por las feministas.&nbsp; En la Escuela Polit\u00e9cnica de Montreal, Canad\u00e1 en 1989 se masacra a 14 mujeres por ser feministas, entre otros&nbsp; hechos.&nbsp;<\/p>\n\n\n\n<p class=\"wp-block-paragraph\">La tercera ola&nbsp; el derecho a la otredad, la multiplicidad de identidades de g\u00e9nero, las luchas del movimiento LGBTI+. Tenemos en M\u00e9xico los feminicidios de Cd. Ju\u00e1rez, Campo Algodonero. En Espa\u00f1a se da la masacre de mujeres en las fiestas de San Martin surge la organizaci\u00f3n de los San Fermines que violan a las feministas.<\/p>\n\n\n\n<p class=\"wp-block-paragraph\">Tambi\u00e9n surge la manosfera, que considera que toda la esfera del mundo es de los hombres y las mujeres irrumpen en su espacio. The manosphere es una red de comunidades de hombres en l\u00ednea contra el empoderamiento de las mujeres y que promueven creencias antifeministas y sexistas. Culpan a las mujeres y las feministas de todo tipo de problemas en la sociedad. Muchas de estas comunidades fomentan el resentimiento, o incluso el odio, hacia las mujeres y las ni\u00f1as.&nbsp;<\/p>\n\n\n\n<p class=\"wp-block-paragraph\">La cuarta ola se vio interrumpida por la pandemia, se lucha por la despenalizaci\u00f3n del aborto, contra el acoso y el feminicidio. Han surgido hechos en Espa\u00f1a, en M\u00e9xico y diferentes partes en contra de las feministas. La Manada es una violaci\u00f3n masiva que se da&nbsp; tambi\u00e9n en la fiesta de San Fermin, el feminismo responde con un Paro Internacional de Mujeres, el movimiento Me Too, el performance \u201cUn violador en tu camino\u201d.<\/p>\n\n\n\n<p class=\"wp-block-paragraph\">En M\u00e9xico el presidente Andr\u00e9s Manuel L\u00f3pez Obrador dice que las feministas quieren afectar su gobierno y las califica de conservadoras e influenciadas de ideas extranjeras .<\/p>\n\n\n\n<p class=\"wp-block-paragraph\">En el marco internacional hay infinidad de convenciones internacionales para acabar con la desigualdad de g\u00e9nero. Desde 1928&nbsp; surge la Comisi\u00f3n Interamericana de Mujeres (CIM) que sigue funcionando. En 1946 la Comisi\u00f3n de la Condici\u00f3n Jur\u00eddica y Social de la Mujer (CSW) de las Naciones Unidas que va a celebrar&nbsp; la 69 Reuni\u00f3n en Nueva York.&nbsp;<\/p>\n\n\n\n<p class=\"wp-block-paragraph\">En 1975 el a\u00f1o internacional de la mujer tiene lugar en M\u00e9xico, pero es de los pa\u00edses que no tienen representaci\u00f3n mujer porque Luis Echeverria dijo que las mujeres no se&nbsp; hab\u00edan puesto de acuerdo y nombra a Pedro Ojeda Paullada.&nbsp;<\/p>\n\n\n\n<p class=\"wp-block-paragraph\">En 1979 viene la Convenci\u00f3n sobre la eliminaci\u00f3n de todas las formas de discriminaci\u00f3n contra la mujer (CEDAW).&nbsp;<\/p>\n\n\n\n<p class=\"wp-block-paragraph\">En 1991 la campa\u00f1a de&nbsp; los 16 d\u00edas de activismo contra la violencia hacia las mujeres<\/p>\n\n\n\n<p class=\"wp-block-paragraph\">1993 la declaraci\u00f3n de la Eliminaci\u00f3n de todo tipo de violencia&nbsp;<\/p>\n\n\n\n<p class=\"wp-block-paragraph\">1994, la Convencion Bel\u00e9n d\u00f3 Para&nbsp; de la OEA<\/p>\n\n\n\n<p class=\"wp-block-paragraph\">1995, la Plataforma de Acci\u00f3n de Beijing que cumple 30 a\u00f1os el a\u00f1o entrante, Nadie ha cumplido las metas que se hab\u00edan propuesto.&nbsp;&nbsp;<\/p>\n\n\n\n<p class=\"wp-block-paragraph\">2008, campa\u00f1a \u00fanete para poner fin a la violencia&nbsp;<\/p>\n\n\n\n<p class=\"wp-block-paragraph\">2014, la campa\u00f1a He for Shep creada por ONUMujeres a la que se ha unido la Universidad Nacional Aut\u00f3noma de M\u00e9xico.&nbsp;<\/p>\n","protected":false},"excerpt":{"rendered":"<p>A 30 a\u00f1os de la Plataforma de Acci\u00f3n de Beijing nadie ha cumplido las metas que se hab\u00edan propuesto: Patricia Galeana Elda Montiel&nbsp; SemM\u00e9xico, Ciudad de M\u00e9xico, 7 de noviembre, 2024.- Detr\u00e1s de los movimientos antifeministas hay organizaciones, redes, alianzas estrat\u00e9gicas de corte religioso, masculinistas, potsfeministas y ciber antifeministas que pretenden minar&nbsp; la legitimidad del [&hellip;]<\/p>\n","protected":false},"author":3,"featured_media":89219,"comment_status":"open","ping_status":"open","sticky":false,"template":"","format":"standard","meta":{"_monsterinsights_skip_tracking":false,"footnotes":""},"categories":[748],"tags":[],"class_list":["post-89211","post","type-post","status-publish","format-standard","has-post-thumbnail","category-cultura-feminista"],"_links":{"self":[{"href":"https:\/\/redsemlac.com\/semmexico\/wp-json\/wp\/v2\/posts\/89211","targetHints":{"allow":["GET"]}}],"collection":[{"href":"https:\/\/redsemlac.com\/semmexico\/wp-json\/wp\/v2\/posts"}],"about":[{"href":"https:\/\/redsemlac.com\/semmexico\/wp-json\/wp\/v2\/types\/post"}],"author":[{"embeddable":true,"href":"https:\/\/redsemlac.com\/semmexico\/wp-json\/wp\/v2\/users\/3"}],"replies":[{"embeddable":true,"href":"https:\/\/redsemlac.com\/semmexico\/wp-json\/wp\/v2\/comments?post=89211"}],"version-history":[{"count":0,"href":"https:\/\/redsemlac.com\/semmexico\/wp-json\/wp\/v2\/posts\/89211\/revisions"}],"wp:featuredmedia":[{"embeddable":true,"href":"https:\/\/redsemlac.com\/semmexico\/wp-json\/wp\/v2\/media\/89219"}],"wp:attachment":[{"href":"https:\/\/redsemlac.com\/semmexico\/wp-json\/wp\/v2\/media?parent=89211"}],"wp:term":[{"taxonomy":"category","embeddable":true,"href":"https:\/\/redsemlac.com\/semmexico\/wp-json\/wp\/v2\/categories?post=89211"},{"taxonomy":"post_tag","embeddable":true,"href":"https:\/\/redsemlac.com\/semmexico\/wp-json\/wp\/v2\/tags?post=89211"}],"curies":[{"name":"wp","href":"https:\/\/api.w.org\/{rel}","templated":true}]}}