{"id":89200,"date":"2024-11-07T10:03:50","date_gmt":"2024-11-07T16:03:50","guid":{"rendered":"https:\/\/redsemlac.com\/semmexico\/?p=89200"},"modified":"2024-11-07T10:38:08","modified_gmt":"2024-11-07T16:38:08","slug":"guarda-senado-minuto-de-silencio-mientras-hay-movilizaciones-por-las-dos-mujeres-de-la-comunidad-triqui-asesinadas-en-oaxaca","status":"publish","type":"post","link":"https:\/\/redsemlac.com\/semmexico\/guarda-senado-minuto-de-silencio-mientras-hay-movilizaciones-por-las-dos-mujeres-de-la-comunidad-triqui-asesinadas-en-oaxaca\/","title":{"rendered":"Guarda Senado minuto de silencio, mientras hay movilizaciones\u00a0 por las dos mujeres de la comunidad triqui asesinadas en Oaxaca"},"content":{"rendered":"\n<p class=\"wp-block-paragraph\">La senadora Luisa Cort\u00e9s pide a autoridades instalar mesas de di\u00e1logo para acabar con la violencia en esa regi\u00f3n<\/p>\n\n\n\n<p class=\"wp-block-paragraph\">&nbsp;Redacci\u00f3n<\/p>\n\n\n\n<p class=\"wp-block-paragraph\">SemM\u00e9xico, Cd. de M\u00e9xico, 7 de noviembre, 2024.- En la sesi\u00f3n de ayer , el Pleno del Senado de la Rep\u00fablica guard\u00f3 un minuto de silencio en memoria de Virginia y Adriana Ortiz Garc\u00eda, mujeres de la comunidad triqui asesinadas en la ciudad de Oaxaca.<\/p>\n\n\n\n<p class=\"wp-block-paragraph\">En tanto otras voces sociales e incluso en redes sociales la presidenta de la Rep\u00fablica Claudia Sheinbaum&nbsp; lamentaron este asesinato. Ayer bloqueos carreteros exigiendo justicia y, el Movimiento de Unificaci\u00f3n y Lucha Triqui (<strong>MULT<\/strong>), acusa la inacci\u00f3n del fiscal general de Oaxaca, Bernardo Rodr\u00edguez Alamilla, ante cr\u00edmenes previos en contra de sus militantes.<\/p>\n\n\n\n<p class=\"wp-block-paragraph\">Ayer mismo desde la una de la tarde, en una marcha mitin,&nbsp; frente a Secretar\u00eda de Gobernaci\u00f3n (SEGOB) MULT pidi\u00f3&nbsp; se frene la violencia que los grupos paramilitares ejercen contra las comunidades ind\u00edgenas triquis en el estado de Oaxaca.<\/p>\n\n\n\n<p class=\"wp-block-paragraph\"><strong>Senado y Amnist\u00eda lamentan estos hechos<\/strong><\/p>\n\n\n\n<p class=\"wp-block-paragraph\">Amnist\u00eda Internacional en un post conden\u00f3 en\u00e9rgicamente el asesinato de las defensoras triquis Adriana y Virginia Ortiz.<\/p>\n\n\n\n<p class=\"wp-block-paragraph\">&nbsp;Exigimos a la&nbsp; <a href=\"https:\/\/x.com\/FISCALIA_GobOax\">@FISCALIA_GobOax<\/a> una investigaci\u00f3n exhaustiva que considere su labor de defensa de <a href=\"https:\/\/x.com\/hashtag\/DDHH?src=hashtag_click\">#DDHH<\/a> y garantizar verdad, justicia y reparaci\u00f3n para sus familias.<\/p>\n\n\n\n<p class=\"wp-block-paragraph\"><strong>El presidente de la C\u00e1mara de Senadores, Gerardo Fern\u00e1ndez Noro\u00f1a, expres\u00f3 sus condolencias a los familiares de las v\u00edctimas<\/strong>.<\/p>\n\n\n\n<p class=\"wp-block-paragraph\">&nbsp;Luisa Cort\u00e9s Garc\u00eda, de Morena, dijo que estas dos mujeres eran integrantes del Movimiento de Unificaci\u00f3n y Lucha Triqui (MULT), y pidi\u00f3 la intervenci\u00f3n de las autoridades competentes con la finalidad de instalar mesas de di\u00e1logo, para acabar con la violencia que se presenta en esa regi\u00f3n.<\/p>\n\n\n\n<p class=\"wp-block-paragraph\"><strong>&nbsp;Integrantes de la organizaci\u00f3n particularmente acusan la inacci\u00f3n del fiscal general de Oaxaca, Bernardo Rodr\u00edguez Alamilla, ante cr\u00edmenes previos en contra de sus militantes<\/strong><\/p>\n\n\n\n<p class=\"wp-block-paragraph\"><img loading=\"lazy\" decoding=\"async\" alt=\"Un grupo de personas en un parque de diversiones\n\nDescripci\u00f3n generada autom\u00e1ticamente con confianza media\" src=\"https:\/\/lh7-rt.googleusercontent.com\/docsz\/AD_4nXfns_PSecqLY_iEbHIGC257rtFHzhQg20KInCcCbZm08DWMfjEPtsuUbCTA4xnd_2LDLUgmhsHnmYMchucL7ZpkmUfsOIMFHXIqOKM9qxTDQfNZgLduiJR7ILRoA52pKGELmRjwapl4aughow__C-nj46RTbFB-arop4yBcy3FkU262xWbHCc4?key=XfOXQg7IIQAJjlwWN91EON4t\" width=\"635\" height=\"391\">Foto: Humberto Gonz\u00e1lez<\/p>\n\n\n\n<p class=\"wp-block-paragraph\">Tras los&nbsp;&nbsp;<strong>feminicidios&nbsp;<\/strong>de Adriana y Virginia O. G.,&nbsp;<strong>mujeres ind\u00edgenas&nbsp;<\/strong>de la naci\u00f3n&nbsp;<strong>triqui&nbsp;<\/strong>de Oaxaca, el Movimiento de Unificaci\u00f3n y Lucha Triqui (<strong>MULT<\/strong>), organizaci\u00f3n pol\u00edtica y social en la que militaban, despleg\u00f3&nbsp;<strong>bloqueos carreteros&nbsp;<\/strong>indefinidamente en la regi\u00f3n Mixteca.<\/p>\n\n\n\n<p class=\"wp-block-paragraph\">\u201cJusticia para Adriana y Virginia\u201d, \u201cCastigo a los culpables\u201d, son algunas de las consignas de los&nbsp;<strong>manifestantes&nbsp;<\/strong>e integrantes de las familias de las mujeres as\u00ed como<strong>&nbsp;pobladores triquis<\/strong>&nbsp;tras el asesinato a balazos de ambas mujeres en la capital oaxaque\u00f1a.<\/p>\n\n\n\n<p class=\"wp-block-paragraph\">Los<strong>&nbsp;cierres carreteros<\/strong>&nbsp;iniciaron durante la ma\u00f1ana de este mi\u00e9rcoles en las entradas y salidas de Putla de Guerrero y Santiago Juxtlahuaca, municipios donde permanecen apostados los pobladores de la mayor\u00eda de las comunidades de la naci\u00f3n triqui baja. Esto, luego que fueran asesinadas las dos mujeres originaria de Rastrojo Copala.<\/p>\n\n\n\n<p class=\"wp-block-paragraph\">Los integrantes de la organizaci\u00f3n particularmente acusan la inacci\u00f3n del fiscal general de Oaxaca, Bernardo Rodr\u00edguez Alamilla, ante&nbsp;<strong>cr\u00edmenes&nbsp;<\/strong>previos en contra de sus militantes, \u201csi no pueden que renuncien, queremos justicia y castigo ejemplar contra los responsables\u201d, se\u00f1alan.&nbsp;<\/p>\n\n\n\n<p class=\"wp-block-paragraph\"><img loading=\"lazy\" decoding=\"async\" alt=\"Una multitud de gente\n\nDescripci\u00f3n generada autom\u00e1ticamente\" src=\"https:\/\/lh7-rt.googleusercontent.com\/docsz\/AD_4nXfY8DunmqqZAzBpYJQHN8-iJZlapXOO30xyMGSt8Xfj6XMb6SIadIT7-BzzyRIJQql2cHQlDisP2ia8i8k8_xwZZcsUICZUZrV30NhoMpCe9cyhwNijsGt2sBEmufXfTdFzlOe-xXglUGkX47ErUNz1PhbIjqzXCElfGEROK5tO8fhmAOHrsew?key=XfOXQg7IIQAJjlwWN91EON4t\" width=\"441\" height=\"248\">Foto: Humberto Gonz\u00e1lez<\/p>\n\n\n\n<p class=\"wp-block-paragraph\">Adem\u00e1s, emplazaron a la<strong>&nbsp;Fiscal\u00eda General del Estado de Oaxaca<\/strong>&nbsp;(FGEO)&nbsp;a que se ejecuten las \u00f3rdenes de aprehensi\u00f3n en contra de quienes consideran los autores directos e intelectuales.<\/p>\n\n\n\n<p class=\"wp-block-paragraph\">Por su parte, la FGEO inform\u00f3 que investiga \u201ccon perspectiva de g\u00e9nero e interculturalidad\u201d el asesinato de ambas mujeres. Tras estos hechos violentos, tambi\u00e9n integrantes de otras agrupaciobes como el Movimiento de Unificaci\u00f3n y Lucha Triqui Indipendiente (<strong>MULTI<\/strong>), se han sumado a la exigencia para que la FGEO esclarezca los&nbsp;<strong>feminicidios<\/strong>.<\/p>\n\n\n\n<p class=\"wp-block-paragraph\"><img loading=\"lazy\" decoding=\"async\" alt=\"Un grupo de personas en medio de una multitud de gente\n\nDescripci\u00f3n generada autom\u00e1ticamente\" src=\"https:\/\/lh7-rt.googleusercontent.com\/docsz\/AD_4nXegi-GyY7Z1kFPMDJlh6OSgoXa_wrMMIyyxiKLJ3u9ZHsvN8FwWWGwoDodx9GL--2tl2fmgrohn6e8WUFUmUWKCy0Ot4te-FDgDfxX6KpFEqNQ3faaat-icQJ-IEGxZDHCQ0fW7LsGdY8py2OnGOrNtBEh525tkIvi6FLRAEOIVTd_7-I0neOI?key=XfOXQg7IIQAJjlwWN91EON4t\" width=\"441\" height=\"331\">Foto: Humberto Gonz\u00e1lez<\/p>\n\n\n\n<p class=\"wp-block-paragraph\">\u00abA la Fiscal\u00eda General del Estado de Oaxaca le exigimos una investigaci\u00f3n imparcial, exhaustiva y libre de presiones pol\u00edticas\u00bb, indicaron, despu\u00e9s de ser se\u00f1alados por integrantes del MULT, organizaci\u00f3n pol\u00edtica y social antag\u00f3nica, de ser los autores intelectuales.<\/p>\n","protected":false},"excerpt":{"rendered":"<p>La senadora Luisa Cort\u00e9s pide a autoridades instalar mesas de di\u00e1logo para acabar con la violencia en esa regi\u00f3n &nbsp;Redacci\u00f3n SemM\u00e9xico, Cd. de M\u00e9xico, 7 de noviembre, 2024.- En la sesi\u00f3n de ayer , el Pleno del Senado de la Rep\u00fablica guard\u00f3 un minuto de silencio en memoria de Virginia y Adriana Ortiz Garc\u00eda, mujeres [&hellip;]<\/p>\n","protected":false},"author":3,"featured_media":89201,"comment_status":"open","ping_status":"open","sticky":false,"template":"","format":"standard","meta":{"_monsterinsights_skip_tracking":false,"footnotes":""},"categories":[50],"tags":[],"class_list":["post-89200","post","type-post","status-publish","format-standard","has-post-thumbnail","category-congreso"],"_links":{"self":[{"href":"https:\/\/redsemlac.com\/semmexico\/wp-json\/wp\/v2\/posts\/89200","targetHints":{"allow":["GET"]}}],"collection":[{"href":"https:\/\/redsemlac.com\/semmexico\/wp-json\/wp\/v2\/posts"}],"about":[{"href":"https:\/\/redsemlac.com\/semmexico\/wp-json\/wp\/v2\/types\/post"}],"author":[{"embeddable":true,"href":"https:\/\/redsemlac.com\/semmexico\/wp-json\/wp\/v2\/users\/3"}],"replies":[{"embeddable":true,"href":"https:\/\/redsemlac.com\/semmexico\/wp-json\/wp\/v2\/comments?post=89200"}],"version-history":[{"count":0,"href":"https:\/\/redsemlac.com\/semmexico\/wp-json\/wp\/v2\/posts\/89200\/revisions"}],"wp:featuredmedia":[{"embeddable":true,"href":"https:\/\/redsemlac.com\/semmexico\/wp-json\/wp\/v2\/media\/89201"}],"wp:attachment":[{"href":"https:\/\/redsemlac.com\/semmexico\/wp-json\/wp\/v2\/media?parent=89200"}],"wp:term":[{"taxonomy":"category","embeddable":true,"href":"https:\/\/redsemlac.com\/semmexico\/wp-json\/wp\/v2\/categories?post=89200"},{"taxonomy":"post_tag","embeddable":true,"href":"https:\/\/redsemlac.com\/semmexico\/wp-json\/wp\/v2\/tags?post=89200"}],"curies":[{"name":"wp","href":"https:\/\/api.w.org\/{rel}","templated":true}]}}