{"id":89192,"date":"2024-11-07T09:45:28","date_gmt":"2024-11-07T15:45:28","guid":{"rendered":"https:\/\/redsemlac.com\/semmexico\/?p=89192"},"modified":"2024-11-07T09:58:00","modified_gmt":"2024-11-07T15:58:00","slug":"el-inbal-realizara-seis-conciertos-en-el-marco-del-dia-internacional-de-la-eliminacion-de-la-violencia-contra-la-mujer","status":"publish","type":"post","link":"https:\/\/redsemlac.com\/semmexico\/el-inbal-realizara-seis-conciertos-en-el-marco-del-dia-internacional-de-la-eliminacion-de-la-violencia-contra-la-mujer\/","title":{"rendered":"El INBAL realizar\u00e1 seis conciertos en el marco del D\u00eda Internacional de la Eliminaci\u00f3n de la Violencia contra la Mujer"},"content":{"rendered":"\n<p class=\"wp-block-paragraph\">Se escuchar\u00e1n obras de las compositoras Guadalupe Olmedo, Gabriela Ortiz, Mar\u00eda Luisa Sol\u00f3rzano, Nadia Elizabeth Hern\u00e1ndez Garc\u00eda, Leticia Cuen y Luz Arcelia Su\u00e1rez<\/p>\n\n\n\n<p class=\"wp-block-paragraph\">&nbsp;&nbsp;En la Sala&nbsp;<em>Manuel M. Ponce<\/em>&nbsp;del Palacio de Bellas Artes y el Sal\u00f3n de Recepciones del Museo Nacional de Arte<\/p>\n\n\n\n<p class=\"wp-block-paragraph\">&nbsp;Redacci\u00f3n<\/p>\n\n\n\n<p class=\"wp-block-paragraph\">Para sumarse a las actividades del 25 de noviembre, inicio de la campa\u00f1a de 16 d\u00edas, , autoridades&nbsp; se suman a las actividades para conmemorar el &nbsp;D\u00eda Internacional para la Eliminaci\u00f3n de la Violencia contra las Mujeres realizando seis conciertos que se llevar\u00e1n a cabo en el Sal\u00f3n de Recepciones del Museo Nacional de Arte (Munal) y la Sala&nbsp;<em>Manuel M. Ponce<\/em>&nbsp;del Palacio de Bellas Artes.<\/p>\n\n\n\n<p class=\"wp-block-paragraph\">As\u00ed lo dieron a conocer la Secretar\u00eda de Cultura del Gobierno de M\u00e9xico y el Instituto Nacional de Bellas Artes y Literatura (INBAL), a trav\u00e9s de la Coordinaci\u00f3n Nacional de M\u00fasica y \u00d3pera<\/p>\n\n\n\n<p class=\"wp-block-paragraph\">&nbsp;Considerando que la mujer forma parte de la creaci\u00f3n art\u00edstica y haciendo \u00e9nfasis en que debe vivir libre de violencia, M\u00fasica INBAL ha preparado una serie de seis conciertos en torno a mujeres, como int\u00e9rpretes, creadoras y protagonistas de las historias. &nbsp;<\/p>\n\n\n\n<p class=\"wp-block-paragraph\">El primer concierto ser\u00e1 el domingo 10 a las 11:30 h en el Sal\u00f3n de Recepciones del Munal y estar\u00e1 a cargo del Cuarteto de Cuerdas de Bellas Artes, quienes presentar\u00e1n el programa&nbsp;<em>Grandes compositoras mexicanas<\/em>, que incluye el&nbsp;<em>Quartetto studio classico, Op. 14<\/em>, compuesto en 1875 por Guadalupe Olmedo, cuando ten\u00eda 19 a\u00f1os y considerado por algunos el cuarteto mexicano m\u00e1s antiguo que se conserva, y&nbsp;<em>Altar de muertos<\/em>, obra de Gabriela Ortiz, miembro de El Colegio Nacional y ganadora de la Medalla Bellas Artes en 2022.<\/p>\n\n\n\n<p class=\"wp-block-paragraph\">El mismo d\u00eda a las 18:00 h, en la Sala&nbsp;<em>Manuel M. Ponce<\/em>&nbsp;del Palacio de Bellas Artes, tendr\u00e1 lugar el concierto&nbsp;<em>M\u00fasica latinoamericana de compositoras del siglo XX y XXI<\/em>, donde los pianistas Gabriela Rivera Loza y Adri\u00e1n Vel\u00e1zquez Castro interpretar\u00e1n obras de las compositoras mexicanas Nathalie Guti\u00e9rrez, Marta Garc\u00eda-Renart, Claudia Herrer\u00edas, Leticia Armijo, as\u00ed como de Roc\u00edo Sanz, de Costa Rica, y Alicia Terzian, de Argentina.&nbsp;<\/p>\n\n\n\n<p class=\"wp-block-paragraph\">El viernes 15 a las 18:00 h en la Sala&nbsp;<em>Manuel M. Ponce<\/em>, el sexteto vocal femenino T\u00faumben Paax, cuyo nombre significa \u201cM\u00fasica nueva\u201d en maya, presentar\u00e1 el concierto&nbsp;<em>Entre la permanencia y la fugacidad<\/em>, que incluye las obras&nbsp;<em>Gayatri Mantra<\/em>, de Marjan Sijanec;&nbsp;<em>\u00c1rboles<\/em>, de Nubia Jaime DonJuan;<em>&nbsp;O Salutaris Hostia<\/em>, de Eriks Esenvalds;&nbsp;<em>Mar de arena<\/em>, de Jean Angelus Pichardo, y&nbsp;<em>Tierra de ma\u00edz<\/em>, de Diana Syrse.&nbsp;<\/p>\n\n\n\n<p class=\"wp-block-paragraph\">Al siguiente d\u00eda, s\u00e1bado 16 a las 18:00 h en el mismo recinto, el Coro de Mujeres de los Pueblos Ind\u00edgenas de M\u00e9xico, Yolotli, bajo la direcci\u00f3n de Leticia Armijo, presentar\u00e1 el concierto&nbsp;<em>\u00c1ngeles alados<\/em>, con obras basadas en cantos tradicionales en lenguas originarias, como el n\u00e1huatl, seri, triqui, mayo, akawa\u00b4\u00e1la\/pai, tzotzil y kumiai-kiliwa.&nbsp;<\/p>\n\n\n\n<p class=\"wp-block-paragraph\">Continuar\u00e1 el domingo 17 a las 11:30 h en el Sal\u00f3n de Recepciones del Munal con el programa&nbsp;<em>El poder de la Juana de Arco<\/em>, un proyecto oper\u00edstico que rinde homenaje a esta figura hist\u00f3rica a trav\u00e9s de una serie de arias de \u00f3pera para soprano y piano, interpretadas por Emma Melik y Mario Alberto Hern\u00e1ndez.&nbsp;<\/p>\n\n\n\n<p class=\"wp-block-paragraph\">A lo largo de la historia, las voces y las vidas de mujeres notables han sido subrepresentadas en la \u00f3pera y la m\u00fasica cl\u00e1sica y este proyecto busca corregir este desequilibrio al centrarse en protagonistas femeninas de la historia y la literatura.&nbsp;<\/p>\n\n\n\n<p class=\"wp-block-paragraph\">Para finalizar, el s\u00e1bado 23, tambi\u00e9n a las 11:30 h en el Sal\u00f3n de Recepciones, YORU Ensamble de Flautas presentar\u00e1 el concierto interdisciplinario&nbsp;<em>Po\u00e9tica 2024<\/em>, con obras de las compositoras mexicanas Mar\u00eda Luisa Sol\u00f3rzano, Nadia Elizabeth Hern\u00e1ndez Garc\u00eda, Leticia Cuen y Luz Arcelia Su\u00e1rez Ram\u00edrez, acompa\u00f1ada de poes\u00eda de las autoras B\u00e1rbara Oaxaca, Kary Cerda, Val\u00e9rie Rouzeau y Rosario Castellanos.&nbsp;<\/p>\n\n\n\n<p class=\"wp-block-paragraph\">Los conciertos en el Sal\u00f3n de Recepciones ser\u00e1n de entrada libre, con cupo limitado a 100 personas; los conciertos en la Sala&nbsp;<em>Manuel M. Ponce<\/em>&nbsp;del Palacio de Bellas Artes tendr\u00e1n costo de $20 y los boletos se podr\u00e1n adquirir en taquillas o a trav\u00e9s de Ticketmaster. Para m\u00e1s informaci\u00f3n se pueden consultar la p\u00e1gina y las redes sociales de la Coordinaci\u00f3n Nacional de M\u00fasica y \u00d3pera del INBAL.&nbsp;<\/p>\n\n\n\n<p class=\"wp-block-paragraph\">Como cada a\u00f1o, el 25 de noviembre se conmemora el&nbsp;D\u00eda Internacional para la Eliminaci\u00f3n de la Violencia contra las Mujeres. Esta fecha tiene como fin prevenir y eliminar la violencia contra las mujeres y las ni\u00f1as en todo el mundo.<\/p>\n\n\n\n<p class=\"wp-block-paragraph\">Se recuerda que el 25 de noviembre de 1960,&nbsp;las hermanas Mirabal fueron brutalmente asesinadas por ser mujeres y activistas. Su \u00fanico crimen fue haber luchado por sus derechos contra el dictador dominicano Rafael Le\u00f3nidas Trujillo (1930-1961).<\/p>\n\n\n\n<p class=\"wp-block-paragraph\">Este 25 de noviembre, como cada a\u00f1o marca el comienzo de la&nbsp;<a href=\"https:\/\/www.unwomen.org\/es\/what-we-do\/ending-violence-against-women\/unite\"><em>Campa\u00f1a \u00danete<\/em><\/a><em>&nbsp;<\/em>de la ONU,&nbsp;<a href=\"https:\/\/www.unwomen.org\/es\/what-we-do\/ending-violence-against-women\/unite\/16-days-of-activism\">16 d\u00edas de activismo<\/a>&nbsp;(25 nov-10 dic) que concluyen coincidiendo con el&nbsp;<a href=\"https:\/\/www.un.org\/es\/observances\/human-rights-day\">D\u00eda Internacional de los Derechos Humanos<\/a>.<\/p>\n\n\n\n<p class=\"wp-block-paragraph\">Esta campa\u00f1a tiene por&nbsp; objetivo de movilizar a todos los miembros de&nbsp;la sociedad para que se conviertan en activistas,&nbsp;se solidaricen con las defensoras de los derechos de las mujeres y apoyen a los movimientos feministas del planeta para evitar el retroceso de los derechos de las mujeres y conseguir un mundo libre de violencia de g\u00e9nero.&nbsp;<\/p>\n","protected":false},"excerpt":{"rendered":"<p>Se escuchar\u00e1n obras de las compositoras Guadalupe Olmedo, Gabriela Ortiz, Mar\u00eda Luisa Sol\u00f3rzano, Nadia Elizabeth Hern\u00e1ndez Garc\u00eda, Leticia Cuen y Luz Arcelia Su\u00e1rez &nbsp;&nbsp;En la Sala&nbsp;Manuel M. Ponce&nbsp;del Palacio de Bellas Artes y el Sal\u00f3n de Recepciones del Museo Nacional de Arte &nbsp;Redacci\u00f3n Para sumarse a las actividades del 25 de noviembre, inicio de la [&hellip;]<\/p>\n","protected":false},"author":3,"featured_media":89193,"comment_status":"open","ping_status":"open","sticky":false,"template":"","format":"standard","meta":{"_monsterinsights_skip_tracking":false,"footnotes":""},"categories":[897],"tags":[],"class_list":["post-89192","post","type-post","status-publish","format-standard","has-post-thumbnail","category-especial"],"_links":{"self":[{"href":"https:\/\/redsemlac.com\/semmexico\/wp-json\/wp\/v2\/posts\/89192","targetHints":{"allow":["GET"]}}],"collection":[{"href":"https:\/\/redsemlac.com\/semmexico\/wp-json\/wp\/v2\/posts"}],"about":[{"href":"https:\/\/redsemlac.com\/semmexico\/wp-json\/wp\/v2\/types\/post"}],"author":[{"embeddable":true,"href":"https:\/\/redsemlac.com\/semmexico\/wp-json\/wp\/v2\/users\/3"}],"replies":[{"embeddable":true,"href":"https:\/\/redsemlac.com\/semmexico\/wp-json\/wp\/v2\/comments?post=89192"}],"version-history":[{"count":0,"href":"https:\/\/redsemlac.com\/semmexico\/wp-json\/wp\/v2\/posts\/89192\/revisions"}],"wp:featuredmedia":[{"embeddable":true,"href":"https:\/\/redsemlac.com\/semmexico\/wp-json\/wp\/v2\/media\/89193"}],"wp:attachment":[{"href":"https:\/\/redsemlac.com\/semmexico\/wp-json\/wp\/v2\/media?parent=89192"}],"wp:term":[{"taxonomy":"category","embeddable":true,"href":"https:\/\/redsemlac.com\/semmexico\/wp-json\/wp\/v2\/categories?post=89192"},{"taxonomy":"post_tag","embeddable":true,"href":"https:\/\/redsemlac.com\/semmexico\/wp-json\/wp\/v2\/tags?post=89192"}],"curies":[{"name":"wp","href":"https:\/\/api.w.org\/{rel}","templated":true}]}}