{"id":89187,"date":"2024-11-07T09:37:32","date_gmt":"2024-11-07T15:37:32","guid":{"rendered":"https:\/\/redsemlac.com\/semmexico\/?p=89187"},"modified":"2024-11-07T09:37:48","modified_gmt":"2024-11-07T15:37:48","slug":"perla-olivia-rodriguez-resendiz-asumio-la-direccion-del-iibi-consolidara-su-liderazgo-en-investigacion-docencia-y-formacion-profesional","status":"publish","type":"post","link":"https:\/\/redsemlac.com\/semmexico\/perla-olivia-rodriguez-resendiz-asumio-la-direccion-del-iibi-consolidara-su-liderazgo-en-investigacion-docencia-y-formacion-profesional\/","title":{"rendered":"Perla Olivia Rodr\u00edguez Res\u00e9ndiz asumi\u00f3 la direcci\u00f3n del IIBI; consolidar\u00e1 su liderazgo en investigaci\u00f3n, docencia y formaci\u00f3n profesional"},"content":{"rendered":"\n<p class=\"wp-block-paragraph\">Es necesario impulsar nuevos abordajes de investigaci\u00f3n acorde con los cambios tecnol\u00f3gicos, como la inteligencia artificial, se\u00f1al\u00f3 Miguel Armando L\u00f3pez Leyva<\/p>\n\n\n\n<p class=\"wp-block-paragraph\">Redacci\u00f3n&nbsp;<\/p>\n\n\n\n<p class=\"wp-block-paragraph\">SemM\u00e9xico, Cd. de M\u00e9xico, 7 de noviembre, 2024.-Con la visi\u00f3n de que el Instituto de Investigaciones Bibliotecol\u00f3gicas y de la Informaci\u00f3n (IIBI) se distinguir\u00e1 por ofrecer soluciones te\u00f3ricas y aplicadas a los problemas sociales apremiantes relacionados con la creaci\u00f3n, distribuci\u00f3n, preservaci\u00f3n y acceso a la informaci\u00f3n, Perla Olivia Rodr\u00edguez Res\u00e9ndiz asumi\u00f3 la direcci\u00f3n de esa entidad acad\u00e9mica para el periodo 2024-2028.&nbsp;<\/p>\n\n\n\n<p class=\"wp-block-paragraph\">El coordinador de Humanidades de la UNAM, Miguel Armando L\u00f3pez Leyva, le dio posesi\u00f3n del cargo ante la comunidad del IIBI, en el auditorio Mario de la Cueva.&nbsp;<\/p>\n\n\n\n<p class=\"wp-block-paragraph\">El doctor en Ciencias Sociales precis\u00f3 que el Instituto, as\u00ed como otras instancias universitarias, tiene retos importantes como promover mayor vida colegiada e incentivar la colaboraci\u00f3n acad\u00e9mica; impulsar l\u00edneas de investigaci\u00f3n con nuevos abordajes de los proyectos existentes, especialmente para estar abiertos a otras oportunidades de trabajo con otras comunidades acad\u00e9micas nacionales e internacionales.&nbsp;<\/p>\n\n\n\n<p class=\"wp-block-paragraph\">L\u00f3pez Leyva agreg\u00f3: Otro reto es promover, sobre todo, nuevos abordajes de investigaci\u00f3n acorde con los cambios tecnol\u00f3gicos que han impactado en la disciplina, por supuesto las actuales tecnolog\u00edas de informaci\u00f3n y comunicaci\u00f3n, al igual que la trascendencia que tiene la inteligencia artificial.&nbsp;<\/p>\n\n\n\n<p class=\"wp-block-paragraph\">Asimismo, reconoci\u00f3 la labor realizada por Georgina Araceli Torres Vargas, quien estuvo al frente del IIBI por ocho a\u00f1os.&nbsp;<\/p>\n\n\n\n<p class=\"wp-block-paragraph\">Al hacer uso de la palabra, Rodr\u00edguez Res\u00e9ndiz destac\u00f3 que en el contexto actual desarrollar investigaci\u00f3n es desafiante y representa una oportunidad \u00fanica de ensanchar la presencia de la Bibliotecolog\u00eda y los estudios de la informaci\u00f3n.&nbsp;<\/p>\n\n\n\n<p class=\"wp-block-paragraph\">La tambi\u00e9n ganadora del reconocimiento Sor Juana In\u00e9s de la Cruz 2019 coment\u00f3: Me siento honrada y feliz de asumir la direcci\u00f3n del Instituto para que entre todas y todos, durante los pr\u00f3ximos a\u00f1os, el IIBI consolide su liderazgo en materia de investigaci\u00f3n, docencia y formaci\u00f3n profesional de bibliotec\u00f3logos y profesionales de la informaci\u00f3n, as\u00ed como en la divulgaci\u00f3n cient\u00edfica.&nbsp;<\/p>\n\n\n\n<p class=\"wp-block-paragraph\">Asegur\u00f3 que el Instituto se distinguir\u00e1 por ofrecer soluciones te\u00f3ricas y aplicadas a los problemas sociales m\u00e1s apremiantes relacionados con la creaci\u00f3n, distribuci\u00f3n, preservaci\u00f3n y acceso a la informaci\u00f3n; adem\u00e1s de ser un nodo clave del Subsistema de Humanidades en la colaboraci\u00f3n cient\u00edfica nacional e internacional, a trav\u00e9s de seminarios y redes de investigaci\u00f3n.&nbsp;<\/p>\n\n\n\n<p class=\"wp-block-paragraph\">Esta visi\u00f3n, a\u00f1adi\u00f3 la comunic\u00f3loga, ser\u00e1 construida solo con la participaci\u00f3n de la comunidad del Instituto, a trav\u00e9s de un trabajo colegiado e inclusivo, donde todas las voces est\u00e9n representadas.&nbsp;<\/p>\n\n\n\n<p class=\"wp-block-paragraph\"><strong>Trayectoria<\/strong>&nbsp;<\/p>\n\n\n\n<p class=\"wp-block-paragraph\">Perla Olivia Rodr\u00edguez Res\u00e9ndiz es doctora en Ciencias de la Documentaci\u00f3n por la Universidad Complutense de Madrid, e ingres\u00f3 en 2013 al IIBI, donde hoy es investigadora titular \u201cB\u201d, de tiempo completo. Pertenece al Sistema Nacional de Investigadoras e Investigadores en el nivel II, y se especializa en estudios en torno a la preservaci\u00f3n digital sonora en M\u00e9xico.&nbsp;<\/p>\n\n\n\n<p class=\"wp-block-paragraph\">Fund\u00f3, con el auspicio del Programa Iberoamericano de Ciencia y Tecnolog\u00eda para el Desarrollo, la Red Iberoamericana de Preservaci\u00f3n Digital de Archivos Sonoros y Audiovisuales; a partir de 2021 coordina el Seminario de Investigaci\u00f3n de Estudios de Informaci\u00f3n Sonora del IIBI; y ha establecido acuerdos de colaboraci\u00f3n para la creaci\u00f3n del Observatorio de Archivos Sonoros y Audiovisuales de Iberoam\u00e9rica, con el soporte del Laboratorio Internacional de Tecnolog\u00eda e Investigaci\u00f3n Espacial del Instituto de Geograf\u00eda de la UNAM.&nbsp;<\/p>\n\n\n\n<p class=\"wp-block-paragraph\">Cre\u00f3 el Archivo Digital Sonoro de los Pueblos Originarios de M\u00e9xico y el repositorio para la preservaci\u00f3n de las colecciones&nbsp;<em>web&nbsp;<\/em>y de redes sociales sobre COVID 19 en M\u00e9xico.&nbsp;&nbsp;<\/p>\n\n\n\n<p class=\"wp-block-paragraph\">De sus publicaciones destacan los vol\u00famenes&nbsp;<em>Preservaci\u00f3n digital sustentable de archivos sonoros<\/em>&nbsp;(2016),&nbsp;<em>Estado de la preservaci\u00f3n digital en los archivos sonoros y audiovisuales de Iberoam\u00e9rica<\/em>&nbsp;(2020) y&nbsp;<em>Preservaci\u00f3n digital de contenidos publicados en la web y las redes sociales<\/em>&nbsp;(2023).<strong>&nbsp;<\/strong><\/p>\n","protected":false},"excerpt":{"rendered":"<p>Es necesario impulsar nuevos abordajes de investigaci\u00f3n acorde con los cambios tecnol\u00f3gicos, como la inteligencia artificial, se\u00f1al\u00f3 Miguel Armando L\u00f3pez Leyva Redacci\u00f3n&nbsp; SemM\u00e9xico, Cd. de M\u00e9xico, 7 de noviembre, 2024.-Con la visi\u00f3n de que el Instituto de Investigaciones Bibliotecol\u00f3gicas y de la Informaci\u00f3n (IIBI) se distinguir\u00e1 por ofrecer soluciones te\u00f3ricas y aplicadas a los problemas [&hellip;]<\/p>\n","protected":false},"author":3,"featured_media":89188,"comment_status":"open","ping_status":"open","sticky":false,"template":"","format":"standard","meta":{"_monsterinsights_skip_tracking":false,"footnotes":""},"categories":[748],"tags":[],"class_list":["post-89187","post","type-post","status-publish","format-standard","has-post-thumbnail","category-cultura-feminista"],"_links":{"self":[{"href":"https:\/\/redsemlac.com\/semmexico\/wp-json\/wp\/v2\/posts\/89187","targetHints":{"allow":["GET"]}}],"collection":[{"href":"https:\/\/redsemlac.com\/semmexico\/wp-json\/wp\/v2\/posts"}],"about":[{"href":"https:\/\/redsemlac.com\/semmexico\/wp-json\/wp\/v2\/types\/post"}],"author":[{"embeddable":true,"href":"https:\/\/redsemlac.com\/semmexico\/wp-json\/wp\/v2\/users\/3"}],"replies":[{"embeddable":true,"href":"https:\/\/redsemlac.com\/semmexico\/wp-json\/wp\/v2\/comments?post=89187"}],"version-history":[{"count":0,"href":"https:\/\/redsemlac.com\/semmexico\/wp-json\/wp\/v2\/posts\/89187\/revisions"}],"wp:featuredmedia":[{"embeddable":true,"href":"https:\/\/redsemlac.com\/semmexico\/wp-json\/wp\/v2\/media\/89188"}],"wp:attachment":[{"href":"https:\/\/redsemlac.com\/semmexico\/wp-json\/wp\/v2\/media?parent=89187"}],"wp:term":[{"taxonomy":"category","embeddable":true,"href":"https:\/\/redsemlac.com\/semmexico\/wp-json\/wp\/v2\/categories?post=89187"},{"taxonomy":"post_tag","embeddable":true,"href":"https:\/\/redsemlac.com\/semmexico\/wp-json\/wp\/v2\/tags?post=89187"}],"curies":[{"name":"wp","href":"https:\/\/api.w.org\/{rel}","templated":true}]}}