{"id":89168,"date":"2024-11-06T10:28:24","date_gmt":"2024-11-06T16:28:24","guid":{"rendered":"https:\/\/redsemlac.com\/semmexico\/?p=89168"},"modified":"2024-11-06T10:28:25","modified_gmt":"2024-11-06T16:28:25","slug":"mirada-violeta-responsabilidad-de-los-medios-de-comunicacion-ante-la-violencia-vicaria","status":"publish","type":"post","link":"https:\/\/redsemlac.com\/semmexico\/mirada-violeta-responsabilidad-de-los-medios-de-comunicacion-ante-la-violencia-vicaria\/","title":{"rendered":"Mirada Violeta | \u00a0Responsabilidad de los medios de comunicaci\u00f3n ante la Violencia Vicaria"},"content":{"rendered":"\n<p class=\"wp-block-paragraph\"><\/p>\n\n\n\n<p class=\"wp-block-paragraph\">Guadalupe Ramos Ponce<\/p>\n\n\n\n<p class=\"wp-block-paragraph\">SemM\u00e9xico, Guadalajara, Jalisco, 6 de noviembre, 2024.- La Rectora del Centro Universitario de Tlajomulco de la Universidad de Guadalajara, Leticia Leal Moya denunci\u00f3 p\u00fablicamente hace algunos d\u00edas que vive violencia vicaria por parte de su ex pareja Nauhcatzin Bravo Aguilar, quien actualmente labora como profesor en el Centro Universitario de Ciencias Econ\u00f3mico Administrativas (CUCEA).<\/p>\n\n\n\n<p class=\"wp-block-paragraph\">En apoyo a la Rectora, m\u00e1s de tres mil firmas se sumaron a una serie de exigencias para el cese de la violencia contra ella y su hijo a quien se le impide la convivencia con su madre.<\/p>\n\n\n\n<p class=\"wp-block-paragraph\">&nbsp;Como respuesta a estas acciones, el se\u00f1or Nauhcatzin decidi\u00f3 convocar a rueda de prensa en donde expuso a su hijo de 15 a\u00f1os a los medios de comunicaci\u00f3n para evidenciar seg\u00fan \u00e9l, que su hijo no quiere ver a su mam\u00e1, que su mam\u00e1 es una mujer mala y perversa que ha violentado a su hijo y que la autorizaci\u00f3n de mostrar la cara, la voz de un menor de edad es del propio menor, de su padre y de su abogado.&nbsp;<\/p>\n\n\n\n<p class=\"wp-block-paragraph\">Y los medios de comunicaci\u00f3n, incluidos la prensa, radio, televisi\u00f3n y medios digitales; ni tardos ni perezosos difundieron la imagen del ni\u00f1o, su voz, sus declaraciones, sin ning\u00fan pudor y sin cuidado alguno.<\/p>\n\n\n\n<p class=\"wp-block-paragraph\">En minutos, su rostro se compart\u00eda en redes sociales a partir de las publicaciones de los diversos medios informativos. Las im\u00e1genes inclu\u00edan su voz, su rostro, su nombre y por supuesto y c\u00f3mo no, las declaraciones de un chico afectado por la disputa en la que se encuentra inmerso. El rostro del pap\u00e1 es imperdible, satisfecho de llevar al testigo estrella que corrobora sus dichos y sit\u00faa a la madre en la posici\u00f3n de la bruja perversa a la que hay que linchar porque cometi\u00f3 el peor de los abusos sobre su hijo, incluyendo la violencia sexual.<\/p>\n\n\n\n<p class=\"wp-block-paragraph\">De acuerdo a las autoras espa\u00f1olas Isabel Tajahuerce y Magdalena Su\u00e1rez, la violencia vicaria es aquella que tiene como objetivo da\u00f1ar a la mujer a trav\u00e9s de sus seres queridos y especialmente de sus hijas e hijos. El padre ejerce violencias directas o indirectas contra sus hijos e hijas a quienes convierte en un campo de batalla.&nbsp;<\/p>\n\n\n\n<p class=\"wp-block-paragraph\">El \u00e1nimo de causar da\u00f1o a su pareja o expareja a toda costa supera cualquier afecto que pueda sentir por ellas\/os. El inter\u00e9s superior de las ni\u00f1eces y adolescencias se subsumen ante el inter\u00e9s de causar el mayor da\u00f1o posible a la madre de \u00e9stos.<\/p>\n\n\n\n<p class=\"wp-block-paragraph\">Hay otras formas de generar un da\u00f1o permanente, por lo que es habitual la manipulaci\u00f3n de hijas o hijos para que se pongan en contra de la madre o incluso la agredan. Esas hijas e hijos sufren un da\u00f1o irreparable y son tambi\u00e9n v\u00edctimas de violencia de g\u00e9nero. El objetivo es el control y el dominio sobre la mujer, en un alarde m\u00e1ximo de posesi\u00f3n en una relaci\u00f3n de poder que se sustenta en la<br>desigualdad.<\/p>\n\n\n\n<p class=\"wp-block-paragraph\">La violencia vicaria cuenta con la complicidad de una sociedad que cuestiona permanentemente a las mujeres, que las priva de autoridad y pone en duda su palabra. Las mujeres suelen intentar que su voz se oiga en el colegio de esas hijas o hijos, entre las amistades, en la propia familia, en los juzgados, pero los imaginarios del \u201cbuen padre\u201d y la \u201cmala madre\u201d se imponen. Se prefiere escuchar<br>al var\u00f3n y apoyar al hombre que juega a ser v\u00edctima, que a esas mujeres que, desesperadas, intentan hacer o\u00edr su voz para evitar que el padre haga da\u00f1o a sus hijas o hijos.<\/p>\n\n\n\n<p class=\"wp-block-paragraph\">La violencia vicaria es violencia de g\u00e9nero. Se sustituye a la persona en la acci\u00f3n directa f\u00edsica o psicol\u00f3gica de la violencia para causar un da\u00f1o mayor y permanente a la mujer. El objetivo es la mujer. La ejercen siempre hombres contra mujeres.<\/p>\n\n\n\n<p class=\"wp-block-paragraph\">\u00bfPor qu\u00e9 se llama violencia vicaria? Porque se sustituye a una persona por otra para ejercer la acci\u00f3n, en este caso a las hijas o los hijos a quienes se utiliza para destruir la vida de la madre. Cuando un hombre amenaza a una mujer con quitarle a sus hijas o hijos est\u00e1 dando signos claros de violencia vicaria.<\/p>\n\n\n\n<p class=\"wp-block-paragraph\">&nbsp;Las amenazas a las mujeres con sus hijas o hijos deben hacer saltar todas las alarmas. La protecci\u00f3n a las v\u00edctimas de violencia de g\u00e9nero es esencial, reconociendo que un maltratador nunca puede ser un buen padre.<\/p>\n\n\n\n<p class=\"wp-block-paragraph\">Los medios de comunicaci\u00f3n tienen la obligaci\u00f3n de prepararse para el abordaje adecuado de estas violencias. Entender que la violencia vicaria, es una forma de violencia machista en la que los hijos e hijas de las mujeres v\u00edctimas de violencia de g\u00e9nero son utilizados por el maltratador para hacer da\u00f1o a la madre.<\/p>\n\n\n\n<p class=\"wp-block-paragraph\">&nbsp;Por eso es importante que los medios de comunicaci\u00f3n se informen, se preparen en derechos humanos y sobre todo en \u00e9tica period\u00edstica para que las coberturas de casos de este tipo de violencia se realicen con un enfoque de g\u00e9nero y de derechos humanos. Los medios de comunicaci\u00f3n tienen adem\u00e1s una responsabilidad social para no replicar y reproducir la violencia de g\u00e9nero y mucho menos ser parte c\u00f3mplice de la misma.<\/p>\n\n\n\n<p class=\"wp-block-paragraph\">&nbsp;En el caso reciente de la exposici\u00f3n medi\u00e1tica que hizo Nauhcatzin Bravo Aguilar de su menor hijo, no solo tiene responsabilidad \u00e9l en la violencia vicaria ejercida p\u00fablicamente y en directo en rueda de prensa, sino tambi\u00e9n los medios de comunicaci\u00f3n que reproducen notas informativas sin \u00e9tica period\u00edstica y sin enfoque de g\u00e9nero y de derechos humanos.<\/p>\n\n\n\n<p class=\"wp-block-paragraph\">Coordinadora de CLADEM en M\u00e9xico<br>Profesora Investigadora de la UdeG.<br>@dralupitaramosp<\/p>\n","protected":false},"excerpt":{"rendered":"<p>Guadalupe Ramos Ponce SemM\u00e9xico, Guadalajara, Jalisco, 6 de noviembre, 2024.- La Rectora del Centro Universitario de Tlajomulco de la Universidad de Guadalajara, Leticia Leal Moya denunci\u00f3 p\u00fablicamente hace algunos d\u00edas que vive violencia vicaria por parte de su ex pareja Nauhcatzin Bravo Aguilar, quien actualmente labora como profesor en el Centro Universitario de Ciencias Econ\u00f3mico [&hellip;]<\/p>\n","protected":false},"author":3,"featured_media":22937,"comment_status":"open","ping_status":"open","sticky":false,"template":"","format":"standard","meta":{"_monsterinsights_skip_tracking":false,"footnotes":""},"categories":[91,35],"tags":[],"class_list":["post-89168","post","type-post","status-publish","format-standard","has-post-thumbnail","category-lupita-ramos-ponce","category-opinion"],"_links":{"self":[{"href":"https:\/\/redsemlac.com\/semmexico\/wp-json\/wp\/v2\/posts\/89168","targetHints":{"allow":["GET"]}}],"collection":[{"href":"https:\/\/redsemlac.com\/semmexico\/wp-json\/wp\/v2\/posts"}],"about":[{"href":"https:\/\/redsemlac.com\/semmexico\/wp-json\/wp\/v2\/types\/post"}],"author":[{"embeddable":true,"href":"https:\/\/redsemlac.com\/semmexico\/wp-json\/wp\/v2\/users\/3"}],"replies":[{"embeddable":true,"href":"https:\/\/redsemlac.com\/semmexico\/wp-json\/wp\/v2\/comments?post=89168"}],"version-history":[{"count":0,"href":"https:\/\/redsemlac.com\/semmexico\/wp-json\/wp\/v2\/posts\/89168\/revisions"}],"wp:featuredmedia":[{"embeddable":true,"href":"https:\/\/redsemlac.com\/semmexico\/wp-json\/wp\/v2\/media\/22937"}],"wp:attachment":[{"href":"https:\/\/redsemlac.com\/semmexico\/wp-json\/wp\/v2\/media?parent=89168"}],"wp:term":[{"taxonomy":"category","embeddable":true,"href":"https:\/\/redsemlac.com\/semmexico\/wp-json\/wp\/v2\/categories?post=89168"},{"taxonomy":"post_tag","embeddable":true,"href":"https:\/\/redsemlac.com\/semmexico\/wp-json\/wp\/v2\/tags?post=89168"}],"curies":[{"name":"wp","href":"https:\/\/api.w.org\/{rel}","templated":true}]}}