{"id":89165,"date":"2024-11-06T10:25:00","date_gmt":"2024-11-06T16:25:00","guid":{"rendered":"https:\/\/redsemlac.com\/semmexico\/?p=89165"},"modified":"2024-11-06T10:25:01","modified_gmt":"2024-11-06T16:25:01","slug":"senado-decide-este-miercoles-si-rosario-piedra-ibarra-avanza-en-la-terna-para-la-cndh","status":"publish","type":"post","link":"https:\/\/redsemlac.com\/semmexico\/senado-decide-este-miercoles-si-rosario-piedra-ibarra-avanza-en-la-terna-para-la-cndh\/","title":{"rendered":"Senado decide este mi\u00e9rcoles si Rosario Piedra Ibarra avanza en la terna para la CNDH\u00a0"},"content":{"rendered":"\n<p class=\"wp-block-paragraph\">Rosario Piedra Ibarra, actual titular de la CNDH. Foto: Mois\u00e9s Pablo Nava \/ Cuartoscuro.com<\/p>\n\n\n\n<p class=\"wp-block-paragraph\">Paulina Hern\u00e1ndez Diz, exvisitadora de la CNDH y Nashieli Ram\u00edrez Hern\u00e1ndez, actual presidenta de la Comisi\u00f3n de Derechos Humanos de la Ciudad de M\u00e9xico fueron propuestas por el Senado para presidir la comisi\u00f3n<\/p>\n\n\n\n<p class=\"wp-block-paragraph\">Rafael Ram\u00edrez&nbsp;<\/p>\n\n\n\n<p class=\"wp-block-paragraph\">SemM\u00e9xico\/ El Sol de M\u00e9xico, 6 de noviembre, 2024.- El&nbsp;Senado&nbsp;de la Rep\u00fablica tiene&nbsp;lista&nbsp;la&nbsp;terna&nbsp;para&nbsp;elegir&nbsp;a&nbsp;qui\u00e9n&nbsp;presidir\u00e1&nbsp;la<a href=\"https:\/\/www.elsoldemexico.com.mx\/mexico\/concluye-segundo-dia-de-comparecencias-para-elegir-titular-de-la-cndh-12771255.html\">&nbsp;Comisi\u00f3n Nacional de los Derechos Humanos<\/a>&nbsp;(CNDH) en el periodo 2024-2029.<\/p>\n\n\n\n<p class=\"wp-block-paragraph\">Entre los&nbsp;nombres propuestos&nbsp;en el&nbsp;predictamen&nbsp;que circula entre los legisladores de las comisiones unidas de Justicia y Derechos Humanos, destaca el de&nbsp;Mar\u00eda del Rosario Piedra Ibarra, actual presidenta, quien&nbsp;podr\u00eda ser&nbsp;ratificada&nbsp;en el cargo y extender su&nbsp;mandato&nbsp;por&nbsp;otros cinco a\u00f1os.<\/p>\n\n\n\n<p class=\"wp-block-paragraph\">La&nbsp;posible reelecci\u00f3n de Piedra Ibarra&nbsp;ha generado&nbsp;cr\u00edticas&nbsp;y&nbsp;cuestionamientos, convirtiendo la votaci\u00f3n de ma\u00f1ana en un momento clave para definir el rumbo de la instituci\u00f3n.<\/p>\n\n\n\n<p class=\"wp-block-paragraph\">Su&nbsp;gesti\u00f3n&nbsp;ha sido&nbsp;controversial, principalmente por una aparente&nbsp;falta de independencia y su cercan\u00eda con el gobierno.&nbsp;Adem\u00e1s, se le acusa de ser&nbsp;omisa&nbsp;en&nbsp;temas cr\u00edticos&nbsp;para los derechos humanos en M\u00e9xico, como la&nbsp;militarizaci\u00f3n del pa\u00eds&nbsp;y los&nbsp;abusos&nbsp;a&nbsp;migrantes. En su reciente comparecencia, Piedra Ibarra tambi\u00e9n propuso la&nbsp;desaparici\u00f3n de la CNDH&nbsp;para crear un nuevo&nbsp;organismo&nbsp;denominado \u201cDefensor\u00eda de los Derechos del Pueblo\u201d.<\/p>\n\n\n\n<p class=\"wp-block-paragraph\"><strong>\u00bfQui\u00e9nes son las candidatas a la presidencia de la CNDH?<\/strong><\/p>\n\n\n\n<p class=\"wp-block-paragraph\">Adem\u00e1s de Piedra Ibarra, las&nbsp;Comisiones Unidas de Derechos Humanos y de Justicia&nbsp;han propuesto a otros dos perfiles para ocupar la&nbsp;presidencia&nbsp;de la&nbsp;CNDH:<\/p>\n\n\n\n<ul class=\"wp-block-list\">\n<li>Paulina Hern\u00e1ndez Diz<\/li>\n<\/ul>\n\n\n\n<p class=\"wp-block-paragraph\">Paulina Hern\u00e1ndez Diz es&nbsp;licenciada en Derecho y ex visitadora adjunta en Jalisco.&nbsp;Propone&nbsp;fortalecer&nbsp;la&nbsp;autonom\u00eda&nbsp;de la&nbsp;CNDH&nbsp;y&nbsp;expandir&nbsp;sus&nbsp;servicios&nbsp;a&nbsp;comunidades vulnerables. Adem\u00e1s, promete un&nbsp;sistema efectivo de seguimiento de recomendaciones&nbsp;y una&nbsp;estructura descentralizada&nbsp;para atender a v\u00edctimas en todo el pa\u00eds.<\/p>\n\n\n\n<ul class=\"wp-block-list\">\n<li>Nashieli Ram\u00edrez Hern\u00e1ndez<\/li>\n<\/ul>\n\n\n\n<p class=\"wp-block-paragraph\">Nashieli Ram\u00edrez Hern\u00e1ndez es la&nbsp;actual presidenta de la Comisi\u00f3n de Derechos Humanos de la Ciudad de M\u00e9xico, apuesta por un&nbsp;enfoque&nbsp;restaurativo que&nbsp;involucre&nbsp;a las&nbsp;v\u00edctimas en el proceso de justicia,&nbsp;as\u00ed como una mayor proximidad territorial de la CNDH. Su propuesta incluye una&nbsp;colaboraci\u00f3n amplia con instituciones nacionales e internacionales.<\/p>\n\n\n\n<p class=\"wp-block-paragraph\"><strong>La reelecci\u00f3n o cambio en la CNDH<\/strong><\/p>\n\n\n\n<p class=\"wp-block-paragraph\">La&nbsp;votaci\u00f3n&nbsp;del Senado ser\u00e1&nbsp;decisiva&nbsp;para el&nbsp;futuro de la CNDH, que&nbsp;enfrentar\u00e1 grandes retos en derechos humanos&nbsp;en los pr\u00f3ximos a\u00f1os. Si se confirma la reelecci\u00f3n de Piedra Ibarra,&nbsp;su mandato buscar\u00e1 consolidar los cambios iniciados, mientras que una&nbsp;nueva titularidad&nbsp;podr\u00eda representar un&nbsp;giro en la estrategia de defensa&nbsp;de los derechos humanos en M\u00e9xico.<\/p>\n\n\n\n<p class=\"wp-block-paragraph\">Con los reflectores sobre la posibilidad de continuidad de Piedra Ibarra, el&nbsp;Senado definir\u00e1 ma\u00f1ana el perfil&nbsp;que encabezar\u00e1 la&nbsp;CNDH&nbsp;en un periodo crucial para los derechos humanos en el pa\u00eds.<\/p>\n\n\n\n<p class=\"wp-block-paragraph\">De acuerdo con lo estipulado, el&nbsp;8 de noviembre se dar\u00eda la elecci\u00f3n en el Pleno&nbsp;de la pr\u00f3xima&nbsp;ombudsperson&nbsp;de M\u00e9xico.<\/p>\n","protected":false},"excerpt":{"rendered":"<p>Rosario Piedra Ibarra, actual titular de la CNDH. Foto: Mois\u00e9s Pablo Nava \/ Cuartoscuro.com Paulina Hern\u00e1ndez Diz, exvisitadora de la CNDH y Nashieli Ram\u00edrez Hern\u00e1ndez, actual presidenta de la Comisi\u00f3n de Derechos Humanos de la Ciudad de M\u00e9xico fueron propuestas por el Senado para presidir la comisi\u00f3n Rafael Ram\u00edrez&nbsp; SemM\u00e9xico\/ El Sol de M\u00e9xico, 6 [&hellip;]<\/p>\n","protected":false},"author":3,"featured_media":89166,"comment_status":"open","ping_status":"open","sticky":false,"template":"","format":"standard","meta":{"_monsterinsights_skip_tracking":false,"footnotes":""},"categories":[694,682],"tags":[],"class_list":["post-89165","post","type-post","status-publish","format-standard","has-post-thumbnail","category-destacadas","category-noticias"],"_links":{"self":[{"href":"https:\/\/redsemlac.com\/semmexico\/wp-json\/wp\/v2\/posts\/89165","targetHints":{"allow":["GET"]}}],"collection":[{"href":"https:\/\/redsemlac.com\/semmexico\/wp-json\/wp\/v2\/posts"}],"about":[{"href":"https:\/\/redsemlac.com\/semmexico\/wp-json\/wp\/v2\/types\/post"}],"author":[{"embeddable":true,"href":"https:\/\/redsemlac.com\/semmexico\/wp-json\/wp\/v2\/users\/3"}],"replies":[{"embeddable":true,"href":"https:\/\/redsemlac.com\/semmexico\/wp-json\/wp\/v2\/comments?post=89165"}],"version-history":[{"count":0,"href":"https:\/\/redsemlac.com\/semmexico\/wp-json\/wp\/v2\/posts\/89165\/revisions"}],"wp:featuredmedia":[{"embeddable":true,"href":"https:\/\/redsemlac.com\/semmexico\/wp-json\/wp\/v2\/media\/89166"}],"wp:attachment":[{"href":"https:\/\/redsemlac.com\/semmexico\/wp-json\/wp\/v2\/media?parent=89165"}],"wp:term":[{"taxonomy":"category","embeddable":true,"href":"https:\/\/redsemlac.com\/semmexico\/wp-json\/wp\/v2\/categories?post=89165"},{"taxonomy":"post_tag","embeddable":true,"href":"https:\/\/redsemlac.com\/semmexico\/wp-json\/wp\/v2\/tags?post=89165"}],"curies":[{"name":"wp","href":"https:\/\/api.w.org\/{rel}","templated":true}]}}