{"id":89112,"date":"2024-11-05T21:06:26","date_gmt":"2024-11-06T03:06:26","guid":{"rendered":"https:\/\/redsemlac.com\/semmexico\/?p=89112"},"modified":"2024-11-05T21:06:27","modified_gmt":"2024-11-06T03:06:27","slug":"en-oaxaca-205-victimas-de-feminicidio-desde-que-inicio-el-gobierno-salomon-jara","status":"publish","type":"post","link":"https:\/\/redsemlac.com\/semmexico\/en-oaxaca-205-victimas-de-feminicidio-desde-que-inicio-el-gobierno-salomon-jara\/","title":{"rendered":"En Oaxaca 205 v\u00edctimas de feminicidio desde que inici\u00f3 el gobierno Salom\u00f3n Jara"},"content":{"rendered":"\n<ul class=\"wp-block-list\">\n<li>Dan \u00faltimo adi\u00f3s a Vianey, enfermera de Oaxaca, su familia clasificaci\u00f3n del caso como feminicidio<\/li>\n<\/ul>\n\n\n\n<ul class=\"wp-block-list\">\n<li>Fiscal\u00eda de la entidad considera que solo el 14.1 % de 92 asesinatos violentos ocurridos en 2024, son feminicidios<\/li>\n<\/ul>\n\n\n\n<p class=\"wp-block-paragraph\">Citlalli L\u00f3pez Vel\u00e1zquez&nbsp;<\/p>\n\n\n\n<p class=\"wp-block-paragraph\">SemM\u00e9xico, Oaxaca, 5 de noviembre, 2024.- En tanto se realizaba una misa para dar el \u00faltimo adi\u00f3s a Judith Vianney Toledo Santos, cuyo cuerpo fue localizado la madrugada del pasado domingo, la Fiscal\u00eda General de Justicia de Oaxaca dio a conocer un nuevo caso de desaparici\u00f3n y feminicidio cometido contra Soledad Cruz Gonz\u00e1lez, con lo que suman 205 el n\u00famero de muertes violentas de mujeres en lo que va de la administraci\u00f3n del gobernador Salom\u00f3n Jara Cruz que inici\u00f3 el 1 de diciembre de 2022.<\/p>\n\n\n\n<p class=\"wp-block-paragraph\">Las estad\u00edsticas de muertes violentas de mujeres de Consorcio Oaxaca no concuerdan con las cifras que este lunes dio a conocer el fiscal Bernardo Rodr\u00edguez Alamilla, quien sostuvo en la conferencia de prensa del Ejecutivo, que este a\u00f1o han sido clasificados 13 casos como feminicidios, lo que representa apenas un 14.1 por ciento de los 92 casos de muertes violentas que contiene la plataforma de feminicidios de la organizaci\u00f3n feminista en este 2024, todo este en la v\u00edspera del d\u00eda por la Erradicaci\u00f3n del Feminicidio y la Desaparici\u00f3n de mujeres que se conmemora este mi\u00e9rcoles 6 de noviembre.<\/p>\n\n\n\n<figure class=\"wp-block-image size-full\"><a href=\"https:\/\/redsemlac.com\/semmexico\/wp-content\/uploads\/2024\/11\/soledad-ok.jpg\"><img loading=\"lazy\" decoding=\"async\" width=\"526\" height=\"865\" src=\"https:\/\/redsemlac.com\/semmexico\/wp-content\/uploads\/2024\/11\/soledad-ok.jpg\" alt=\"\" class=\"wp-image-89114\" srcset=\"https:\/\/redsemlac.com\/semmexico\/wp-content\/uploads\/2024\/11\/soledad-ok.jpg 526w, https:\/\/redsemlac.com\/semmexico\/wp-content\/uploads\/2024\/11\/soledad-ok-182x300.jpg 182w, https:\/\/redsemlac.com\/semmexico\/wp-content\/uploads\/2024\/11\/soledad-ok-150x247.jpg 150w, https:\/\/redsemlac.com\/semmexico\/wp-content\/uploads\/2024\/11\/soledad-ok-300x493.jpg 300w\" sizes=\"auto, (max-width: 526px) 100vw, 526px\" \/><\/a><\/figure>\n\n\n\n<p class=\"wp-block-paragraph\">En ese sentido, la exigencia de la familia de Judith Vianney, quien estuvo desaparecida ente el 22 de octubre y el domingo 3 de noviembre, cuando su cuerpo fue localizado en la municipalidad de Santa Cruz Xoxocotl\u00e1n, hecho por el cual fue detenido V\u00edctor N compa\u00f1ero de trabajo de Judith Vianney enfermera del hospital regional del ISSSTE, Presidente Ju\u00e1rez de la capital oaxaque\u00f1a.<\/p>\n\n\n\n<p class=\"wp-block-paragraph\">En rueda de prensa realizada previamente a las exequias de Judith Vianney, su mam\u00e1 Judith Santos y otras integrantes de su familia demandaron que las actuaciones tanto de la Fiscal\u00eda como del Tribunal Superior de Justicia se realicen desde la perspectiva de g\u00e9nero y que reconozcan los elementos necesarios para calificar este crimen como feminicidio.<\/p>\n\n\n\n<p class=\"wp-block-paragraph\">\u201cRe\u00fane todos los elementos de lo que le hizo a mi sobrina como para que se quede nada m\u00e1s como desaparici\u00f3n forzada. Le pido encarecidamente que re\u00fana todos los elementos necesarios para que esta persona se castigue y formemos en nuestro estado un precedente, que ninguna otra mujer pase por lo que pas\u00f3 mi sobrina. Nadie merece lo que est\u00e1 pasando en el estado\u201d, se\u00f1al\u00f3 Mayra Santos, t\u00eda de Vianney.<\/p>\n\n\n\n<p class=\"wp-block-paragraph\">Vianney desapareci\u00f3 el 22 de octubre despu\u00e9s de culminar su jornada laboral. Durante la conferencia del pasado lunes, el Fiscal de Oaxaca, Bernardo Rodr\u00edguez Alamilla mostr\u00f3 im\u00e1genes captadas por las c\u00e1maras de videovigilancia del C4 en las que se observa que V\u00edctor N, tambi\u00e9n enfermero del ISSSTE le da un raite a Vianney.<\/p>\n\n\n\n<figure class=\"wp-block-image size-large\"><a href=\"https:\/\/redsemlac.com\/semmexico\/wp-content\/uploads\/2024\/11\/WhatsApp-Image-2024-11-05-at-5.05.45-PM.jpeg\"><img loading=\"lazy\" decoding=\"async\" width=\"1024\" height=\"576\" src=\"https:\/\/redsemlac.com\/semmexico\/wp-content\/uploads\/2024\/11\/WhatsApp-Image-2024-11-05-at-5.05.45-PM-1024x576.jpeg\" alt=\"\" class=\"wp-image-89115\" srcset=\"https:\/\/redsemlac.com\/semmexico\/wp-content\/uploads\/2024\/11\/WhatsApp-Image-2024-11-05-at-5.05.45-PM-1024x576.jpeg 1024w, https:\/\/redsemlac.com\/semmexico\/wp-content\/uploads\/2024\/11\/WhatsApp-Image-2024-11-05-at-5.05.45-PM-300x169.jpeg 300w, https:\/\/redsemlac.com\/semmexico\/wp-content\/uploads\/2024\/11\/WhatsApp-Image-2024-11-05-at-5.05.45-PM-768x432.jpeg 768w, https:\/\/redsemlac.com\/semmexico\/wp-content\/uploads\/2024\/11\/WhatsApp-Image-2024-11-05-at-5.05.45-PM-1536x864.jpeg 1536w, https:\/\/redsemlac.com\/semmexico\/wp-content\/uploads\/2024\/11\/WhatsApp-Image-2024-11-05-at-5.05.45-PM-150x84.jpeg 150w, https:\/\/redsemlac.com\/semmexico\/wp-content\/uploads\/2024\/11\/WhatsApp-Image-2024-11-05-at-5.05.45-PM-696x392.jpeg 696w, https:\/\/redsemlac.com\/semmexico\/wp-content\/uploads\/2024\/11\/WhatsApp-Image-2024-11-05-at-5.05.45-PM-1068x601.jpeg 1068w, https:\/\/redsemlac.com\/semmexico\/wp-content\/uploads\/2024\/11\/WhatsApp-Image-2024-11-05-at-5.05.45-PM.jpeg 1600w\" sizes=\"auto, (max-width: 1024px) 100vw, 1024px\" \/><\/a><\/figure>\n\n\n\n<p class=\"wp-block-paragraph\">El seguimiento que lograron a trav\u00e9s de la telefon\u00eda de Vianney como del compa\u00f1ero de trabajo es que se desplazaron a Huayapam y despu\u00e9s hacia Santa Cruz Xoxocotl\u00e1n. Durante las indagatorias V\u00edctor N neg\u00f3 haber tenido contacto con Vianney, pero a trav\u00e9s de los fotogramas se detect\u00f3 el veh\u00edculo de su propiedad. M\u00e1s tarde reconoci\u00f3 haber estado con ella y que la joven hab\u00eda sufrido una ca\u00edda que le provoc\u00f3 la muerte.<\/p>\n\n\n\n<p class=\"wp-block-paragraph\">Mayra Santos indic\u00f3 que una sentencia menor a la de feminicidio o permitir que V\u00edctor N. quede libre es dejar un peligro para la sociedad. \u201cMi sobrina no merec\u00eda lo que le hijo, tampoco que otra persona enfrente lo mismo (\u2026) es un peligro para nuestra sociedad y esto debe terminar\u201d, se\u00f1al\u00f3.<\/p>\n\n\n\n<p class=\"wp-block-paragraph\">De la misma manera hizo un llamado a la ciudadan\u00eda a no hacer publicaciones que revictimicen a Vianney o a su familia. \u201cEstamos muy conmocionados, dejaron a una madre sin sus hijas, a una familia devastada, ya no va a ser lo mismo por el acontecimiento sucedido\u201d.<\/p>\n\n\n\n<p class=\"wp-block-paragraph\">Mayra se\u00f1al\u00f3 que el imputado, despu\u00e9s de cometido el delito sigui\u00f3 yendo al hospital a trabajar de manera norma.<\/p>\n\n\n\n<p class=\"wp-block-paragraph\">Antes de la misa, familiares y amistades de Vianney llegaron al atrio de la iglesia de Xochimilco con pancartas en las que exigen justicia.<\/p>\n\n\n\n<p class=\"wp-block-paragraph\">Por otra parte, la Fiscal\u00eda de Oaxaca indic\u00f3 que fue detenido A.A.V. presunto responsable del delito de feminicidio cometido contra Soledad C.G., hecho que se investiga de manera estricta bajo el Protocolo de Investigaci\u00f3n Ministerial, Policial y Pericial del Delito de Feminicidio, vigente en la entidad.&nbsp;<\/p>\n\n\n\n<p class=\"wp-block-paragraph\">En un comunicado la Fiscal\u00eda se\u00f1ala que recibi\u00f3 la denuncia sobre la No Localizaci\u00f3n de la v\u00edctima, una joven de 20 a\u00f1os, el 1 de noviembre de 2024 en San Juan Bautista Tuxtepec, en la regi\u00f3n de la Cuenca del Papaloapan.<\/p>\n\n\n\n<p class=\"wp-block-paragraph\">SEM\/cl\/sj<\/p>\n","protected":false},"excerpt":{"rendered":"<p>Citlalli L\u00f3pez Vel\u00e1zquez&nbsp; SemM\u00e9xico, Oaxaca, 5 de noviembre, 2024.- En tanto se realizaba una misa para dar el \u00faltimo adi\u00f3s a Judith Vianney Toledo Santos, cuyo cuerpo fue localizado la madrugada del pasado domingo, la Fiscal\u00eda General de Justicia de Oaxaca dio a conocer un nuevo caso de desaparici\u00f3n y feminicidio cometido contra Soledad Cruz [&hellip;]<\/p>\n","protected":false},"author":3,"featured_media":89113,"comment_status":"open","ping_status":"open","sticky":false,"template":"","format":"standard","meta":{"_monsterinsights_skip_tracking":false,"footnotes":""},"categories":[694,48],"tags":[],"class_list":["post-89112","post","type-post","status-publish","format-standard","has-post-thumbnail","category-destacadas","category-no-mas-impunidad-no-mas-impunidad"],"_links":{"self":[{"href":"https:\/\/redsemlac.com\/semmexico\/wp-json\/wp\/v2\/posts\/89112","targetHints":{"allow":["GET"]}}],"collection":[{"href":"https:\/\/redsemlac.com\/semmexico\/wp-json\/wp\/v2\/posts"}],"about":[{"href":"https:\/\/redsemlac.com\/semmexico\/wp-json\/wp\/v2\/types\/post"}],"author":[{"embeddable":true,"href":"https:\/\/redsemlac.com\/semmexico\/wp-json\/wp\/v2\/users\/3"}],"replies":[{"embeddable":true,"href":"https:\/\/redsemlac.com\/semmexico\/wp-json\/wp\/v2\/comments?post=89112"}],"version-history":[{"count":0,"href":"https:\/\/redsemlac.com\/semmexico\/wp-json\/wp\/v2\/posts\/89112\/revisions"}],"wp:featuredmedia":[{"embeddable":true,"href":"https:\/\/redsemlac.com\/semmexico\/wp-json\/wp\/v2\/media\/89113"}],"wp:attachment":[{"href":"https:\/\/redsemlac.com\/semmexico\/wp-json\/wp\/v2\/media?parent=89112"}],"wp:term":[{"taxonomy":"category","embeddable":true,"href":"https:\/\/redsemlac.com\/semmexico\/wp-json\/wp\/v2\/categories?post=89112"},{"taxonomy":"post_tag","embeddable":true,"href":"https:\/\/redsemlac.com\/semmexico\/wp-json\/wp\/v2\/tags?post=89112"}],"curies":[{"name":"wp","href":"https:\/\/api.w.org\/{rel}","templated":true}]}}