{"id":89007,"date":"2024-11-04T17:05:06","date_gmt":"2024-11-04T23:05:06","guid":{"rendered":"https:\/\/redsemlac.com\/semmexico\/?p=89007"},"modified":"2024-11-04T17:05:15","modified_gmt":"2024-11-04T23:05:15","slug":"balacean-domicilio-de-familia-de-irinea-buendia-cortez-poniendola-en-peligro","status":"publish","type":"post","link":"https:\/\/redsemlac.com\/semmexico\/balacean-domicilio-de-familia-de-irinea-buendia-cortez-poniendola-en-peligro\/","title":{"rendered":"Balacean domicilio de familia de Irinea Buend\u00eda Cortez poni\u00e9ndola en peligro"},"content":{"rendered":"\n<p class=\"wp-block-paragraph\">La defensora de Derechos Humanos exige&nbsp; una inmediata investigaci\u00f3n al gobierno del Estado de M\u00e9xico &nbsp;sobre los hechos<\/p>\n\n\n\n<p class=\"wp-block-paragraph\">&nbsp;Denuncia que la dejaron sin medidas de&nbsp; protecci\u00f3n, y las autoridades callan,&nbsp; no&nbsp; explican<\/p>\n\n\n\n<p class=\"wp-block-paragraph\">Redacci\u00f3n<\/p>\n\n\n\n<p class=\"wp-block-paragraph\">SemM\u00e9xico, Ciudad de M\u00e9xico, 4 de noviembre,&nbsp; 2024.- La madrugada de ayer, a las afueras del domicilio de la familia de Irinea Buend\u00eda Cortez, se registraron diversas detonaciones de arma de fuego, en un claro acto de intimidaci\u00f3n en contra de la familia de la defensora de derechos humanos.<\/p>\n\n\n\n<p class=\"wp-block-paragraph\">La defensora de Derechos Humanos&nbsp; solicita a las autoridades del Gobierno del Estado de M\u00e9xico una investigaci\u00f3n exhaustiva, completa e imparcial para dar con los responsables de esta agresi\u00f3n contra su familia y solicita redoblar la seguridad, ante el temor fundado de que se consumen estos actos de intimidaci\u00f3n, cada vez m\u00e1s frecuentes.<\/p>\n\n\n\n<p class=\"wp-block-paragraph\">Cabe se\u00f1alar que a la hora de registrarse estos hechos no estaban presentes los elementos de seguridad que recientemente se le reintegr\u00f3 a la familia, ya que sin motivo alguno se los hab\u00edan retirado hace algunos d\u00edas, coloc\u00e1ndola a ella y su familia en un condici\u00f3n de extrema vulnerabilidad.<\/p>\n\n\n\n<p class=\"wp-block-paragraph\">Como es de su conocimiento, Irinea Buend\u00eda Cortez adem\u00e1s de llevar el caso de su hija Mariana Lima Buend\u00eda, de la que consigui\u00f3 una sentencia de 70 a\u00f1os contra el feminicida -quien sigue buscando revertir esa condena-, acompa\u00f1a a otras v\u00edctimas de feminicidio, por lo que el riesgo es real y permanente.<\/p>\n\n\n\n<p class=\"wp-block-paragraph\">Solicitamos su urgente difusi\u00f3n para que se atienda este caso y se le proporcione a la familia Lima Buend\u00eda seguridad y protecci\u00f3n.<\/p>\n\n\n\n<p class=\"wp-block-paragraph\"><strong>Contacto:<\/strong><\/p>\n","protected":false},"excerpt":{"rendered":"<p>La defensora de Derechos Humanos exige&nbsp; una inmediata investigaci\u00f3n al gobierno del Estado de M\u00e9xico &nbsp;sobre los hechos &nbsp;Denuncia que la dejaron sin medidas de&nbsp; protecci\u00f3n, y las autoridades callan,&nbsp; no&nbsp; explican Redacci\u00f3n SemM\u00e9xico, Ciudad de M\u00e9xico, 4 de noviembre,&nbsp; 2024.- La madrugada de ayer, a las afueras del domicilio de la familia de Irinea [&hellip;]<\/p>\n","protected":false},"author":3,"featured_media":89008,"comment_status":"open","ping_status":"open","sticky":false,"template":"","format":"standard","meta":{"_monsterinsights_skip_tracking":false,"footnotes":""},"categories":[694,48],"tags":[],"class_list":["post-89007","post","type-post","status-publish","format-standard","has-post-thumbnail","category-destacadas","category-no-mas-impunidad-no-mas-impunidad"],"_links":{"self":[{"href":"https:\/\/redsemlac.com\/semmexico\/wp-json\/wp\/v2\/posts\/89007","targetHints":{"allow":["GET"]}}],"collection":[{"href":"https:\/\/redsemlac.com\/semmexico\/wp-json\/wp\/v2\/posts"}],"about":[{"href":"https:\/\/redsemlac.com\/semmexico\/wp-json\/wp\/v2\/types\/post"}],"author":[{"embeddable":true,"href":"https:\/\/redsemlac.com\/semmexico\/wp-json\/wp\/v2\/users\/3"}],"replies":[{"embeddable":true,"href":"https:\/\/redsemlac.com\/semmexico\/wp-json\/wp\/v2\/comments?post=89007"}],"version-history":[{"count":0,"href":"https:\/\/redsemlac.com\/semmexico\/wp-json\/wp\/v2\/posts\/89007\/revisions"}],"wp:featuredmedia":[{"embeddable":true,"href":"https:\/\/redsemlac.com\/semmexico\/wp-json\/wp\/v2\/media\/89008"}],"wp:attachment":[{"href":"https:\/\/redsemlac.com\/semmexico\/wp-json\/wp\/v2\/media?parent=89007"}],"wp:term":[{"taxonomy":"category","embeddable":true,"href":"https:\/\/redsemlac.com\/semmexico\/wp-json\/wp\/v2\/categories?post=89007"},{"taxonomy":"post_tag","embeddable":true,"href":"https:\/\/redsemlac.com\/semmexico\/wp-json\/wp\/v2\/tags?post=89007"}],"curies":[{"name":"wp","href":"https:\/\/api.w.org\/{rel}","templated":true}]}}