{"id":88928,"date":"2024-11-03T13:54:01","date_gmt":"2024-11-03T19:54:01","guid":{"rendered":"https:\/\/redsemlac.com\/semmexico\/?p=88928"},"modified":"2024-11-03T13:54:59","modified_gmt":"2024-11-03T19:54:59","slug":"encuentran-sin-vida-a-enfermera-desaparecida-en-oaxaca-hay-un-detenido","status":"publish","type":"post","link":"https:\/\/redsemlac.com\/semmexico\/encuentran-sin-vida-a-enfermera-desaparecida-en-oaxaca-hay-un-detenido\/","title":{"rendered":"Encuentran sin vida a enfermera desaparecida en Oaxaca, hay un detenido"},"content":{"rendered":"\n<ul class=\"wp-block-list\">\n<li>Judith Vianney Toledo Santos era enfermera del hospital del ISSSTE en la ciudad de Oaxaca<\/li>\n\n\n\n<li>Estaba desaparecida desde el 21 de octubre pasado<\/li>\n<\/ul>\n\n\n\n<p class=\"wp-block-paragraph\">Redacci\u00f3n<\/p>\n\n\n\n<p class=\"wp-block-paragraph\">SemM\u00e9xico, Oaxaca, 3 de noviembre, 2024.- La detenci\u00f3n de una persona con las iniciales V.A.C. y el hallazgo de los restos humanos de Judith Vianney Toledo Santos, quien fue reportada como desaparecida desde el 21 de octubre pasado, fue confirmada por la Fiscal\u00eda General del Estado de Oaxaca.<\/p>\n\n\n\n<figure class=\"wp-block-image size-large is-resized\"><a href=\"https:\/\/redsemlac.com\/semmexico\/wp-content\/uploads\/2024\/11\/Vianey.jpg\"><img loading=\"lazy\" decoding=\"async\" width=\"622\" height=\"1024\" src=\"https:\/\/redsemlac.com\/semmexico\/wp-content\/uploads\/2024\/11\/Vianey-622x1024.jpg\" alt=\"\" class=\"wp-image-88930\" style=\"width:511px;height:auto\" srcset=\"https:\/\/redsemlac.com\/semmexico\/wp-content\/uploads\/2024\/11\/Vianey-622x1024.jpg 622w, https:\/\/redsemlac.com\/semmexico\/wp-content\/uploads\/2024\/11\/Vianey-182x300.jpg 182w, https:\/\/redsemlac.com\/semmexico\/wp-content\/uploads\/2024\/11\/Vianey-768x1265.jpg 768w, https:\/\/redsemlac.com\/semmexico\/wp-content\/uploads\/2024\/11\/Vianey-932x1536.jpg 932w, https:\/\/redsemlac.com\/semmexico\/wp-content\/uploads\/2024\/11\/Vianey-150x247.jpg 150w, https:\/\/redsemlac.com\/semmexico\/wp-content\/uploads\/2024\/11\/Vianey-300x494.jpg 300w, https:\/\/redsemlac.com\/semmexico\/wp-content\/uploads\/2024\/11\/Vianey-696x1146.jpg 696w, https:\/\/redsemlac.com\/semmexico\/wp-content\/uploads\/2024\/11\/Vianey-1068x1759.jpg 1068w, https:\/\/redsemlac.com\/semmexico\/wp-content\/uploads\/2024\/11\/Vianey.jpg 1080w\" sizes=\"auto, (max-width: 622px) 100vw, 622px\" \/><\/a><\/figure>\n\n\n\n<p class=\"wp-block-paragraph\">La noticia trascendi\u00f3 esta ma\u00f1ana y hasta hace unos minutos la Fiscal\u00eda dio a conocer un comunicado oficial en el que se\u00f1ala que el 2 de noviembre, un equipo multidisciplinario acudi\u00f3 a un domicilio localizado en calles de la Primer Ampliaci\u00f3n, en el municipio de Santa Cruz Xoxocotl\u00e1n, conurbado a la capital oaxaque\u00f1a, donde se llevaron a cabo los trabajos ministeriales y periciales correspondientes.<\/p>\n\n\n\n<p class=\"wp-block-paragraph\">En lugar, peritos en diferentes materias encontraron el cuerpo sin vida de la v\u00edctima que hab\u00eda sido inhumado en el sitio antes mencionado, presumiblemente con la intenci\u00f3n de ocultar el delito.<\/p>\n\n\n\n<p class=\"wp-block-paragraph\">El cuerpo de Judith Vianney fue trasladado al anfiteatro para realizar la necropsia por la cual se estableci\u00f3 que la v\u00edctima falleci\u00f3 por asfixia por sofocaci\u00f3n, resultados que se integran a la carpeta de investigaci\u00f3n por el caso.<\/p>\n\n\n\n<figure class=\"wp-block-image size-full is-resized\"><a href=\"https:\/\/redsemlac.com\/semmexico\/wp-content\/uploads\/2024\/11\/derenido.jpg\"><img loading=\"lazy\" decoding=\"async\" width=\"554\" height=\"595\" src=\"https:\/\/redsemlac.com\/semmexico\/wp-content\/uploads\/2024\/11\/derenido.jpg\" alt=\"\" class=\"wp-image-88931\" style=\"width:438px;height:auto\" srcset=\"https:\/\/redsemlac.com\/semmexico\/wp-content\/uploads\/2024\/11\/derenido.jpg 554w, https:\/\/redsemlac.com\/semmexico\/wp-content\/uploads\/2024\/11\/derenido-279x300.jpg 279w, https:\/\/redsemlac.com\/semmexico\/wp-content\/uploads\/2024\/11\/derenido-150x161.jpg 150w, https:\/\/redsemlac.com\/semmexico\/wp-content\/uploads\/2024\/11\/derenido-300x322.jpg 300w\" sizes=\"auto, (max-width: 554px) 100vw, 554px\" \/><\/a><figcaption class=\"wp-element-caption\">Dise\u00f1o sin t\u00edtulo &#8211; 1<\/figcaption><\/figure>\n\n\n\n<p class=\"wp-block-paragraph\">La detenci\u00f3n de un hombre identificado como V. A. C., quien es propietario del predio donde localizaron el cuerpo sin vida y compa\u00f1ero de trabajo de la v\u00edctima, en el hospital del ISSSTE presidente Ju\u00e1rez ubicado en la ciudad de Oaxaca, donde ella era enfermera.<\/p>\n\n\n\n<p class=\"wp-block-paragraph\">Por otra parte, en un breve pronunciamiento familiares de Judith Vianney Toledo Santos, as\u00ed como del Centro de Derechos Humanos \u201cBartolom\u00e9 Carrasco Brise\u00f1o\u201d BARCA A.C, y del Centro de Derechos Humanos y Asesor\u00eda a Pueblos Ind\u00edgenas CEDHAPI A.C. dieron a conocer la noticia.<\/p>\n\n\n\n<p class=\"wp-block-paragraph\">Agradecen a todas las personas, medios de comunicaci\u00f3n, que se solidarizaron, en difundir la desaparici\u00f3n de la enfermera Judith Vianney Toledo Santos y exigieron a la fiscal\u00eda de Oaxaca para que las personas responsables sean sancionadas con pena m\u00e1xima.<\/p>\n\n\n\n<p class=\"wp-block-paragraph\">La carta es firmada, adem\u00e1s de las organizaciones por la madre de Judith Vianey, de nombre Judith Santos Mendoza quien durante m\u00e1s de dos semanas se mantuvo al frente de la exigencia de b\u00fasqueda de su hija de 29 a\u00f1os y madre de ni\u00f1as menores.<\/p>\n\n\n\n<p class=\"wp-block-paragraph\">SEM\/sj<\/p>\n","protected":false},"excerpt":{"rendered":"<p>Redacci\u00f3n SemM\u00e9xico, Oaxaca, 3 de noviembre, 2024.- La detenci\u00f3n de una persona con las iniciales V.A.C. y el hallazgo de los restos humanos de Judith Vianney Toledo Santos, quien fue reportada como desaparecida desde el 21 de octubre pasado, fue confirmada por la Fiscal\u00eda General del Estado de Oaxaca. La noticia trascendi\u00f3 esta ma\u00f1ana y [&hellip;]<\/p>\n","protected":false},"author":3,"featured_media":88929,"comment_status":"open","ping_status":"open","sticky":false,"template":"","format":"standard","meta":{"_monsterinsights_skip_tracking":false,"footnotes":""},"categories":[1],"tags":[],"class_list":["post-88928","post","type-post","status-publish","format-standard","has-post-thumbnail","category-uncategorized"],"_links":{"self":[{"href":"https:\/\/redsemlac.com\/semmexico\/wp-json\/wp\/v2\/posts\/88928","targetHints":{"allow":["GET"]}}],"collection":[{"href":"https:\/\/redsemlac.com\/semmexico\/wp-json\/wp\/v2\/posts"}],"about":[{"href":"https:\/\/redsemlac.com\/semmexico\/wp-json\/wp\/v2\/types\/post"}],"author":[{"embeddable":true,"href":"https:\/\/redsemlac.com\/semmexico\/wp-json\/wp\/v2\/users\/3"}],"replies":[{"embeddable":true,"href":"https:\/\/redsemlac.com\/semmexico\/wp-json\/wp\/v2\/comments?post=88928"}],"version-history":[{"count":0,"href":"https:\/\/redsemlac.com\/semmexico\/wp-json\/wp\/v2\/posts\/88928\/revisions"}],"wp:featuredmedia":[{"embeddable":true,"href":"https:\/\/redsemlac.com\/semmexico\/wp-json\/wp\/v2\/media\/88929"}],"wp:attachment":[{"href":"https:\/\/redsemlac.com\/semmexico\/wp-json\/wp\/v2\/media?parent=88928"}],"wp:term":[{"taxonomy":"category","embeddable":true,"href":"https:\/\/redsemlac.com\/semmexico\/wp-json\/wp\/v2\/categories?post=88928"},{"taxonomy":"post_tag","embeddable":true,"href":"https:\/\/redsemlac.com\/semmexico\/wp-json\/wp\/v2\/tags?post=88928"}],"curies":[{"name":"wp","href":"https:\/\/api.w.org\/{rel}","templated":true}]}}