{"id":88888,"date":"2024-11-02T14:42:22","date_gmt":"2024-11-02T20:42:22","guid":{"rendered":"https:\/\/redsemlac.com\/semmexico\/?p=88888"},"modified":"2024-11-02T14:48:43","modified_gmt":"2024-11-02T20:48:43","slug":"el-teatro-de-la-danza-guillermina-bravo-recibe-bajo-la-sombra-del-alba-amor-la-undecima-musa-y-asaltodiario-1987-2024","status":"publish","type":"post","link":"https:\/\/redsemlac.com\/semmexico\/el-teatro-de-la-danza-guillermina-bravo-recibe-bajo-la-sombra-del-alba-amor-la-undecima-musa-y-asaltodiario-1987-2024\/","title":{"rendered":"El Teatro de la Danza\u00a0Guillermina Bravo\u00a0recibe\u00a0Bajo la sombra del alba; Amor, la und\u00e9cima musa\u00a0y\u00a0Asaltodiario 1987-2024"},"content":{"rendered":"\n<p class=\"wp-block-paragraph\">La programaci\u00f3n contemplar\u00e1 la participaci\u00f3n de compa\u00f1\u00edas de danza folcl\u00f3rica, cl\u00e1sica, contempor\u00e1nea y experimental a partir del 5 de noviembre<\/p>\n\n\n\n<p class=\"wp-block-paragraph\">&nbsp;Redacci\u00f3n<\/p>\n\n\n\n<p class=\"wp-block-paragraph\">SemM\u00e9xico, Ciudad de M\u00e9xico,\u00a0 2 de noviembre,\u00a0 2024.- La Secretar\u00eda de Cultura del Gobierno de M\u00e9xico y el Instituto Nacional de Bellas Artes y Literatura (INBAL), a trav\u00e9s de la Coordinaci\u00f3n Nacional de Danza, ofrecer\u00e1n a p\u00fablico un programa con propuestas esc\u00e9nicas en el Teatro de la Danza\u00a0<em>Guillermina Bravo<\/em>, a partir del 5 de noviembre.<\/p>\n\n\n\n<p class=\"wp-block-paragraph\">Estas actividades comenzar\u00e1n con la presentaci\u00f3n de una&nbsp;<em>Gala de Alto Folklor Internacional,&nbsp;<\/em>en el marco de la programaci\u00f3n del XVII Festival Internacional de Danza<em>&nbsp;Tierra del Sol<\/em>. En esta velada se dar\u00e1n cita compa\u00f1\u00edas de danza folcl\u00f3rica de M\u00e9xico, Bolivia, Colombia y Per\u00fa, quienes deleitar\u00e1n a la audiencia con un paseo por sones y otros bailes representativos de dichos pa\u00edses.<\/p>\n\n\n\n<p class=\"wp-block-paragraph\">Del jueves 7 al domingo 10 de noviembre, el Centro de Producci\u00f3n de Danza Contempor\u00e1nea (Ceprodac), agrupaci\u00f3n dirigida por la core\u00f3grafa Cecilia Lugo, ofrecer\u00e1 funciones del programa&nbsp;<em>Bajo la sombra del alba. Homenaje a Rufino Tamayo.&nbsp;<\/em>Un equipo de bailarines y core\u00f3grafos del Ceprodac, conformado por Aralia Dflon, Eduardo Esquivel, Alex Hensa, Ana Paula Oropeza, Porfirio Perera, Tom\u00e1s Reyes, L\u00e1zaro Sierra y Karen Vidals, crearon una serie de piezas que ofrecen un profundo reconocimiento a la vida y obra del c\u00e9lebre pintor&nbsp;oaxaque\u00f1o, partiendo de una mirada ritual y po\u00e9tica que bebe de la cosmogon\u00eda ind\u00edgena mexicana.&nbsp;<\/p>\n\n\n\n\n\n<p class=\"wp-block-paragraph\">M\u00e1s adelante, la compa\u00f1\u00eda encabezada por la core\u00f3grafa Isabel Beteta, Los Corp\u00f3grafos, presentar\u00e1 el montaje&nbsp;<em>Amor, la und\u00e9cima musa<\/em>. Con funciones del 14 al 17 de noviembre, esta obra de danza contempor\u00e1nea toma inspiraci\u00f3n en la vida y obra de Pita Amor, una de las poetisas m\u00e1s transgresoras de la literatura mexicana del siglo XX. La obra busca conjugar palabras, poemas y d\u00e9cimas con cuerpos, movimiento y danza, en un concepto minimalista que explora las posibilidades expresivas del movimiento corporal.&nbsp;<\/p>\n\n\n\n<p class=\"wp-block-paragraph\">El martes 19 de noviembre, la Escuela de Danza Contempor\u00e1nea del Centro Cultural Ollin Yoliztli y la compa\u00f1\u00eda Muhuvidanza ofrecer\u00e1n una funci\u00f3n especial en el marco del D\u00eda Internacional de la Erradicaci\u00f3n de la violencia hacia las mujeres, y por invitaci\u00f3n del Colectivo Mujeres en la M\u00fasica, AC, y Comu<em>A<\/em>rte. La instituci\u00f3n educativa dirigida por Consuelo V\u00e1zquez Garc\u00eda, presentar\u00e1&nbsp;<em>Vigilantes de la ciudad<\/em>, pieza coreogr\u00e1fica de Francisco Maga\u00f1a, en tanto que la compa\u00f1\u00eda independiente interpretar\u00e1 las obras&nbsp;<em>A pesar de todo&nbsp;<\/em>e&nbsp;<em>Infinitas realidades-Vidas invisibles,&nbsp;<\/em>bajo la direcci\u00f3n y coreograf\u00eda de Rogelio Landa.<\/p>\n\n\n\n<p class=\"wp-block-paragraph\">Por otra parte, el grupo de Experimentaci\u00f3n Art\u00edstica Asaltodiario, AC, conmemorar\u00e1 una trayectoria de 37 a\u00f1os de quehacer esc\u00e9nico con las funciones del programa&nbsp;<em>Suite esc\u00e9nica de ayer y hoy \/ Asaltodiario 1987-2024<\/em>. A trav\u00e9s de siete piezas coreogr\u00e1ficas, la compa\u00f1\u00eda dirigida por Claudia V\u00e1zquez y Miguel \u00c1ngel D\u00edaz, abordar\u00e1 el entorno social desde diferentes perspectivas, tales como el amor, la alienaci\u00f3n del humano, los desaparecidos, la violencia cotidiana y la situaci\u00f3n ambiental. Sus funciones ser\u00e1n del jueves 21 al domingo 24 de noviembre.<\/p>\n\n\n\n<figure class=\"wp-block-image size-large\"><a href=\"https:\/\/redsemlac.com\/semmexico\/wp-content\/uploads\/2024\/11\/amor-undecima-musa-03.jpg\"><img loading=\"lazy\" decoding=\"async\" width=\"768\" height=\"1024\" src=\"https:\/\/redsemlac.com\/semmexico\/wp-content\/uploads\/2024\/11\/amor-undecima-musa-03-768x1024.jpg\" alt=\"\" class=\"wp-image-88891\" srcset=\"https:\/\/redsemlac.com\/semmexico\/wp-content\/uploads\/2024\/11\/amor-undecima-musa-03-768x1024.jpg 768w, https:\/\/redsemlac.com\/semmexico\/wp-content\/uploads\/2024\/11\/amor-undecima-musa-03-225x300.jpg 225w, https:\/\/redsemlac.com\/semmexico\/wp-content\/uploads\/2024\/11\/amor-undecima-musa-03-1152x1536.jpg 1152w, https:\/\/redsemlac.com\/semmexico\/wp-content\/uploads\/2024\/11\/amor-undecima-musa-03-150x200.jpg 150w, https:\/\/redsemlac.com\/semmexico\/wp-content\/uploads\/2024\/11\/amor-undecima-musa-03-300x400.jpg 300w, https:\/\/redsemlac.com\/semmexico\/wp-content\/uploads\/2024\/11\/amor-undecima-musa-03-696x928.jpg 696w, https:\/\/redsemlac.com\/semmexico\/wp-content\/uploads\/2024\/11\/amor-undecima-musa-03-1068x1424.jpg 1068w, https:\/\/redsemlac.com\/semmexico\/wp-content\/uploads\/2024\/11\/amor-undecima-musa-03.jpg 1200w\" sizes=\"auto, (max-width: 768px) 100vw, 768px\" \/><\/a><\/figure>\n\n\n\n<p class=\"wp-block-paragraph\">En la \u00faltima parte del mes, del 28 de noviembre al 1 de diciembre, la Compa\u00f1\u00eda Nacional de Danza del INBAL engalanar\u00e1 el escenario con el programa coreogr\u00e1fico&nbsp;<em>Miradas<\/em>. Conformado por piezas coreogr\u00e1ficas de Edgar Zendejas, Cuauht\u00e9moc N\u00e1jera, Jacqueline L\u00f3pez, Yazm\u00edn Barrag\u00e1n, Jaime Camarena, James Kelly, Ra\u00fal Fern\u00e1ndez, Diego V\u00e1zquez y Michele Cutri, este programa ofrece distintos puntos de vista danc\u00edsticos, comprendiendo desde la danza cl\u00e1sica o neocl\u00e1sica hasta la danza contempor\u00e1nea, pero, sobre todo, aportando las miradas \u00edntimas de los creadores invitados.<\/p>\n\n\n\n<p class=\"wp-block-paragraph\">Adquiere tus boletos y consulta cartelera en&nbsp;<a href=\"http:\/\/danza.inba.gob.mx\/\" target=\"_blank\" rel=\"noreferrer noopener\">danza.inba.gob.mx<\/a>; s\u00edguenos en redes sociales @danzainbal; programaci\u00f3n sujeta a cambios.<\/p>\n\n\n\n<p class=\"wp-block-paragraph\"><\/p>\n","protected":false},"excerpt":{"rendered":"<p>La programaci\u00f3n contemplar\u00e1 la participaci\u00f3n de compa\u00f1\u00edas de danza folcl\u00f3rica, cl\u00e1sica, contempor\u00e1nea y experimental a partir del 5 de noviembre &nbsp;Redacci\u00f3n SemM\u00e9xico, Ciudad de M\u00e9xico,\u00a0 2 de noviembre,\u00a0 2024.- La Secretar\u00eda de Cultura del Gobierno de M\u00e9xico y el Instituto Nacional de Bellas Artes y Literatura (INBAL), a trav\u00e9s de la Coordinaci\u00f3n Nacional de Danza, [&hellip;]<\/p>\n","protected":false},"author":3,"featured_media":88889,"comment_status":"open","ping_status":"open","sticky":false,"template":"","format":"standard","meta":{"_monsterinsights_skip_tracking":false,"footnotes":""},"categories":[748],"tags":[],"class_list":["post-88888","post","type-post","status-publish","format-standard","has-post-thumbnail","category-cultura-feminista"],"_links":{"self":[{"href":"https:\/\/redsemlac.com\/semmexico\/wp-json\/wp\/v2\/posts\/88888","targetHints":{"allow":["GET"]}}],"collection":[{"href":"https:\/\/redsemlac.com\/semmexico\/wp-json\/wp\/v2\/posts"}],"about":[{"href":"https:\/\/redsemlac.com\/semmexico\/wp-json\/wp\/v2\/types\/post"}],"author":[{"embeddable":true,"href":"https:\/\/redsemlac.com\/semmexico\/wp-json\/wp\/v2\/users\/3"}],"replies":[{"embeddable":true,"href":"https:\/\/redsemlac.com\/semmexico\/wp-json\/wp\/v2\/comments?post=88888"}],"version-history":[{"count":0,"href":"https:\/\/redsemlac.com\/semmexico\/wp-json\/wp\/v2\/posts\/88888\/revisions"}],"wp:featuredmedia":[{"embeddable":true,"href":"https:\/\/redsemlac.com\/semmexico\/wp-json\/wp\/v2\/media\/88889"}],"wp:attachment":[{"href":"https:\/\/redsemlac.com\/semmexico\/wp-json\/wp\/v2\/media?parent=88888"}],"wp:term":[{"taxonomy":"category","embeddable":true,"href":"https:\/\/redsemlac.com\/semmexico\/wp-json\/wp\/v2\/categories?post=88888"},{"taxonomy":"post_tag","embeddable":true,"href":"https:\/\/redsemlac.com\/semmexico\/wp-json\/wp\/v2\/tags?post=88888"}],"curies":[{"name":"wp","href":"https:\/\/api.w.org\/{rel}","templated":true}]}}