{"id":88882,"date":"2024-11-02T14:24:40","date_gmt":"2024-11-02T20:24:40","guid":{"rendered":"https:\/\/redsemlac.com\/semmexico\/?p=88882"},"modified":"2024-11-02T14:24:41","modified_gmt":"2024-11-02T20:24:41","slug":"la-catrina-buscadora-el-homenaje-a-las-madres-que-murieron-en-la-espera-de-hallar-a-sus-hijos-o-hijas","status":"publish","type":"post","link":"https:\/\/redsemlac.com\/semmexico\/la-catrina-buscadora-el-homenaje-a-las-madres-que-murieron-en-la-espera-de-hallar-a-sus-hijos-o-hijas\/","title":{"rendered":"La Catrina Buscadora, el homenaje a las madres que murieron en la espera de hallar a sus hijos o hijas"},"content":{"rendered":"\n<p class=\"wp-block-paragraph\">\u00a0Desde el a\u00f1o 2019, el dise\u00f1ador y fot\u00f3grafo Daniel Garc\u00eda Mu\u00f1oz realiza La Catrina Buscadora. Foto: Cortes\u00eda Daniel m<\/p>\n\n\n\n<p class=\"wp-block-paragraph\">Desde hace 5 a\u00f1os, Daniel Garc\u00eda Mu\u00f1oz homenajea con esta Catrina a las madres que buscan a sus hijos desaparecidos y fallecieron en la espera<\/p>\n\n\n\n<p class=\"wp-block-paragraph\">Perla Ram\u00edrez<\/p>\n\n\n\n<p class=\"wp-block-paragraph\">SemM\u00e9xico\/ El Sol de M\u00e9xico, Ciudad de M\u00e9xico, 2 de noviembre, 2024.- \u201cHay&nbsp;madres que mueren en la espera de hallar a sus hijas e hijos desaparecidos\u201d, esa es la raz\u00f3n que motiva al&nbsp;dise\u00f1ador y fot\u00f3grafo Daniel Garc\u00eda Mu\u00f1oz&nbsp;emprender&nbsp;un homenaje para&nbsp;esas mujeres con la&nbsp;recreaci\u00f3n de La Catrina Buscadora.<\/p>\n\n\n\n<p class=\"wp-block-paragraph\">Como cada a\u00f1o&nbsp;desde 2019&nbsp;durante la \u00e9poca de&nbsp;D\u00eda de Muertos,&nbsp;<a href=\"https:\/\/www.facebook.com\/people\/Daniel-Gm\/100063304325821\/?mibextid=ZbWKwL\" target=\"_blank\" rel=\"noreferrer noopener\">Daniel Gm<\/a>, su nombre art\u00edstico, busca que&nbsp;La Catrina Buscadora&nbsp;muestre la lucha, angustia, tristeza, desesperaci\u00f3n, impotencia, pero tambi\u00e9n la&nbsp;fuerza de las madres mexicanas&nbsp;al tener que soportar el&nbsp;viacrucis de tener un hijo desaparecido.<\/p>\n\n\n\n<p class=\"wp-block-paragraph\">Desafortunadamente,&nbsp;Daniel y su familia&nbsp;originaria de&nbsp;Veracruz&nbsp;conocen esos sentimientos cuando&nbsp;Miguel \u00c1ngel, su hermano, sali\u00f3 de casa para ir a la universidad, abord\u00f3 un taxi y jam\u00e1s lo volvieron a ver. Han pasado ya&nbsp;12 a\u00f1os de su desaparici\u00f3n, sin saber qu\u00e9 fue de \u00e9l.<\/p>\n\n\n\n<p class=\"wp-block-paragraph\">En esa b\u00fasqueda para hallar a Miguel \u00c1ngel, que en ese momento ten\u00eda 28 a\u00f1os,&nbsp;Daniel se integr\u00f3 al&nbsp;colectivo Familia de Desaparecidos de Orizaba-C\u00f3rdoba&nbsp;y, para visibilizar la lucha que a diario se enfrentan, encontr\u00f3 en&nbsp;la fotograf\u00eda&nbsp;el medio para exigir justicia a unas autoridades pasivas ante las&nbsp;desapariciones en M\u00e9xico.<\/p>\n\n\n\n<p class=\"wp-block-paragraph\">De ah\u00ed&nbsp;comenz\u00f3 a gestar en 2019&nbsp;el proyecto de&nbsp;La Catrina Buscadora, como un&nbsp;acto de memoria y justicia para las madres buscadoras que han fallecido&nbsp;y aquellas que&nbsp;se sienten \u201cmuertas en vida\u201d&nbsp;por no saber qu\u00e9 sucedi\u00f3 con sus hijas o hijos desaparecidos.<\/p>\n\n\n\n<figure class=\"wp-block-image size-full\"><a href=\"https:\/\/redsemlac.com\/semmexico\/wp-content\/uploads\/2024\/11\/catrina-02.jpg\"><img loading=\"lazy\" decoding=\"async\" width=\"480\" height=\"320\" src=\"https:\/\/redsemlac.com\/semmexico\/wp-content\/uploads\/2024\/11\/catrina-02.jpg\" alt=\"\" class=\"wp-image-88883\" srcset=\"https:\/\/redsemlac.com\/semmexico\/wp-content\/uploads\/2024\/11\/catrina-02.jpg 480w, https:\/\/redsemlac.com\/semmexico\/wp-content\/uploads\/2024\/11\/catrina-02-300x200.jpg 300w, https:\/\/redsemlac.com\/semmexico\/wp-content\/uploads\/2024\/11\/catrina-02-150x100.jpg 150w\" sizes=\"auto, (max-width: 480px) 100vw, 480px\" \/><\/a><\/figure>\n\n\n\n<p class=\"wp-block-paragraph\">La Catrina Buscadora muestra la angustia, tristeza e impotencia, pero tambi\u00e9n la fuerza y lucha de las madres que buscan a sus hijos. Foto: Cortes\u00eda Daniel Gm<\/p>\n\n\n\n<p class=\"wp-block-paragraph\">\u201cNo sabemos el dolor&nbsp;que viven las madres cuando sus hijos desaparecen\u201d, expres\u00f3&nbsp;Daniel Gm, quien lleva una d\u00e9cada participando en el&nbsp;colectivo Familia de Desaparecidos Orizaba-C\u00f3rdoba.<\/p>\n\n\n\n<p class=\"wp-block-paragraph\">Una Catrina Buscadora jarocha<\/p>\n\n\n\n<p class=\"wp-block-paragraph\">Daniel Gm ha realizado cinco Catrinas Buscadoras&nbsp;y&nbsp;la del 2024 usa un vestido de encaje&nbsp;que&nbsp;asemeja al de jarocha con su rebozo rojo y su delantal, mientras del&nbsp;tocado&nbsp;del que&nbsp;sobresale una calavera enorme&nbsp;con flores rojas cae la mantilla color negro.<\/p>\n\n\n\n<p class=\"wp-block-paragraph\">El&nbsp;traje t\u00edpico de Veracruz&nbsp;nos recuerda que es&nbsp;uno de los estados en el pa\u00eds con m\u00e1s casos de personas desaparecidas&nbsp;y que en&nbsp;R\u00edo Blanco&nbsp;fue el \u00faltimo lugar donde se le vio al hermano de Daniel Gm.<\/p>\n\n\n\n<p class=\"wp-block-paragraph\">Antes de la sesi\u00f3n fotogr\u00e1fica que realiza en octubre,&nbsp;Daniel planea el dise\u00f1o y la log\u00edstica por aproximadamente dos meses,&nbsp;entre la invitaci\u00f3n a la modelo, la elaboraci\u00f3n del tocado que \u00e9l mismo realiza, la producci\u00f3n y el maquillaje.<\/p>\n\n\n\n<figure class=\"wp-block-image size-large\"><a href=\"https:\/\/redsemlac.com\/semmexico\/wp-content\/uploads\/2024\/11\/catrina-03.jpg\"><img loading=\"lazy\" decoding=\"async\" width=\"653\" height=\"1024\" src=\"https:\/\/redsemlac.com\/semmexico\/wp-content\/uploads\/2024\/11\/catrina-03-653x1024.jpg\" alt=\"\" class=\"wp-image-88885\" srcset=\"https:\/\/redsemlac.com\/semmexico\/wp-content\/uploads\/2024\/11\/catrina-03-653x1024.jpg 653w, https:\/\/redsemlac.com\/semmexico\/wp-content\/uploads\/2024\/11\/catrina-03-191x300.jpg 191w, https:\/\/redsemlac.com\/semmexico\/wp-content\/uploads\/2024\/11\/catrina-03-150x235.jpg 150w, https:\/\/redsemlac.com\/semmexico\/wp-content\/uploads\/2024\/11\/catrina-03-300x470.jpg 300w, https:\/\/redsemlac.com\/semmexico\/wp-content\/uploads\/2024\/11\/catrina-03-696x1091.jpg 696w, https:\/\/redsemlac.com\/semmexico\/wp-content\/uploads\/2024\/11\/catrina-03.jpg 720w\" sizes=\"auto, (max-width: 653px) 100vw, 653px\" \/><\/a><\/figure>\n\n\n\n<p class=\"wp-block-paragraph\">Mar\u00eda Luisa Cid es la modelo que participa en La Catrina Buscadora de este a\u00f1o. Foto: Cortes\u00eda Daniel Gm<\/p>\n\n\n\n<p class=\"wp-block-paragraph\">Para el proyecto de este a\u00f1o, el tambi\u00e9n&nbsp;dise\u00f1ador gr\u00e1fico del peri\u00f3dico deportivo ESTO&nbsp;estuvo acompa\u00f1ado de la&nbsp;modelo Mar\u00eda Luisa Cid, &nbsp;la&nbsp;maquillista&nbsp;Naruta Guzm\u00e1n Blanco, el&nbsp;staff conformado por Valeria Canizales y Alexis Garc\u00eda, as\u00ed como&nbsp;su hermano Christian Garc\u00eda Mu\u00f1oz, quien escribi\u00f3 el texto&nbsp;\u201cAlmas que buscan\u201d&nbsp;con el fin de dar a conocer lo que sienten y viven las madres buscadoras.<\/p>\n\n\n\n<p class=\"wp-block-paragraph\">\u201cUna madre puede parecer muerta pero su alma sigue y seguir\u00e1 viva, as\u00ed como el recuerdo de su hijo desaparecido a quien volver\u00e1 a ver, sin lugar a duda, en este plano o en el siguiente, donde&nbsp;volver\u00e1n a estar juntos&nbsp;y llenos de alegr\u00eda.&nbsp;Ah\u00ed donde nadie est\u00e1 desaparecido, donde est\u00e1n todos, donde no falta nadie, donde la incertidumbre muere y la tristeza se desvanece. Ese lugar en el que s\u00f3lo se espera el reencuentro con los seres amados y&nbsp;lo \u00fanico que desaparece es el dolor\u201d, dice&nbsp;Christian Garc\u00eda Mu\u00f1oz&nbsp;en su escrito.<\/p>\n\n\n\n<figure class=\"wp-block-image size-large\"><a href=\"https:\/\/redsemlac.com\/semmexico\/wp-content\/uploads\/2024\/11\/catrina-04.jpg\"><img loading=\"lazy\" decoding=\"async\" width=\"653\" height=\"1024\" src=\"https:\/\/redsemlac.com\/semmexico\/wp-content\/uploads\/2024\/11\/catrina-04-653x1024.jpg\" alt=\"\" class=\"wp-image-88886\" srcset=\"https:\/\/redsemlac.com\/semmexico\/wp-content\/uploads\/2024\/11\/catrina-04-653x1024.jpg 653w, https:\/\/redsemlac.com\/semmexico\/wp-content\/uploads\/2024\/11\/catrina-04-191x300.jpg 191w, https:\/\/redsemlac.com\/semmexico\/wp-content\/uploads\/2024\/11\/catrina-04-150x235.jpg 150w, https:\/\/redsemlac.com\/semmexico\/wp-content\/uploads\/2024\/11\/catrina-04-300x470.jpg 300w, https:\/\/redsemlac.com\/semmexico\/wp-content\/uploads\/2024\/11\/catrina-04-696x1091.jpg 696w, https:\/\/redsemlac.com\/semmexico\/wp-content\/uploads\/2024\/11\/catrina-04.jpg 720w\" sizes=\"auto, (max-width: 653px) 100vw, 653px\" \/><\/a><\/figure>\n\n\n\n<p class=\"wp-block-paragraph\">Daniel tambi\u00e9n se encarga de la elaboraci\u00f3n del tocado, donde esta vez sobresale una enorme calavera. Foto: Cortes\u00eda Daniel Gm<\/p>\n\n\n\n<p class=\"wp-block-paragraph\">Para Daniel,&nbsp;La Catrina Buscadora&nbsp;tambi\u00e9n&nbsp;significa la promesa que hizo a su madre y su t\u00eda Norma fallecidas&nbsp;en este periodo de b\u00fasqueda de Miguel \u00c1ngel, afectadas por la angustia y desesperaci\u00f3n de no encontrarlo.<\/p>\n\n\n\n<p class=\"wp-block-paragraph\">\u201cMi t\u00eda lo sufri\u00f3 tanto que&nbsp;le caus\u00f3 la muerte y ella merece estar en paz, ahora nos toca a nosotros como familia&nbsp;buscar a Miguel&nbsp;y tenemos&nbsp;la esperanza de encontrarlo con vida&nbsp;(\u2026) Como&nbsp;se lo promet\u00ed a mi t\u00eda en su tumba: yo voy a encontrar a Miguel \u00c1ngel&nbsp;y ese es mi objetivo, pues espero cumplirlo\u201d, dijo Daniel con voz entrecortada.<\/p>\n\n\n\n<p class=\"wp-block-paragraph\">\u00bfC\u00f3mo desapareci\u00f3 Miguel \u00c1ngel?<\/p>\n\n\n\n<p class=\"wp-block-paragraph\">El&nbsp;lunes 27 de agosto de 2012,&nbsp;Miguel \u00c1ngel Garc\u00eda Mu\u00f1oz sali\u00f3 de su casa en R\u00edo Blanco, Veracruz, para&nbsp;dirigirse a la Universidad del Golfo de M\u00e9xico, que se localiza en&nbsp;Ciudad Mendoza; solo eran 20 minutos de distancia.<\/p>\n\n\n\n<p class=\"wp-block-paragraph\">Era&nbsp;su primer d\u00eda de clases&nbsp;luego de un receso en su vida acad\u00e9mica y lo retom\u00f3 porque&nbsp;quer\u00eda ser un ejemplo para sus dos peque\u00f1os hijos&nbsp;y esposa.<\/p>\n\n\n\n<p class=\"wp-block-paragraph\">Su hermano Daniel relata que&nbsp;Miguel \u00c1ngel iba atrasado para llegar a la universidad, por lo que esa tarde&nbsp;abord\u00f3 un taxi&nbsp;para llegar a tiempo a sus clases, pero&nbsp;jam\u00e1s lo volvieron a ver.<\/p>\n\n\n\n<p class=\"wp-block-paragraph\">Sobre la labor de la Fiscal\u00eda estatal en este caso, \u201cla ayuda ha sido nula,&nbsp;no hay una l\u00ednea de investigaci\u00f3n ni avances, solo nos traen a vueltas checando carpetas\u201d, a\u00f1adi\u00f3.<\/p>\n\n\n\n<p class=\"wp-block-paragraph\"><a href=\"https:\/\/www.whatsapp.com\/channel\/0029Va7IpF5Id7nJvkxFt02Q\">\u27a1\ufe0f \u00danete al canal de El Sol de M\u00e9xico en WhatsApp para no perderte la informaci\u00f3n m\u00e1s importante<\/a><\/p>\n\n\n\n<p class=\"wp-block-paragraph\">Sin embargo, Daniel Garc\u00eda Mu\u00f1oz subray\u00f3 que \u201ca estas alturas no busco culpables, solo busco a alguien que me diga d\u00f3nde est\u00e1 Miguel; est\u00e9 con vida o muerto, yo lo quiero encontrar\u201d.<\/p>\n\n\n\n<p class=\"wp-block-paragraph\"><a href=\"https:\/\/news.google.com\/s\/CBIwrbqeozY\" target=\"_blank\" rel=\"noreferrer noopener\">S\u00edguenos en Google News<\/a><\/p>\n","protected":false},"excerpt":{"rendered":"<p>\u00a0Desde el a\u00f1o 2019, el dise\u00f1ador y fot\u00f3grafo Daniel Garc\u00eda Mu\u00f1oz realiza La Catrina Buscadora. Foto: Cortes\u00eda Daniel m Desde hace 5 a\u00f1os, Daniel Garc\u00eda Mu\u00f1oz homenajea con esta Catrina a las madres que buscan a sus hijos desaparecidos y fallecieron en la espera Perla Ram\u00edrez SemM\u00e9xico\/ El Sol de M\u00e9xico, Ciudad de M\u00e9xico, 2 [&hellip;]<\/p>\n","protected":false},"author":3,"featured_media":88884,"comment_status":"open","ping_status":"open","sticky":false,"template":"","format":"standard","meta":{"_monsterinsights_skip_tracking":false,"footnotes":""},"categories":[748],"tags":[],"class_list":["post-88882","post","type-post","status-publish","format-standard","has-post-thumbnail","category-cultura-feminista"],"_links":{"self":[{"href":"https:\/\/redsemlac.com\/semmexico\/wp-json\/wp\/v2\/posts\/88882","targetHints":{"allow":["GET"]}}],"collection":[{"href":"https:\/\/redsemlac.com\/semmexico\/wp-json\/wp\/v2\/posts"}],"about":[{"href":"https:\/\/redsemlac.com\/semmexico\/wp-json\/wp\/v2\/types\/post"}],"author":[{"embeddable":true,"href":"https:\/\/redsemlac.com\/semmexico\/wp-json\/wp\/v2\/users\/3"}],"replies":[{"embeddable":true,"href":"https:\/\/redsemlac.com\/semmexico\/wp-json\/wp\/v2\/comments?post=88882"}],"version-history":[{"count":0,"href":"https:\/\/redsemlac.com\/semmexico\/wp-json\/wp\/v2\/posts\/88882\/revisions"}],"wp:featuredmedia":[{"embeddable":true,"href":"https:\/\/redsemlac.com\/semmexico\/wp-json\/wp\/v2\/media\/88884"}],"wp:attachment":[{"href":"https:\/\/redsemlac.com\/semmexico\/wp-json\/wp\/v2\/media?parent=88882"}],"wp:term":[{"taxonomy":"category","embeddable":true,"href":"https:\/\/redsemlac.com\/semmexico\/wp-json\/wp\/v2\/categories?post=88882"},{"taxonomy":"post_tag","embeddable":true,"href":"https:\/\/redsemlac.com\/semmexico\/wp-json\/wp\/v2\/tags?post=88882"}],"curies":[{"name":"wp","href":"https:\/\/api.w.org\/{rel}","templated":true}]}}