{"id":88876,"date":"2024-11-01T15:30:12","date_gmt":"2024-11-01T21:30:12","guid":{"rendered":"https:\/\/redsemlac.com\/semmexico\/?p=88876"},"modified":"2024-11-01T15:30:33","modified_gmt":"2024-11-01T21:30:33","slug":"elisa-acuna-maestra-revolucionarias-y-periodista","status":"publish","type":"post","link":"https:\/\/redsemlac.com\/semmexico\/elisa-acuna-maestra-revolucionarias-y-periodista\/","title":{"rendered":"Elisa Acu\u00f1a maestra revolucionarias y periodista\u00a0"},"content":{"rendered":"\n<ul class=\"wp-block-list\">\n<li>Como periodista dio luz pensamiento, propaganda, ideas y acciones a la primera revoluci\u00f3n social del siglo XX<\/li>\n\n\n\n<li>Cuando se crea la SEP se integra a la formaci\u00f3n de escuelas rurales<\/li>\n<\/ul>\n\n\n\n<p class=\"wp-block-paragraph\">Redacci\u00f3n<\/p>\n\n\n\n<p class=\"wp-block-paragraph\">SemM\u00e9xico, Cd. de M\u00e9xico, 1 de noviembre, 2024.- Como parte de la secci\u00f3n Mujeres en la historia, la subsecretaria de Educaci\u00f3n B\u00e1sica, Ang\u00e9lica Noem\u00ed Ju\u00e1rez P\u00e9rez, present\u00f3 una semblanza de la maestra Elisa Acu\u00f1a, quien particip\u00f3 en la Revoluci\u00f3n Mexicana y defendi\u00f3 los derechos de la mujer en el r\u00e9gimen porfirista.<\/p>\n\n\n\n<p class=\"wp-block-paragraph\">Durante la Ma\u00f1anera del Pueblo, conferencia de prensa de la presidenta Claudia Sheinbaum Pardo, la titular de Educaci\u00f3n B\u00e1sica resalt\u00f3 la lucha de la tambi\u00e9n periodista al dar luz, pensamiento, propaganda, ideas y acciones a la primera revoluci\u00f3n social del siglo XX, incluso antes del llamado de Francisco I. Madero en 1910, siendo trascendental para la Revoluci\u00f3n como para la consolidaci\u00f3n de los proyectos posteriores.<\/p>\n\n\n\n<p class=\"wp-block-paragraph\">\u201cCreo que pensamos la Revoluci\u00f3n a partir de este 20 de noviembre de 1910, pero hubo mujeres que incluso hab\u00edan ya vivido las consecuencias de esta lucha por la libertad y la justicia contra el r\u00e9gimen porfirista\u201d, destac\u00f3.<\/p>\n\n\n\n<p class=\"wp-block-paragraph\">La idea, se\u00f1al\u00f3 la subsecretaria de&nbsp;Educaci\u00f3n B\u00e1sica, es destacar a las maestras como protagonistas de la historia. \u201cElisa Acu\u00f1a se hab\u00eda enfrentado al r\u00e9gimen porfirista y lo hac\u00eda a trav\u00e9s de la prensa, a trav\u00e9s de las letras, mujeres muy destacadas de la \u00e9poca tambi\u00e9n, como Dolores Jim\u00e9nez y Bel\u00e9n Guti\u00e9rrez, y despu\u00e9s de este levantamiento, de esta revoluci\u00f3n social, consolidando el Sistema Educativo Nacional\u201d.<\/p>\n\n\n\n<p class=\"wp-block-paragraph\">Se\u00f1al\u00f3 que tras la creaci\u00f3n de la Secretar\u00eda de Educaci\u00f3n P\u00fablica (SEP), Elisa Acu\u00f1a se integr\u00f3 al proyecto de formaci\u00f3n para las escuelas rurales y en 1927 lleg\u00f3 a ser jefa de la Sexta Misi\u00f3n Cultural en San Luis Potos\u00ed, Zacatecas y Aguascalientes. Hasta 1945, un a\u00f1o antes de morir, obtuvo oficialmente las condecoraciones del m\u00e9rito revolucionario.<\/p>\n\n\n\n<p class=\"wp-block-paragraph\">A trav\u00e9s de un video, la subsecretaria proyecto parte de la vida y lucha de Elisa Acu\u00f1a, quien estaba en contra de la reelecci\u00f3n, as\u00ed como su afiliaci\u00f3n al club liberal Ponciano Arriaga, donde fue vocal en la mesa directiva junto con los hermanos Flores Mag\u00f3n, para discutir textos, ideas revolucionarias y organizar un movimiento en contra de la dictadura porfirista que enfrent\u00f3 la represi\u00f3n.<\/p>\n\n\n\n<p class=\"wp-block-paragraph\">\u201cElisa acu\u00f1a fue presa pol\u00edtica en 1903 en la c\u00e1rcel de Bel\u00e9n, junto a Juana Bel\u00e9n Guti\u00e9rrez, otra destacada maestra, periodista e Ide\u00f3loga revolucionaria y junto a redactores de El hijo del Ahuizote, unos meses m\u00e1s tarde, ya libres, Guti\u00e9rrez y Acu\u00f1a se exiliaron en San Antonio, Texas, donde se dedicaron a editar peri\u00f3dicos subversivos como Fiat Lux y Vesper\u201d.<\/p>\n\n\n\n<p class=\"wp-block-paragraph\">Para 1910 fund\u00f3 el Club Antirreeleccionista \u201cLas hijas de Cuauht\u00e9moc\u201d que agrup\u00f3 a m\u00e1s de 300 mujeres que demandaban al gobierno porfirista mejores condiciones laborales; organizaron huelgas y exigieron un cambio pol\u00edtico y social de fondo; crearon, adem\u00e1s, el peri\u00f3dico \u201cLa Guillotina\u201d.<\/p>\n\n\n\n<p class=\"wp-block-paragraph\">En ese mismo a\u00f1o, Elisa Acu\u00f1a particip\u00f3 en la organizaci\u00f3n de la Gran Convenci\u00f3n Nacional Antirreeleccionista en apoyo a la candidatura de Francisco I. Madero a la Presidencia. Tras el asesinato de Madero, Elisa Acu\u00f1a colabor\u00f3 con el zapatismo repartiendo propaganda anti huertista en el estado de Puebla, por lo que enfrent\u00f3 la persecuci\u00f3n del r\u00e9gimen.<\/p>\n\n\n\n<p class=\"wp-block-paragraph\">Posteriormente, en 1920, la maestra Elisa Acu\u00f1a agrup\u00f3 a las mujeres que se involucraron como propagandistas en la Revoluci\u00f3n Mexicana para reclamar el reconocimiento a su participaci\u00f3n en la lucha revolucionaria.<\/p>\n\n\n\n<p class=\"wp-block-paragraph\">SEM\/sj<\/p>\n","protected":false},"excerpt":{"rendered":"<p>Redacci\u00f3n SemM\u00e9xico, Cd. de M\u00e9xico, 1 de noviembre, 2024.- Como parte de la secci\u00f3n Mujeres en la historia, la subsecretaria de Educaci\u00f3n B\u00e1sica, Ang\u00e9lica Noem\u00ed Ju\u00e1rez P\u00e9rez, present\u00f3 una semblanza de la maestra Elisa Acu\u00f1a, quien particip\u00f3 en la Revoluci\u00f3n Mexicana y defendi\u00f3 los derechos de la mujer en el r\u00e9gimen porfirista. Durante la Ma\u00f1anera [&hellip;]<\/p>\n","protected":false},"author":3,"featured_media":88877,"comment_status":"open","ping_status":"open","sticky":false,"template":"","format":"standard","meta":{"_monsterinsights_skip_tracking":false,"footnotes":""},"categories":[748],"tags":[],"class_list":["post-88876","post","type-post","status-publish","format-standard","has-post-thumbnail","category-cultura-feminista"],"_links":{"self":[{"href":"https:\/\/redsemlac.com\/semmexico\/wp-json\/wp\/v2\/posts\/88876","targetHints":{"allow":["GET"]}}],"collection":[{"href":"https:\/\/redsemlac.com\/semmexico\/wp-json\/wp\/v2\/posts"}],"about":[{"href":"https:\/\/redsemlac.com\/semmexico\/wp-json\/wp\/v2\/types\/post"}],"author":[{"embeddable":true,"href":"https:\/\/redsemlac.com\/semmexico\/wp-json\/wp\/v2\/users\/3"}],"replies":[{"embeddable":true,"href":"https:\/\/redsemlac.com\/semmexico\/wp-json\/wp\/v2\/comments?post=88876"}],"version-history":[{"count":0,"href":"https:\/\/redsemlac.com\/semmexico\/wp-json\/wp\/v2\/posts\/88876\/revisions"}],"wp:featuredmedia":[{"embeddable":true,"href":"https:\/\/redsemlac.com\/semmexico\/wp-json\/wp\/v2\/media\/88877"}],"wp:attachment":[{"href":"https:\/\/redsemlac.com\/semmexico\/wp-json\/wp\/v2\/media?parent=88876"}],"wp:term":[{"taxonomy":"category","embeddable":true,"href":"https:\/\/redsemlac.com\/semmexico\/wp-json\/wp\/v2\/categories?post=88876"},{"taxonomy":"post_tag","embeddable":true,"href":"https:\/\/redsemlac.com\/semmexico\/wp-json\/wp\/v2\/tags?post=88876"}],"curies":[{"name":"wp","href":"https:\/\/api.w.org\/{rel}","templated":true}]}}