{"id":88856,"date":"2024-11-01T12:33:04","date_gmt":"2024-11-01T18:33:04","guid":{"rendered":"https:\/\/redsemlac.com\/semmexico\/?p=88856"},"modified":"2024-11-01T12:34:41","modified_gmt":"2024-11-01T18:34:41","slug":"publicaran-listas-de-declinaciones-de-candidaturas-de-juzgadores","status":"publish","type":"post","link":"https:\/\/redsemlac.com\/semmexico\/publicaran-listas-de-declinaciones-de-candidaturas-de-juzgadores\/","title":{"rendered":"Publicar\u00e1n listas de declinaciones de candidaturas de juzgadores"},"content":{"rendered":"\n<ul class=\"wp-block-list\">\n<li>En el Senado se aprob\u00f3 el acuerdo<\/li>\n<\/ul>\n\n\n\n<p class=\"wp-block-paragraph\">Redacci\u00f3n<\/p>\n\n\n\n<p class=\"wp-block-paragraph\">SemM\u00e9xico, Cd. de M\u00e9xico, 1 de noviembre, 2024.- El Pleno del Senado aprob\u00f3 un acuerdo de la presidencia de la Mesa Directiva para la publicaci\u00f3n de las listas de declinaciones de candidaturas de las personas juzgadoras que se encuentren en funciones y de las manifestaciones para contender para un cargo o circuito judicial diverso que realicen dichas personas.<\/p>\n\n\n\n<p class=\"wp-block-paragraph\">El documento, que puede consultarse en la Gaceta del Senado tambi\u00e9n estipula la declaratoria de salvedad de derechos pol\u00edtico-electorales, en relaci\u00f3n con el proceso electoral extraordinario 2024-2025.<\/p>\n\n\n\n<p class=\"wp-block-paragraph\">Instruye a publicar en la p\u00e1gina web del Senado de la Rep\u00fablica el listado de las personas juzgadoras que presentaron la declinaci\u00f3n de su candidatura, y el de quienes manifestaron la intenci\u00f3n de postularse para un cargo o circuito judicial diverso, as\u00ed como de los casos donde existen observaciones por salvedad de derechos pol\u00edtico-electorales dentro del proceso electoral extraordinario.<\/p>\n\n\n\n<p class=\"wp-block-paragraph\">Con la publicaci\u00f3n de esos listados, se agrega en el documento, se dar\u00e1 por concluido el plazo constitucional y legal establecido para que las personas juzgadoras puedan hacer del conocimiento del Senado de la Rep\u00fablica su declinaci\u00f3n o manifestaci\u00f3n correspondiente.<\/p>\n\n\n\n<p class=\"wp-block-paragraph\">Asimismo, los listados integrados por el Senado de la Rep\u00fablica que contengan las declinaciones, las manifestaciones de optar por contender en otro cargo o circuito judicial, y los casos de salvedad de sus derechos pol\u00edtico-electorales, respectivamente, ser\u00e1n considerados en la conformaci\u00f3n del listado final que esta c\u00e1mara remitir\u00e1, a m\u00e1s tardar, el 12 de febrero de 2025, al Instituto Nacional Electoral.<\/p>\n\n\n\n<p class=\"wp-block-paragraph\">Los listados de las declinaciones y las manifestaciones de optar por contender en otro cargo o circuito judicial que fueron remitidos por el Consejo de la Judicatura Federal se publicar\u00e1n como Anexo 4 del presente Acuerdo, a\u00f1ade el documento.<\/p>\n\n\n\n<p class=\"wp-block-paragraph\">SEM\/sj<\/p>\n","protected":false},"excerpt":{"rendered":"<p>Redacci\u00f3n SemM\u00e9xico, Cd. de M\u00e9xico, 1 de noviembre, 2024.- El Pleno del Senado aprob\u00f3 un acuerdo de la presidencia de la Mesa Directiva para la publicaci\u00f3n de las listas de declinaciones de candidaturas de las personas juzgadoras que se encuentren en funciones y de las manifestaciones para contender para un cargo o circuito judicial diverso [&hellip;]<\/p>\n","protected":false},"author":3,"featured_media":88860,"comment_status":"open","ping_status":"open","sticky":false,"template":"","format":"standard","meta":{"_monsterinsights_skip_tracking":false,"footnotes":""},"categories":[682],"tags":[],"class_list":["post-88856","post","type-post","status-publish","format-standard","has-post-thumbnail","category-noticias"],"_links":{"self":[{"href":"https:\/\/redsemlac.com\/semmexico\/wp-json\/wp\/v2\/posts\/88856","targetHints":{"allow":["GET"]}}],"collection":[{"href":"https:\/\/redsemlac.com\/semmexico\/wp-json\/wp\/v2\/posts"}],"about":[{"href":"https:\/\/redsemlac.com\/semmexico\/wp-json\/wp\/v2\/types\/post"}],"author":[{"embeddable":true,"href":"https:\/\/redsemlac.com\/semmexico\/wp-json\/wp\/v2\/users\/3"}],"replies":[{"embeddable":true,"href":"https:\/\/redsemlac.com\/semmexico\/wp-json\/wp\/v2\/comments?post=88856"}],"version-history":[{"count":0,"href":"https:\/\/redsemlac.com\/semmexico\/wp-json\/wp\/v2\/posts\/88856\/revisions"}],"wp:featuredmedia":[{"embeddable":true,"href":"https:\/\/redsemlac.com\/semmexico\/wp-json\/wp\/v2\/media\/88860"}],"wp:attachment":[{"href":"https:\/\/redsemlac.com\/semmexico\/wp-json\/wp\/v2\/media?parent=88856"}],"wp:term":[{"taxonomy":"category","embeddable":true,"href":"https:\/\/redsemlac.com\/semmexico\/wp-json\/wp\/v2\/categories?post=88856"},{"taxonomy":"post_tag","embeddable":true,"href":"https:\/\/redsemlac.com\/semmexico\/wp-json\/wp\/v2\/tags?post=88856"}],"curies":[{"name":"wp","href":"https:\/\/api.w.org\/{rel}","templated":true}]}}