{"id":88853,"date":"2024-11-01T12:22:10","date_gmt":"2024-11-01T18:22:10","guid":{"rendered":"https:\/\/redsemlac.com\/semmexico\/?p=88853"},"modified":"2024-11-01T12:22:12","modified_gmt":"2024-11-01T18:22:12","slug":"el-primer-mes-de-sheinbaum-registro-la-mitad-de-los-asesinatos-del-primero-de-amlo","status":"publish","type":"post","link":"https:\/\/redsemlac.com\/semmexico\/el-primer-mes-de-sheinbaum-registro-la-mitad-de-los-asesinatos-del-primero-de-amlo\/","title":{"rendered":"El primer mes de Sheinbaum registr\u00f3 la mitad de los asesinatos del primero de AMLO"},"content":{"rendered":"\n<ul class=\"wp-block-list\">\n<li>El primer mes de gobierno promedia\u00a074 v\u00edctimas de homicidio por d\u00eda.<\/li>\n\n\n\n<li>Se cometieron asesinatos de presidentes municipales y destac\u00f3 el crimen contra el padre Marcelo P\u00e9rez<\/li>\n<\/ul>\n\n\n\n<p class=\"wp-block-paragraph\">Jonathan Padilla<\/p>\n\n\n\n<p class=\"wp-block-paragraph\">SemM\u00e9xico\/El Sol de M\u00e9xico, Cd. de M\u00e9xico, 1 de noviembre 2024.- Durante el primer mes del llamado&nbsp;<a href=\"https:\/\/www.elsoldemexico.com.mx\/mexico\/politica\/miente-quien-diga-que-habra-autoritarismo-sheinbaum-asume-como-presidenta-de-mexico-12643789.html\" target=\"_blank\" rel=\"noreferrer noopener\">Segundo piso de la Cuarta transformaci\u00f3n&nbsp;<\/a>que preside&nbsp;Claudia Sheinbaum Pardo&nbsp;asesinaron a dos mil 223 personas en el pa\u00eds, apenas poco m\u00e1s de la mitad de los&nbsp;homicidios&nbsp;registrados durante los primeros 30 d\u00edas del gobierno de&nbsp;Andr\u00e9s Manuel L\u00f3pez Obrador, en diciembre de 2018.<\/p>\n\n\n\n<p class=\"wp-block-paragraph\">De acuerdo con datos del&nbsp;Secretariado Ejecutivo del Sistema Nacional de Seguridad P\u00fablica&nbsp;(SESNSP), en diciembre de 2018 asesinaron tres mil 943 personas; entre ellas, al periodista&nbsp;Alejandro M\u00e1rquez, cuyo cuerpo fue localizado en el municipio de Xalisco&nbsp;en&nbsp;Nayarit&nbsp;con un&nbsp;disparo en la cabeza, el primer periodista asesinado en el arranque de la&nbsp;Cuarta transformaci\u00f3n.<\/p>\n\n\n\n<p class=\"wp-block-paragraph\">Semanas despu\u00e9s secuestraron y asesinaron a la hija del director de la&nbsp;Facultad de Derecho de la Universidad de Morelos&nbsp;y ese mismo mes fueron asesinados&nbsp;Olga Kobel,&nbsp;exalcaldesa de Ju\u00e1rez en Coahuila, y el encargado de la Secretar\u00eda de Seguridad P\u00fablica de Zitlala en Guerrero.<\/p>\n\n\n\n<p class=\"wp-block-paragraph\"><a>El primer mes de gobierno de la actual&nbsp;presidenta de M\u00e9xico&nbsp;promedia&nbsp;74 v\u00edctimas de homicidio por d\u00eda.<\/a><\/p>\n\n\n\n<p class=\"wp-block-paragraph\">De los asesinatos de este mes destaca el del sacerdote de San Crist\u00f3bal de las Casas, Chiapas,&nbsp;<a href=\"https:\/\/www.elsoldemexico.com.mx\/republica\/revelan-video-que-muestra-del-ataque-al-padre-marcelo-perez-12750047.html\" target=\"_blank\" rel=\"noreferrer noopener\">Marcelo P\u00e9rez P\u00e9rez<\/a>, a quien hombres armados mataron cuando sal\u00eda de oficiar misa. Los primeros d\u00edas de octubre de este a\u00f1o asesinaron al exalcalde de&nbsp;Chilpancingo,&nbsp;Guerrero,&nbsp;Alejandro Arcos, cuyo cuerpo fue decapitado, y al cierre de octubre&nbsp;fueron asesinados dos comunicadores&nbsp;<a href=\"https:\/\/www.elsoldemexico.com.mx\/republica\/matan-al-reportero-mauricio-solis-en-uruapan-video-12791822.html\" target=\"_blank\" rel=\"noreferrer noopener\">Mauricio Cruz Sol\u00eds<\/a>&nbsp;en Michoac\u00e1n y Patricia Ram\u00edrez en Colima.<\/p>\n\n\n\n<p class=\"wp-block-paragraph\">De acuerdo con el expresidente L\u00f3pez Obrador; la violencia en el pa\u00eds es consecuencia de la disputa de territorios entre organizaciones delictivas; lamentablemente entre ellos, tambi\u00e9n hay v\u00edctimas inocentes.<\/p>\n\n\n\n<p class=\"wp-block-paragraph\">El pasado 30 de octubre&nbsp;el titular de la Secretar\u00eda de Seguridad y Protecci\u00f3n Ciudadana, Omar Garc\u00eda Harfuch anunci\u00f3 una iniciativa de reforma para que la dependencia a su cargo realice labores de investigaci\u00f3n e inteligencia para disminuir los niveles de homicidio doloso en el pa\u00eds&nbsp;y la inseguridad en general. Para ello, la presidenta Claudia Sheinbaum anunci\u00f3 la creaci\u00f3n de la nueva Subsecretar\u00eda de Inteligencia e Investigaci\u00f3n Policial, adscrita a la Secretar\u00eda de Seguridad y Protecci\u00f3n Ciudadana (SSPC), misma que tendr\u00e1 a su cargo el Sistema Nacional de Inteligencia, con el cual se busca unificar la informaci\u00f3n que generan los \u00f3rganos de inteligencia de la Secretar\u00eda de Marina, del Ej\u00e9rcito y de la Unidad de Inteligencia Financiera (UIF) \u2014adscrita a la Secretar\u00eda de Hacienda\u2014 para integrar mejores carpetas de investigaci\u00f3n que permitan la judicializaci\u00f3n de presuntos criminales y desarticular redes delincuenciales.<\/p>\n\n\n\n<p class=\"wp-block-paragraph\">La estrategia del nuevo gobierno contempla atenci\u00f3n especial&nbsp;en los 10 municipios con m\u00e1s homicidios dolosos en el pa\u00eds: Colima, Tijuana, Acapulco, Celaya, Cajeme (Ciudad Obreg\u00f3n), Ciudad Ju\u00e1rez, Tlajomulco de Z\u00fa\u00f1iga, Le\u00f3n y Benito Ju\u00e1rez (Canc\u00fan).<\/p>\n\n\n\n<p class=\"wp-block-paragraph\">En lo que va del 2024 el mes con m\u00e1s v\u00edctimas de homicidio doloso fue junio con dos mil 353.<\/p>\n","protected":false},"excerpt":{"rendered":"<p>Jonathan Padilla SemM\u00e9xico\/El Sol de M\u00e9xico, Cd. de M\u00e9xico, 1 de noviembre 2024.- Durante el primer mes del llamado&nbsp;Segundo piso de la Cuarta transformaci\u00f3n&nbsp;que preside&nbsp;Claudia Sheinbaum Pardo&nbsp;asesinaron a dos mil 223 personas en el pa\u00eds, apenas poco m\u00e1s de la mitad de los&nbsp;homicidios&nbsp;registrados durante los primeros 30 d\u00edas del gobierno de&nbsp;Andr\u00e9s Manuel L\u00f3pez Obrador, en [&hellip;]<\/p>\n","protected":false},"author":3,"featured_media":88854,"comment_status":"open","ping_status":"open","sticky":false,"template":"","format":"standard","meta":{"_monsterinsights_skip_tracking":false,"footnotes":""},"categories":[903],"tags":[],"class_list":["post-88853","post","type-post","status-publish","format-standard","has-post-thumbnail","category-presidenta-y-mas"],"_links":{"self":[{"href":"https:\/\/redsemlac.com\/semmexico\/wp-json\/wp\/v2\/posts\/88853","targetHints":{"allow":["GET"]}}],"collection":[{"href":"https:\/\/redsemlac.com\/semmexico\/wp-json\/wp\/v2\/posts"}],"about":[{"href":"https:\/\/redsemlac.com\/semmexico\/wp-json\/wp\/v2\/types\/post"}],"author":[{"embeddable":true,"href":"https:\/\/redsemlac.com\/semmexico\/wp-json\/wp\/v2\/users\/3"}],"replies":[{"embeddable":true,"href":"https:\/\/redsemlac.com\/semmexico\/wp-json\/wp\/v2\/comments?post=88853"}],"version-history":[{"count":0,"href":"https:\/\/redsemlac.com\/semmexico\/wp-json\/wp\/v2\/posts\/88853\/revisions"}],"wp:featuredmedia":[{"embeddable":true,"href":"https:\/\/redsemlac.com\/semmexico\/wp-json\/wp\/v2\/media\/88854"}],"wp:attachment":[{"href":"https:\/\/redsemlac.com\/semmexico\/wp-json\/wp\/v2\/media?parent=88853"}],"wp:term":[{"taxonomy":"category","embeddable":true,"href":"https:\/\/redsemlac.com\/semmexico\/wp-json\/wp\/v2\/categories?post=88853"},{"taxonomy":"post_tag","embeddable":true,"href":"https:\/\/redsemlac.com\/semmexico\/wp-json\/wp\/v2\/tags?post=88853"}],"curies":[{"name":"wp","href":"https:\/\/api.w.org\/{rel}","templated":true}]}}