{"id":88821,"date":"2024-10-31T14:16:40","date_gmt":"2024-10-31T20:16:40","guid":{"rendered":"https:\/\/redsemlac.com\/semmexico\/?p=88821"},"modified":"2024-10-31T14:16:43","modified_gmt":"2024-10-31T20:16:43","slug":"un-filme-inspirado-en-un-corrido-retrata-la-crisis-de-feminicidios-en-el-norte-de-mexico","status":"publish","type":"post","link":"https:\/\/redsemlac.com\/semmexico\/un-filme-inspirado-en-un-corrido-retrata-la-crisis-de-feminicidios-en-el-norte-de-mexico\/","title":{"rendered":"Un filme inspirado en un corrido retrata la crisis de feminicidios en el norte de M\u00e9xico"},"content":{"rendered":"\n<p class=\"wp-block-paragraph\">Fotograf\u00eda: EFE<\/p>\n\n\n\n<p class=\"wp-block-paragraph\"><br>La pel\u00edcula mexicana &#8216;El Desaire&#8217; retrata la crisis de feminicidios en el norte del pa\u00eds, el\u00a0 25 de noviembre se realizar\u00e1 una funci\u00f3n especial de la pel\u00edcula en Saltillo, Coahuila<\/p>\n\n\n\n<p class=\"wp-block-paragraph\">Inspirada en \u2018Rosita Alvirez\u2019, un corrido sobre el asesinato de una mujer por razones de g\u00e9nero, explican el director Gabriel Ramos, y el productor ejecutivo, Armando Castilla.<\/p>\n\n\n\n<p class=\"wp-block-paragraph\"><br>Redacci\u00f3n<br><\/p>\n\n\n\n<p class=\"wp-block-paragraph\">SemM\u00e9xico\/ Con informaci\u00f3n de EFE, Monterrey, Nuevo Le\u00f3n, 31 de octubre, 2024.- La pel\u00edcula mexicana &#8216;El Desaire&#8217; retrata la&nbsp;crisis de feminicidios&nbsp;en el norte del pa\u00eds, inspirada en \u2018Rosita Alvirez\u2019, un corrido sobre el asesinato de una mujer por razones de g\u00e9nero, seg\u00fan explicaron a EFE el director&nbsp;Gabriel Ramos, y el productor ejecutivo,&nbsp;Armando Castilla.<\/p>\n\n\n\n<p class=\"wp-block-paragraph\">Ramos detall\u00f3 que la cinta busca \u00abtraer a la actualidad\u00bb la historia del&nbsp;feminicidio de Rosita Alvirez que ocurri\u00f3 en 1900&nbsp;en la ciudad de Saltillo, capital del estado de Coahuila, porque estos cr\u00edmenes persisten y van en aumento.<\/p>\n\n\n\n<p class=\"wp-block-paragraph\"><em>\u00abEl corrido tiene m\u00e1s de 100 a\u00f1os y es lamentable que tengamos casi 11 feminicidios diarios en M\u00e9xico(&#8230;) es inaceptable\u00bb, se\u00f1al\u00f3 el tambi\u00e9n periodista.<\/em><\/p>\n\n\n\n<p class=\"wp-block-paragraph\">Castilla agreg\u00f3 que si la pel\u00edcula le puede cambiar la vida a una mujer&nbsp;v\u00edctima de violencia o llevar a la reflexi\u00f3n, el objetivo estar\u00e1 logrado.<\/p>\n\n\n\n<p class=\"wp-block-paragraph\">\u00abCreo que nunca es suficiente el tratar de&nbsp;se\u00f1alar y atender&nbsp;este problema\u00bb, dijo el director general del peri\u00f3dico Vanguardia.<\/p>\n\n\n\n<p class=\"wp-block-paragraph\">El productor ejecutivo advirti\u00f3 de que no solo la&nbsp;cifra de feminicidios en el pa\u00eds se incrementa cada vez m\u00e1s, sino que tambi\u00e9n se tiende a normalizar la violencia y discriminaci\u00f3n en contra de las mujeres, por lo que urge tomar acciones.<\/p>\n\n\n\n<p class=\"wp-block-paragraph\"><em>\u00abTiene que haber una forma de visibilizar todos estos casos\u00bb, indic\u00f3 Castilla.<\/em><\/p>\n\n\n\n<p class=\"wp-block-paragraph\">De enero a septiembre de este a\u00f1o en M\u00e9xico&nbsp;se han registrado 598 feminicidios y 2.026 homicidios&nbsp;dolosos de mujeres, un promedio de 10 asesinadas al d\u00eda, seg\u00fan cifras del Secretariado Ejecutivo del Sistema Nacional de Seguridad P\u00fablica (SESNSP).<\/p>\n\n\n\n<p class=\"wp-block-paragraph\">Una apuesta independiente<\/p>\n\n\n\n<p class=\"wp-block-paragraph\">La pel\u00edcula se film\u00f3 en el centro hist\u00f3rico de Saltillo, en sitios como el Mes\u00f3n La Gloria, las escalinatas de Santa Anita, la Catedral, la Alameda y la Universidad Carolina, porque tambi\u00e9n se&nbsp;busca descentralizar el cine en M\u00e9xico&nbsp;y, a la vez, impulsar el turismo en la regi\u00f3n, agreg\u00f3 el director.<\/p>\n\n\n\n<p class=\"wp-block-paragraph\">Ramos indic\u00f3 que el costo de la producci\u00f3n fue de 12 millones de pesos mexicanos (unos 600.000 d\u00f3lares), pero no se recibi\u00f3 ning\u00fan apoyo, por lo que es un proyecto totalmente independiente, adem\u00e1s de que un&nbsp;90 % de las personas que participaron son de Saltillo y de Coahuila.<\/p>\n\n\n\n<p class=\"wp-block-paragraph\"><em>Castilla apunt\u00f3 que la apuesta fue desarrollar el proyecto en Coahuila para descentralizar el cine, generar empleos locales, as\u00ed como promover el estado.<\/em><\/p>\n\n\n\n<p class=\"wp-block-paragraph\">La cinta que es&nbsp;coproducida por&nbsp;el&nbsp;peri\u00f3dico Vanguardia y&nbsp;la&nbsp;Universidad Carolina, con las actuaciones centrales de Vico Escorcia, Joshua Okamoto y Guillermo Alonso.<\/p>\n\n\n\n<p class=\"wp-block-paragraph\">El productor ejecutivo coment\u00f3 que en el marco del 50 aniversario del diario en 2025&nbsp;buscaron nuevos formatos&nbsp;para ampliar las posibilidades de seguir contando historias de inter\u00e9s e impacto en la sociedad.<\/p>\n\n\n\n<ul class=\"wp-block-list\">\n<li>El pr\u00f3ximo 25 de noviembre se realizar\u00e1 una funci\u00f3n especial de la pel\u00edcula en Saltillo, aunque el objetivo es que vaya a los distintos festivales en M\u00e9xico y el extranjero antes de su estreno en cartelera el a\u00f1o entrante.<\/li>\n<\/ul>\n\n\n\n<p class=\"wp-block-paragraph\">La cinta adem\u00e1s cuenta con la musicalizaci\u00f3n de&nbsp;Arturo Rodr\u00edguez, quien colabor\u00f3 en &#8216;Megal\u00f3polis&#8217; del reconocido director Francis Ford Coppola.&nbsp;<\/p>\n","protected":false},"excerpt":{"rendered":"<p>Fotograf\u00eda: EFE La pel\u00edcula mexicana &#8216;El Desaire&#8217; retrata la crisis de feminicidios en el norte del pa\u00eds, el\u00a0 25 de noviembre se realizar\u00e1 una funci\u00f3n especial de la pel\u00edcula en Saltillo, Coahuila Inspirada en \u2018Rosita Alvirez\u2019, un corrido sobre el asesinato de una mujer por razones de g\u00e9nero, explican el director Gabriel Ramos, y el [&hellip;]<\/p>\n","protected":false},"author":3,"featured_media":88822,"comment_status":"open","ping_status":"open","sticky":false,"template":"","format":"standard","meta":{"_monsterinsights_skip_tracking":false,"footnotes":""},"categories":[748],"tags":[],"class_list":["post-88821","post","type-post","status-publish","format-standard","has-post-thumbnail","category-cultura-feminista"],"_links":{"self":[{"href":"https:\/\/redsemlac.com\/semmexico\/wp-json\/wp\/v2\/posts\/88821","targetHints":{"allow":["GET"]}}],"collection":[{"href":"https:\/\/redsemlac.com\/semmexico\/wp-json\/wp\/v2\/posts"}],"about":[{"href":"https:\/\/redsemlac.com\/semmexico\/wp-json\/wp\/v2\/types\/post"}],"author":[{"embeddable":true,"href":"https:\/\/redsemlac.com\/semmexico\/wp-json\/wp\/v2\/users\/3"}],"replies":[{"embeddable":true,"href":"https:\/\/redsemlac.com\/semmexico\/wp-json\/wp\/v2\/comments?post=88821"}],"version-history":[{"count":0,"href":"https:\/\/redsemlac.com\/semmexico\/wp-json\/wp\/v2\/posts\/88821\/revisions"}],"wp:featuredmedia":[{"embeddable":true,"href":"https:\/\/redsemlac.com\/semmexico\/wp-json\/wp\/v2\/media\/88822"}],"wp:attachment":[{"href":"https:\/\/redsemlac.com\/semmexico\/wp-json\/wp\/v2\/media?parent=88821"}],"wp:term":[{"taxonomy":"category","embeddable":true,"href":"https:\/\/redsemlac.com\/semmexico\/wp-json\/wp\/v2\/categories?post=88821"},{"taxonomy":"post_tag","embeddable":true,"href":"https:\/\/redsemlac.com\/semmexico\/wp-json\/wp\/v2\/tags?post=88821"}],"curies":[{"name":"wp","href":"https:\/\/api.w.org\/{rel}","templated":true}]}}