{"id":88811,"date":"2024-10-31T14:09:53","date_gmt":"2024-10-31T20:09:53","guid":{"rendered":"https:\/\/redsemlac.com\/semmexico\/?p=88811"},"modified":"2024-10-31T14:10:07","modified_gmt":"2024-10-31T20:10:07","slug":"rompiendo-mitos-la-violencia-digital-es-preocupacion-de-voceras-intelectuales-o-politicas-a-la-de-clase-media-y-alta-mientras-no-importa-demasiado-a-usuarias-en-general-o-pobres-instit","status":"publish","type":"post","link":"https:\/\/redsemlac.com\/semmexico\/rompiendo-mitos-la-violencia-digital-es-preocupacion-de-voceras-intelectuales-o-politicas-a-la-de-clase-media-y-alta-mientras-no-importa-demasiado-a-usuarias-en-general-o-pobres-instit\/","title":{"rendered":"Rompiendo mitos: la violencia digital es preocupaci\u00f3n de\u00a0voceras intelectuales o pol\u00edticas, a la de clase media y alta, mientras no importa demasiado a usuarias en general o\u00a0 pobres : Instituto Federal de Telecomunicaciones"},"content":{"rendered":"\n<p class=\"wp-block-paragraph\">El reporte de percepci\u00f3n y experiencia tambi\u00e9n&nbsp; se\u00f1ala que a las m\u00e1s j\u00f3venes no les preocupa y no responden&nbsp; al insulto ni al acoso<\/p>\n\n\n\n<p class=\"wp-block-paragraph\"><em>Y cuando la sufren denuncian a&nbsp; la Polic\u00eda Cibern\u00e9tica, o simplemente&nbsp; bloquean al violentador<\/em><strong><em>&nbsp;<\/em><\/strong><\/p>\n\n\n\n<p class=\"wp-block-paragraph\">Sara Lovera<\/p>\n\n\n\n<p class=\"wp-block-paragraph\">SemM\u00e9xico, Cd. de M\u00e9xico, 31 de octubre, 2024.- La violencia digital por internet contra las mujeres, seg\u00fan un reporte de percepci\u00f3n del Instituto Federal de Telecomunicaciones revel\u00f3 que en general a las usuarias les preocupa&nbsp; poco una&nbsp; situaci\u00f3n, que ocupa demasiado a&nbsp; intelectuales, estudiosas o pol\u00edticas.<\/p>\n\n\n\n<p class=\"wp-block-paragraph\">Cuando el IFT&nbsp; busc\u00f3 conocer la experiencia de quienes sufren insultos o amenazas por la telefon\u00eda m\u00f3vil, tambi\u00e9n constat\u00f3 que son las adultas o informadas las m\u00e1s preocupada en sufrirla.<\/p>\n\n\n\n<p class=\"wp-block-paragraph\">Esto es la violencia digital, que toma mucho tiempo de an\u00e1lisis y b\u00fasqueda de leyes, deja en claro que esta&nbsp; situaci\u00f3n&nbsp; preocupa n a las mujeres adultas de clase alta y media y a las m\u00e1s educadas, las m\u00e1s pobres y j\u00f3venes no les preocupa.<\/p>\n\n\n\n<p class=\"wp-block-paragraph\">En comparaci\u00f3n a las mujeres acomodadas y educadas no temen en la telefon\u00eda m\u00f3vil eventos de acoso o intentos de fraude. En general los hallazgos indican que la violencia digital no es tema para la mayor\u00eda de las mujeres.<\/p>\n\n\n\n<p class=\"wp-block-paragraph\">El IFT en su estudio tambi\u00e9n busc\u00f3 conocer la experiencia de las v\u00edctimas y encontr\u00f3 que las mujeres de mayor nivel socioecon\u00f3mico si reconocen qu\u00e9 es la violencia digital, en general, las m\u00e1s pobres tienen mucho m\u00e1s miedo a las amenazas por la telefon\u00eda m\u00f3vil.&nbsp;<\/p>\n\n\n\n<p class=\"wp-block-paragraph\">Los hallazgos de este&nbsp; Reporte denominado&nbsp; \u201cPercepci\u00f3n de las mujeres usuarias de los servicios de internet fijo y telefon\u00eda m\u00f3vil sobre la violencia digital\u201d, se hizo&nbsp; con el fin de mostrar un panorama en torno a la percepci\u00f3n de las mujeres usuarias de internet sobre la violencia digital, conocer si alguna vez han sido v\u00edctimas, su experiencia, as\u00ed como las medidas que tomaron para protegerse o prevenirla.<\/p>\n\n\n\n<p class=\"wp-block-paragraph\">Con la finalidad de identificar las diferencias y semejanzas entre cada una de las categor\u00edas, la informaci\u00f3n se presenta por Nivel Socioecon\u00f3mico (NSE): ABC+, CC-, D+ y DE; nivel de escolaridad y por grupos de edad (18-24 a\u00f1os, 25-34 a\u00f1os, 35-49 a\u00f1os y 50 a\u00f1os y m\u00e1s).<\/p>\n\n\n\n<p class=\"wp-block-paragraph\">De acuerdo con las personas que participaron en el estudio cualitativo del IFT, la violencia digital significa un comportamiento ofensivo hacia una persona, ya sea por su aspecto f\u00edsico o bien por sus creencias, valores o pensamientos, a trav\u00e9s de un medio digital.&nbsp;<\/p>\n\n\n\n<ul class=\"wp-block-list\">\n<li>A\/B: Clase alta, el segmento con el nivel de vida m\u00e1s alto\u00a0<\/li>\n\n\n\n<li>C+: Clase media alta, el segundo grupo con el nivel de vida m\u00e1s alto\u00a0<\/li>\n\n\n\n<li>C: Clase media, un nivel de vida pr\u00e1ctico con algunas comodidades\u00a0<\/li>\n\n\n\n<li>D+: Nivel socioecon\u00f3mico en el que el 76% de los jefes de hogar tienen estudios hasta secundaria\u00a0<\/li>\n<\/ul>\n\n\n\n<p class=\"wp-block-paragraph\">Las personas con un NSE bajo suelen tener menos acceso a recursos financieros, educativos, sociales y de salud<\/p>\n\n\n\n<p class=\"wp-block-paragraph\"><strong>Acciones que asocian las mujeres usuarias con violencia digital<\/strong><\/p>\n\n\n\n<p class=\"wp-block-paragraph\">Las principales acciones que asocian con violencia digital, es ser acosadas y recibir insultos; destaca que el mayor porcentaje de mujeres con NSE DE, as\u00ed como las que no estudiaron se\u00f1alaron que no saben o no contestaron (56.3% y 76.2%, respectivamente).<\/p>\n\n\n\n<p class=\"wp-block-paragraph\">En ese sentido, el reporte permiti\u00f3 identificar que, a mayor NSE y nivel de escolaridad, las mujeres usuarias identifican en mayor medida las acciones que constituyen la violencia digital.<\/p>\n\n\n\n<p class=\"wp-block-paragraph\"><strong>\u00bfQu\u00e9 tanto le preocupa sufrir violencia digital?<\/strong><\/p>\n\n\n\n<p class=\"wp-block-paragraph\">La mayor\u00eda de las mujeres usuarias de internet mencionaron que les preocupa mucho sufrir violencia digital a trav\u00e9s de este medio. Sin embargo, para las mujeres con NSE DE, se identific\u00f3 en mayor proporci\u00f3n que no les preocupa. Por nivel de escolaridad se muestra que a menor grado de estudio la preocupaci\u00f3n es menor.<\/p>\n\n\n\n<figure class=\"wp-block-image\"><img decoding=\"async\" src=\"https:\/\/lh7-rt.googleusercontent.com\/docsz\/AD_4nXdtEb1lPSsXRReLlq2Xvb2xbokcieRWEvMv5b65A29xJ3fY6U1oQLYnFbeWBpOZw_pQdSHfKyjbjmbmoG0JkOKU4jWRxnJJc2H0LYgje3Kdatt3YOFMUZgaVNex1iuffUyNzuwb5wYz_tji-7b3jWqdU0Q0cmHwgylzbVjLhA?key=UIeVvK7eWEhkGe9sxYX3XZRj\" alt=\"Gr\u00e1fico\n\nDescripci\u00f3n generada autom\u00e1ticamente\"\/><\/figure>\n\n\n\n<p class=\"wp-block-paragraph\">Las mujeres usuarias de telefon\u00eda m\u00f3vil mencionaron que les preocupa mucho recibir alguna llamada y\/o mensaje de texto (SMS) con amenazas, insultos o para extorsionarlas. Para las mujeres con NSE ABC+ y mayor escolaridad este porcentaje fue menor, mientras que en los dem\u00e1s NSE y las mujeres que no estudiaron, el porcentaje aumenta.<\/p>\n\n\n\n<figure class=\"wp-block-image\"><img decoding=\"async\" src=\"https:\/\/lh7-rt.googleusercontent.com\/docsz\/AD_4nXf97dMGnuUMxzXbXKeoCDMCYL78EuRMXr9hsCw52ZlrwS7L6vrHktDlER810tY2BkMiPieujxJarT74pw5Yt0CWAdzaJQaEhty9IM52Nb2A7sP3EpubdrpAsDR2OGqwYjACCBU_kiCiP9FeQE2F-HnPr9BkANPifS8C98apwg?key=UIeVvK7eWEhkGe9sxYX3XZRj\" alt=\"Gr\u00e1fico, Gr\u00e1fico de barras\n\nDescripci\u00f3n generada autom\u00e1ticamente\"\/><\/figure>\n\n\n\n<p class=\"wp-block-paragraph\"><strong>\u00bfHan sido v\u00edctimas de violencia digital?<\/strong><\/p>\n\n\n\n<p class=\"wp-block-paragraph\">De manera general, las mujeres usuarias mencionaron en menor porcentaje que ellas y\/o alg\u00fan familiar o amistad han sido v\u00edctimas de violencia digital. Se observ\u00f3 que, a mayor NSE y nivel de escolaridad el porcentaje de v\u00edctimas de violencia digital aumenta.<\/p>\n\n\n\n<figure class=\"wp-block-image\"><img decoding=\"async\" src=\"https:\/\/lh7-rt.googleusercontent.com\/docsz\/AD_4nXd1C58JMLprAv4AlGeChHy0MzQoTjAqFilqZeklRmOWJ38gp5cltENJul8_xjWTRSi1091VKjV2YBTzw-0talWAGaLA_-jCbaZndAIpbVf2wyohjZm6xha2RiyrEAk3ofC4LNcCsP2fLpLLkqwHgHFNSFhGgL8SPFzppdY_Wg?key=UIeVvK7eWEhkGe9sxYX3XZRj\" alt=\"Gr\u00e1fico, Gr\u00e1fico de barras\n\nDescripci\u00f3n generada autom\u00e1ticamente\"\/><\/figure>\n\n\n\n<p class=\"wp-block-paragraph\">Sobre las principales causas de las que fueron v\u00edctimas de violencia digital, las mujeres usuarias mencionaron ser acosadas y recibir insultos. Destaca que las&nbsp;mujeres con NSE DE mencionaron ser mayoritariamente v\u00edctimas de fraude, mientras que, por nivel de escolaridad las usuarias que no estudiaron se\u00f1alaron haber sido discriminadas.<\/p>\n\n\n\n<figure class=\"wp-block-image\"><img decoding=\"async\" src=\"https:\/\/lh7-rt.googleusercontent.com\/docsz\/AD_4nXeFuq1d1P7hNZ5qKZQlwVHkS96mzm6YCkVhGR1_tRYiu8ekBpPCrwurmYU-rJsf8VHwGyWaVctn16FWjL913xMKFzzGraEFMGNWakPVaiEnJfKfiCRZVlugN69hcyL7-alk0yfj1JzvmfHDSwtLQvUBf1j6PeKPPsP9hAmVlQ?key=UIeVvK7eWEhkGe9sxYX3XZRj\" alt=\"Imagen que contiene Gr\u00e1fico de barras\n\nDescripci\u00f3n generada autom\u00e1ticamente\"\/><\/figure>\n\n\n\n<p class=\"wp-block-paragraph\"><strong>Riesgo por edad<\/strong><\/p>\n\n\n\n<p class=\"wp-block-paragraph\">Sin importar el NSE, las mujeres usuarias de internet fijo mencionaron principalmente que ni\u00f1os, ni\u00f1as y adolescentes tienen mayor riesgo de ser v\u00edctimas de violencia digital a trav\u00e9s de internet.<\/p>\n\n\n\n<figure class=\"wp-block-image\"><img decoding=\"async\" src=\"https:\/\/lh7-rt.googleusercontent.com\/docsz\/AD_4nXexLF7DOwIO2183X-xVuo-L78xFCMrZOrY01yWDBi2JkumkHwYes_Pk158tmM1tr4HQikvqj-cVY53V3U888Fr_-87HIFoIy7X3j6faFsbzG9gS6k4VNDi6Et3zVdOnhFk02U3Ug2AMtH8JarVFG0aYnbklBeYmNsZ41_Lcew?key=UIeVvK7eWEhkGe9sxYX3XZRj\" alt=\"Imagen que contiene Calendario\n\nDescripci\u00f3n generada autom\u00e1ticamente\"\/><\/figure>\n\n\n\n<p class=\"wp-block-paragraph\"><strong>Medidas de protecci\u00f3n<\/strong><\/p>\n\n\n\n<p class=\"wp-block-paragraph\">Sin importar el NSE y nivel de escolaridad, las principales acciones que realizan las mujeres usuarias para protegerse o prevenir la violencia digital es evitar compartir contrase\u00f1as de sus dispositivos y\/o aplicaciones, as\u00ed como evitar compartir informaci\u00f3n personal.<\/p>\n\n\n\n<p class=\"wp-block-paragraph\">Denunciar ante la Polic\u00eda Cibern\u00e9tica, as\u00ed como bloquear a la persona, son las principales acciones que hicieron o har\u00edan las mujeres usuarias si experimentaran violencia digital. En contraste, las mujeres con NSE DE y que no estudiaron mencionaron principalmente hacer caso omiso\/no hacer algo\/ignorar.<\/p>\n\n\n\n<p class=\"wp-block-paragraph\"><strong>Acciones para prevenir o evitar la violencia digital<\/strong><\/p>\n\n\n\n<p class=\"wp-block-paragraph\">De acuerdo con el estudio cualitativo realizado por el IFT sobre violencia digital, las personas participantes, mencionaron algunas acciones en el \u00e1mbito educativo, social y gubernamental, que ayudar\u00e1n a inhibir o evitar la violencia digital.<\/p>\n\n\n\n<figure class=\"wp-block-image\"><img decoding=\"async\" src=\"https:\/\/lh7-rt.googleusercontent.com\/docsz\/AD_4nXdSB2S3bl9YvPWakGHkVG3DuhtSuaaKCVFVLPbIVZtllJhHHhwUIYVzbO1w4yzgBtc17M5ucrosa11U38bhuSBut7gha5CmXGOnbYVxNh1mnsfkdmE6GcSEjiFUQI_JSwr3I6PD_cCBBnZUQAZheZtEWMAgkhyXqVnBW_aX7Q?key=UIeVvK7eWEhkGe9sxYX3XZRj\" alt=\"Texto\n\nDescripci\u00f3n generada autom\u00e1ticamente\"\/><\/figure>\n\n\n\n<p class=\"wp-block-paragraph\">En cuanto a las medidas preventivas, las personas participantes del estudio cualitativo coinciden de manera espont\u00e1nea, que son los(as) propios(as) usuarios(as) quienes tienen que establecer sus medidas de protecci\u00f3n. Algunas medidas de protecci\u00f3n que implementaron se dan de forma intuitiva y emp\u00edrica. A medida que escuchan o han sido v\u00edctimas de violencia digital van implementando medidas hasta sentirse seguras.<\/p>\n\n\n\n<figure class=\"wp-block-image\"><img decoding=\"async\" src=\"https:\/\/lh7-rt.googleusercontent.com\/docsz\/AD_4nXfxxqLsk_RDhmLMVvn9yS975b6sAEQhYUMchg8B8vIkWDJXu2XZ12zz6Y0D7pL2bTCfYlPqdZa6sEOMxHmpdWNmPfvyY_gBe2Esolk13uJKnHRmMghpeh1so3p2nK1601ljuTD1IA-V-XmOok4M-tRdzjCDIerOsXMs5Hnt4A?key=UIeVvK7eWEhkGe9sxYX3XZRj\" alt=\"Interfaz de usuario gr\u00e1fica, Texto, Aplicaci\u00f3n, Correo electr\u00f3nico\n\nDescripci\u00f3n generada autom\u00e1ticamente\"\/><\/figure>\n\n\n\n<p class=\"wp-block-paragraph\">El IFT refrenda su compromiso de generar estudios, an\u00e1lisis y estad\u00edsticas con perspectiva de g\u00e9nero, que permitan abonar al conocimiento de la situaci\u00f3n en la sociedad, as\u00ed como de las mujeres y ni\u00f1as, y otros grupos de inter\u00e9s, para generar recomendaciones, y brindar informaci\u00f3n que permita el an\u00e1lisis del sector de las telecomunicaciones para generar acciones en beneficio de las personas usuarias.<\/p>\n\n\n\n<p class=\"wp-block-paragraph\">El Reporte puede consultarse en la siguiente liga:&nbsp;<a href=\"https:\/\/www.ift.org.mx\/usuarios-y-audiencias\/percepcion-de-las-mujeres-usuarias-de-los-servicios-de-internet-fijo-y-telefonia-movil-sobre-la-violencia-digital\">https:\/\/www.ift.org.mx\/usuarios-y-audiencias\/percepcion-de-las-mujeres-usuarias-de-los-servicios-de-internet-fijo-y-telefonia-movil-sobre-la-violencia-digital<\/a><\/p>\n","protected":false},"excerpt":{"rendered":"<p>El reporte de percepci\u00f3n y experiencia tambi\u00e9n&nbsp; se\u00f1ala que a las m\u00e1s j\u00f3venes no les preocupa y no responden&nbsp; al insulto ni al acoso Y cuando la sufren denuncian a&nbsp; la Polic\u00eda Cibern\u00e9tica, o simplemente&nbsp; bloquean al violentador&nbsp; Sara Lovera SemM\u00e9xico, Cd. de M\u00e9xico, 31 de octubre, 2024.- La violencia digital por internet contra las [&hellip;]<\/p>\n","protected":false},"author":3,"featured_media":88812,"comment_status":"open","ping_status":"open","sticky":false,"template":"","format":"standard","meta":{"_monsterinsights_skip_tracking":false,"footnotes":""},"categories":[694],"tags":[],"class_list":["post-88811","post","type-post","status-publish","format-standard","has-post-thumbnail","category-destacadas"],"_links":{"self":[{"href":"https:\/\/redsemlac.com\/semmexico\/wp-json\/wp\/v2\/posts\/88811","targetHints":{"allow":["GET"]}}],"collection":[{"href":"https:\/\/redsemlac.com\/semmexico\/wp-json\/wp\/v2\/posts"}],"about":[{"href":"https:\/\/redsemlac.com\/semmexico\/wp-json\/wp\/v2\/types\/post"}],"author":[{"embeddable":true,"href":"https:\/\/redsemlac.com\/semmexico\/wp-json\/wp\/v2\/users\/3"}],"replies":[{"embeddable":true,"href":"https:\/\/redsemlac.com\/semmexico\/wp-json\/wp\/v2\/comments?post=88811"}],"version-history":[{"count":0,"href":"https:\/\/redsemlac.com\/semmexico\/wp-json\/wp\/v2\/posts\/88811\/revisions"}],"wp:featuredmedia":[{"embeddable":true,"href":"https:\/\/redsemlac.com\/semmexico\/wp-json\/wp\/v2\/media\/88812"}],"wp:attachment":[{"href":"https:\/\/redsemlac.com\/semmexico\/wp-json\/wp\/v2\/media?parent=88811"}],"wp:term":[{"taxonomy":"category","embeddable":true,"href":"https:\/\/redsemlac.com\/semmexico\/wp-json\/wp\/v2\/categories?post=88811"},{"taxonomy":"post_tag","embeddable":true,"href":"https:\/\/redsemlac.com\/semmexico\/wp-json\/wp\/v2\/tags?post=88811"}],"curies":[{"name":"wp","href":"https:\/\/api.w.org\/{rel}","templated":true}]}}