{"id":88751,"date":"2024-10-30T18:07:14","date_gmt":"2024-10-31T00:07:14","guid":{"rendered":"https:\/\/redsemlac.com\/semmexico\/?p=88751"},"modified":"2024-10-30T18:07:15","modified_gmt":"2024-10-31T00:07:15","slug":"amnistia-internacional-exige-a-fiscalia-de-michoacan-investigacion-del-asesinato-del-periodista-de-uruapan-mauricio-cruz-solis","status":"publish","type":"post","link":"https:\/\/redsemlac.com\/semmexico\/amnistia-internacional-exige-a-fiscalia-de-michoacan-investigacion-del-asesinato-del-periodista-de-uruapan-mauricio-cruz-solis\/","title":{"rendered":"Amnist\u00eda Internacional exige a Fiscal\u00eda de Michoac\u00e1n investigaci\u00f3n del asesinato del periodista de Uruapan, Mauricio Cruz Sol\u00eds"},"content":{"rendered":"\n<p class=\"wp-block-paragraph\"><\/p>\n\n\n\n<p class=\"wp-block-paragraph\">Micaela M\u00e1rquez<\/p>\n\n\n\n<p class=\"wp-block-paragraph\">SemM\u00e9xico, Ciudad de M\u00e9xico, 30 de octubre,&nbsp; 2024.- Amnist\u00eda Internacional M\u00e9xico condena el asesinato del periodista Mauricio Cruz Sol\u00eds en Uruapan, Michoac\u00e1n la noche del martes despu\u00e9s de haber entrevistado al presidente municipal.<\/p>\n\n\n\n<p class=\"wp-block-paragraph\">La organizaci\u00f3n de Derechos Humanos exige a la Fiscal\u00eda de Michoac\u00e1n llevar a cabo las investigaciones necesarias que esclarezcan el hecho considerando su labor como periodista.&nbsp;<\/p>\n\n\n\n<p class=\"wp-block-paragraph\">De acuerdo a la informaci\u00f3n de los medios y redes digitales el periodista hab\u00eda concluido una entrevista en vivo con el presidente municipal Carlos Manzo. Los hechos ocurrieron cerca de las 21:30 hrs., las autoridades locales implementaron un operativo en La Casa de Cultura de Uruapan porque ah\u00ed fue donde el cuerpo del periodista quedo tendido.&nbsp;&nbsp;&nbsp;&nbsp;<\/p>\n\n\n\n<p class=\"wp-block-paragraph\">Ten\u00eda 25 a\u00f1os pero con experiencia, fund\u00f3 el&nbsp; portal \u201cMinuto x Minuto Michoac\u00e1n\u201d hab\u00eda anunciado la creaci\u00f3n del espacio La Jiribilla Naichow, que se llevar\u00eda a cabo en un espacio abierto, eligiendo as\u00ed la v\u00eda p\u00fablica como escenario principal.<\/p>\n\n\n\n<p class=\"wp-block-paragraph\">Trabaj\u00f3 como reportero del peri\u00f3dico ABC<em> <\/em>del estado de Michoac\u00e1n, colabor\u00f3 para el peri\u00f3dico La Opini\u00f3n de Michoac\u00e1n y fue conductor de noticias en Enlace Informativo Michoac\u00e1n del Grupo Radiorama.&nbsp;<\/p>\n\n\n\n<p class=\"wp-block-paragraph\">En su plataforma tocaba temas relacionados con la pol\u00edtica, de seguridad y eventos de \u00edndole comunitario. El comunicador era elogiado por la manera en la cual daba a conocer los hechos pol\u00edticos y de violencia en la entidad, especialmente la relacionada con el narcotr\u00e1fico.<\/p>\n","protected":false},"excerpt":{"rendered":"<p>Micaela M\u00e1rquez SemM\u00e9xico, Ciudad de M\u00e9xico, 30 de octubre,&nbsp; 2024.- Amnist\u00eda Internacional M\u00e9xico condena el asesinato del periodista Mauricio Cruz Sol\u00eds en Uruapan, Michoac\u00e1n la noche del martes despu\u00e9s de haber entrevistado al presidente municipal. La organizaci\u00f3n de Derechos Humanos exige a la Fiscal\u00eda de Michoac\u00e1n llevar a cabo las investigaciones necesarias que esclarezcan el [&hellip;]<\/p>\n","protected":false},"author":3,"featured_media":88752,"comment_status":"open","ping_status":"open","sticky":false,"template":"","format":"standard","meta":{"_monsterinsights_skip_tracking":false,"footnotes":""},"categories":[48],"tags":[],"class_list":["post-88751","post","type-post","status-publish","format-standard","has-post-thumbnail","category-no-mas-impunidad-no-mas-impunidad"],"_links":{"self":[{"href":"https:\/\/redsemlac.com\/semmexico\/wp-json\/wp\/v2\/posts\/88751","targetHints":{"allow":["GET"]}}],"collection":[{"href":"https:\/\/redsemlac.com\/semmexico\/wp-json\/wp\/v2\/posts"}],"about":[{"href":"https:\/\/redsemlac.com\/semmexico\/wp-json\/wp\/v2\/types\/post"}],"author":[{"embeddable":true,"href":"https:\/\/redsemlac.com\/semmexico\/wp-json\/wp\/v2\/users\/3"}],"replies":[{"embeddable":true,"href":"https:\/\/redsemlac.com\/semmexico\/wp-json\/wp\/v2\/comments?post=88751"}],"version-history":[{"count":0,"href":"https:\/\/redsemlac.com\/semmexico\/wp-json\/wp\/v2\/posts\/88751\/revisions"}],"wp:featuredmedia":[{"embeddable":true,"href":"https:\/\/redsemlac.com\/semmexico\/wp-json\/wp\/v2\/media\/88752"}],"wp:attachment":[{"href":"https:\/\/redsemlac.com\/semmexico\/wp-json\/wp\/v2\/media?parent=88751"}],"wp:term":[{"taxonomy":"category","embeddable":true,"href":"https:\/\/redsemlac.com\/semmexico\/wp-json\/wp\/v2\/categories?post=88751"},{"taxonomy":"post_tag","embeddable":true,"href":"https:\/\/redsemlac.com\/semmexico\/wp-json\/wp\/v2\/tags?post=88751"}],"curies":[{"name":"wp","href":"https:\/\/api.w.org\/{rel}","templated":true}]}}