{"id":8868,"date":"2019-06-18T20:05:24","date_gmt":"2019-06-18T20:05:24","guid":{"rendered":"https:\/\/redsemlac.com\/semmexico\/?p=8868"},"modified":"2023-07-21T14:49:10","modified_gmt":"2023-07-21T19:49:10","slug":"amenazas-y-asesinatos-que-pierde-colombia","status":"publish","type":"post","link":"https:\/\/redsemlac.com\/semmexico\/amenazas-y-asesinatos-que-pierde-colombia\/","title":{"rendered":"Amenazas y asesinatos \u00bfQu\u00e9 pierde Colombia?"},"content":{"rendered":"\n<p class=\"wp-block-paragraph\"> <strong><em>Perdemos a personas preparadas.<\/em><\/strong><\/p>\n\n\n\n<p class=\"wp-block-paragraph\"><strong><em>Pierde la raqu\u00edtica democracia que empieza por el derecho a la vida, el derecho a opinar, a informar y ser informados.&nbsp;<\/em><\/strong><\/p>\n\n\n\n<p class=\"wp-block-paragraph\"><strong>Fabiola Calvo<\/strong><\/p>\n\n\n\n<p class=\"wp-block-paragraph\">SemM\u00e9xico\/La Independiente de Catalu\u00f1a. 18 de junio de 2019.- Cada d\u00eda una amenaza o un asesinato de un l\u00edder o una lideresa social en Colombia, que son m\u00e1s de 400 o 500, depende de la fuente, despu\u00e9s de la firma de los acuerdos con la guerrilla de las Farc el 26 de septiembre de 2016.<br>Es doloroso, demencial e inconstitucional para un pa\u00eds que se precia de tener un Estado Social de Derecho. Una persona que se dedica a defender los derechos humanos, los derechos de su comunidad o los de la sociedad&nbsp; en general se forma durante a\u00f1os con esfuerzo, dedicaci\u00f3n, convicci\u00f3n de lo que hace y con el apoyo de su gente, no es comparable con la creaci\u00f3n de un presidente en tres meses.<br>Sabemos \u00bfqu\u00e9 pierde Colombia con cada asesinato con cada amenaza? Una vida y otra vida pero resulta contradictorio que los detractores de la Interrupci\u00f3n Voluntaria del Embarazo (derecho que se toma o se deja) defiendan entre las hendijas el asesinato a l\u00edderes y lideresa porque no se trata solo de autores materiales. \u00bfD\u00f3nde est\u00e1n los autores intelectuales?<br>Pierde la raqu\u00edtica democracia que empieza por el derecho a la vida, el derecho a opinar, a informar y ser informados pero como no se trata de reproducir la Declaraci\u00f3n Universal de los Derechos Humanos y la Constituci\u00f3n Pol\u00edtica, diremos que perdemos a varias generaciones de personas que aportan de manera irrestricta a la construcci\u00f3n de los derechos y sobre todo a la dignidad, esa pr\u00e1ctica-concepci\u00f3n-sentir que parce en extinci\u00f3n.<br>Perdemos a personas preparadas en la intensidad de una vida llena de urgencias, necesidades y propuestas que solo puede dar la experiencia y que puede llegar a los libros a partir de ella; perdemos a personas que han recibido de la academia y que han puesto desde su activismo un valor agregado que no existe en los anaqueles del conocimiento.<br>Conocemos de muchos nombres de personas amenazadas con mensajes que demuestran un profundo odio (con intereses econ\u00f3micos y pol\u00edticos que no se anuncian) unido a una misoginia calculada y&nbsp; nos vale de ejemplo la lista de mujeres&nbsp; defensoras de los derechos humanos: Gloria Fl\u00f3rez Schneider, Mar\u00eda Nanacy Tequia, Mary Luz Herr\u00e1n, Martha Buritica (sic), Claudia Marcel Silva, Jaqueline Ocampo, Yaneida Rueda Salazar.<br>As\u00ed mismo este pasado 5 de junio fue amenazada la periodista Tatiana Salamanca y las fuentes a las que accedi\u00f3 para la realizaci\u00f3n el reportaje \u201cLa Favorita, la olla que se tom\u00f3 Bogot\u00e1\u201d y que fue publicado por UNIMINUTO Radio y por el impreso universitario Dat\u00e9ate.<br>El trabajo fue reconocido por la Sociedad Interamericana de Prensa en Argentina en octubre de 2018 y en la actualidad est\u00e1 nominada a las mejores 10 cr\u00f3nicas de Colombia por la iniciativa de Cola de Rata, inform\u00f3 en un comunicado Uniminuto Radio, la emisora de la Universidad Minuto de Dios.<br>Por fortuna a\u00fan nos queda el arte, la palabra, la poes\u00eda y de ello echa mano la artista Doris Salcedo que el pr\u00f3ximo lunes 10 de junio, \u201ccomo antesala del programa de Di\u00e1logos para la No Repetici\u00f3n de la Comisi\u00f3n de la Verdad, la artista estar\u00e1 al frente de una nueva intervenci\u00f3n en la Plaza de Bol\u00edvar en memoria de los l\u00edderes y lideresas asesinados desde la firma del Acuerdo Final de Paz\u201d.<br>Despidamos el miedo con honores o sin ellos o d\u00e9mosle una transformaci\u00f3n para un algo creativo que no sea la muerte, el exilio, la situaci\u00f3n de desplazamiento. Gobernantes, congresistas, sociedad colombiana, la tierra clama y el cielo grita para que no siga en aumento esa lista de ausentes. Pierde Colombia, perdemos todos porque parafraseando al poeta John Donne, no preguntes por qui\u00e9n doblan las campanas, doblan por ti, porque \u00e9l o ella como t\u00fa, hacen parte de la condici\u00f3n humana.\n\n<\/p>\n","protected":false},"excerpt":{"rendered":"<p>Perdemos a personas preparadas. Pierde la raqu\u00edtica democracia que empieza por el derecho a la vida, el derecho a opinar, a informar y ser informados.&nbsp; Fabiola Calvo SemM\u00e9xico\/La Independiente de Catalu\u00f1a. 18 de junio de 2019.- Cada d\u00eda una amenaza o un asesinato de un l\u00edder o una lideresa social en Colombia, que son m\u00e1s [&hellip;]<\/p>\n","protected":false},"author":3,"featured_media":8869,"comment_status":"open","ping_status":"open","sticky":false,"template":"","format":"standard","meta":{"_monsterinsights_skip_tracking":false,"footnotes":""},"categories":[690,82,110],"tags":[],"class_list":["post-8868","post","type-post","status-publish","format-standard","has-post-thumbnail","category-690","category-la-opinion","category-la-opinion-columnas"],"_links":{"self":[{"href":"https:\/\/redsemlac.com\/semmexico\/wp-json\/wp\/v2\/posts\/8868","targetHints":{"allow":["GET"]}}],"collection":[{"href":"https:\/\/redsemlac.com\/semmexico\/wp-json\/wp\/v2\/posts"}],"about":[{"href":"https:\/\/redsemlac.com\/semmexico\/wp-json\/wp\/v2\/types\/post"}],"author":[{"embeddable":true,"href":"https:\/\/redsemlac.com\/semmexico\/wp-json\/wp\/v2\/users\/3"}],"replies":[{"embeddable":true,"href":"https:\/\/redsemlac.com\/semmexico\/wp-json\/wp\/v2\/comments?post=8868"}],"version-history":[{"count":0,"href":"https:\/\/redsemlac.com\/semmexico\/wp-json\/wp\/v2\/posts\/8868\/revisions"}],"wp:featuredmedia":[{"embeddable":true,"href":"https:\/\/redsemlac.com\/semmexico\/wp-json\/wp\/v2\/media\/8869"}],"wp:attachment":[{"href":"https:\/\/redsemlac.com\/semmexico\/wp-json\/wp\/v2\/media?parent=8868"}],"wp:term":[{"taxonomy":"category","embeddable":true,"href":"https:\/\/redsemlac.com\/semmexico\/wp-json\/wp\/v2\/categories?post=8868"},{"taxonomy":"post_tag","embeddable":true,"href":"https:\/\/redsemlac.com\/semmexico\/wp-json\/wp\/v2\/tags?post=8868"}],"curies":[{"name":"wp","href":"https:\/\/api.w.org\/{rel}","templated":true}]}}