{"id":88679,"date":"2024-10-29T14:49:19","date_gmt":"2024-10-29T20:49:19","guid":{"rendered":"https:\/\/redsemlac.com\/semmexico\/?p=88679"},"modified":"2024-10-29T14:49:20","modified_gmt":"2024-10-29T20:49:20","slug":"las-creencias-socioculturales-y-familiares-influyen-en-las-conductas-sexuales","status":"publish","type":"post","link":"https:\/\/redsemlac.com\/semmexico\/las-creencias-socioculturales-y-familiares-influyen-en-las-conductas-sexuales\/","title":{"rendered":"Las creencias socioculturales y familiares influyen en las conductas sexuales"},"content":{"rendered":"\n<p class=\"wp-block-paragraph\">Una educaci\u00f3n correcta posibilitar\u00eda experiencias seguras, libres de coacci\u00f3n, discriminaci\u00f3n y violencia, consider\u00f3 Claudia Ivethe Jaen Cort\u00e9s<\/p>\n\n\n\n<p class=\"wp-block-paragraph\">Redacci\u00f3n<\/p>\n\n\n\n<p class=\"wp-block-paragraph\">SemM\u00e9xico, Cd. de M\u00e9xico, 28 de octubre, 2024.- Cuando una persona est\u00e1 expuesta a m\u00faltiples factores de riesgo, donde hay conflictos y tensiones, hay consecuencias negativas en su salud f\u00edsica y mental y, por ende, afecta distintas aristas del desarrollo, incluida la salud sexual y reproductiva, explic\u00f3 la coordinadora del Departamento de Comisiones Dictaminadoras de la Facultad de Psicolog\u00eda (FP) de la UNAM, Claudia Ivethe Jaen Cort\u00e9s.&nbsp;<\/p>\n\n\n\n<p class=\"wp-block-paragraph\">Lo anterior fue revelado en un estudio realizado en adolescentes, en el cual tambi\u00e9n se observ\u00f3 que las normas y creencias tradicionales respecto a la relaci\u00f3n de pareja con la sumisi\u00f3n de la mujer tienen a\u00fan fuerte influencia en la poblaci\u00f3n juvenil, por lo que es necesario ofrecerles mejor informaci\u00f3n respecto a la sexualidad y las formas sanas de relacionarse.&nbsp;<\/p>\n\n\n\n<p class=\"wp-block-paragraph\">Jaen Cort\u00e9s destac\u00f3 que a partir de la perspectiva psicol\u00f3gica se tienen que crear intervenciones y l\u00edneas de investigaci\u00f3n s\u00f3lidas para que reciban ayuda y la ejerzan de manera libre.&nbsp;<\/p>\n\n\n\n<p class=\"wp-block-paragraph\">La tambi\u00e9n profesora del posgrado de la FP se\u00f1al\u00f3 que la educaci\u00f3n en la materia se debe referir al completo bienestar f\u00edsico, mental y social en lo que concierne al sistema reproductivo y sus funciones, y no solamente a la ausencia de enfermedad, lo que incluye una vida \u00edntima segura y satisfactoria, con la capacidad de reproducci\u00f3n y la libertad de decidir sobre cu\u00e1ndo debe realizarlo.&nbsp;<\/p>\n\n\n\n<p class=\"wp-block-paragraph\">El trabajo de la especialista universitaria, que cont\u00f3 con la participaci\u00f3n de 444 adolescentes (207 hombres y 237 mujeres), revis\u00f3 los antecedentes de pareja rom\u00e1ntica en estudiantes de escuelas p\u00fablicas y privadas de 12 a 17 a\u00f1os. Se observ\u00f3 que durante esa etapa de la vida existe gran presi\u00f3n social para el comportamiento de pares de sexualidad y que las creencias socioculturales y familiares influyen claramente en las conductas sexuales.&nbsp;<\/p>\n\n\n\n<p class=\"wp-block-paragraph\">El principal problema, dijo, es que existe falta de cercan\u00eda en la relaci\u00f3n padres-hijos, pr\u00e1cticas parentales punitivas y vivir experiencias de violencia dom\u00e9stica, lo que fomenta conductas de riesgo como no usar cond\u00f3n o m\u00e9todos anticonceptivos.&nbsp;<\/p>\n\n\n\n<p class=\"wp-block-paragraph\">Record\u00f3 que la adolescencia es un periodo cuando se presentan cambios f\u00edsicos, psicol\u00f3gicos y sociales, as\u00ed como nuevos riesgos que ponen en conflicto sus derechos, especialmente en el \u00e1mbito de la sexualidad, matrimonio y maternidad, por lo que una educaci\u00f3n correcta posibilitar\u00eda experiencias seguras, libres de coacci\u00f3n, discriminaci\u00f3n y violencia.&nbsp;<\/p>\n\n\n\n<p class=\"wp-block-paragraph\">Sin embargo, la capacidad de tener una vida sexual satisfactoria sin riesgos de procrear, y la libertad de decidir hacerlo o no, puede verse afectada por diversos factores como la falta de informaci\u00f3n y orientaci\u00f3n, violencia, conductas sexuales de riesgo, entre otros, manifest\u00f3 en la charla \u201cFactores relacionados con la salud sexual y reproductiva en adolescentes\u201d, como parte del ciclo UNAMirada desde la Psicolog\u00eda.&nbsp;<\/p>\n\n\n\n<p class=\"wp-block-paragraph\">Jaen Cort\u00e9s agreg\u00f3 que el gobierno de M\u00e9xico, a trav\u00e9s de la Secretar\u00eda de Salud, impuls\u00f3 recientemente el Programa de Acci\u00f3n Espec\u00edfico Salud Sexual y Reproductiva (2020-2024), el cual tiene como eje rector la educaci\u00f3n integral en la materia a trav\u00e9s de brindar conocimientos basados en evidencia cient\u00edfica, que fomentan habilidades de an\u00e1lisis y fortalecimiento de capacidades para mejor toma de decisiones.&nbsp;<\/p>\n\n\n\n<p class=\"wp-block-paragraph\">Seg\u00fan la Encuesta Nacional de Salud y Nutrici\u00f3n (ENSANUT) 2022, 73.2 por ciento de la poblaci\u00f3n adolescente escuch\u00f3 sobre alg\u00fan m\u00e9todo anticonceptivo; 88 por ciento tuvo conocimientos correctos sobre el n\u00famero de veces que se puede usar un cond\u00f3n; 60.4 por ciento supo que este protege de embarazos y enfermedades de transmisi\u00f3n sexual; pero 17 por ciento no us\u00f3 m\u00e9todos anticonceptivos en su \u00faltima relaci\u00f3n.<\/p>\n","protected":false},"excerpt":{"rendered":"<p>Una educaci\u00f3n correcta posibilitar\u00eda experiencias seguras, libres de coacci\u00f3n, discriminaci\u00f3n y violencia, consider\u00f3 Claudia Ivethe Jaen Cort\u00e9s Redacci\u00f3n SemM\u00e9xico, Cd. de M\u00e9xico, 28 de octubre, 2024.- Cuando una persona est\u00e1 expuesta a m\u00faltiples factores de riesgo, donde hay conflictos y tensiones, hay consecuencias negativas en su salud f\u00edsica y mental y, por ende, afecta distintas [&hellip;]<\/p>\n","protected":false},"author":3,"featured_media":88680,"comment_status":"open","ping_status":"open","sticky":false,"template":"","format":"standard","meta":{"_monsterinsights_skip_tracking":false,"footnotes":""},"categories":[748],"tags":[],"class_list":["post-88679","post","type-post","status-publish","format-standard","has-post-thumbnail","category-cultura-feminista"],"_links":{"self":[{"href":"https:\/\/redsemlac.com\/semmexico\/wp-json\/wp\/v2\/posts\/88679","targetHints":{"allow":["GET"]}}],"collection":[{"href":"https:\/\/redsemlac.com\/semmexico\/wp-json\/wp\/v2\/posts"}],"about":[{"href":"https:\/\/redsemlac.com\/semmexico\/wp-json\/wp\/v2\/types\/post"}],"author":[{"embeddable":true,"href":"https:\/\/redsemlac.com\/semmexico\/wp-json\/wp\/v2\/users\/3"}],"replies":[{"embeddable":true,"href":"https:\/\/redsemlac.com\/semmexico\/wp-json\/wp\/v2\/comments?post=88679"}],"version-history":[{"count":0,"href":"https:\/\/redsemlac.com\/semmexico\/wp-json\/wp\/v2\/posts\/88679\/revisions"}],"wp:featuredmedia":[{"embeddable":true,"href":"https:\/\/redsemlac.com\/semmexico\/wp-json\/wp\/v2\/media\/88680"}],"wp:attachment":[{"href":"https:\/\/redsemlac.com\/semmexico\/wp-json\/wp\/v2\/media?parent=88679"}],"wp:term":[{"taxonomy":"category","embeddable":true,"href":"https:\/\/redsemlac.com\/semmexico\/wp-json\/wp\/v2\/categories?post=88679"},{"taxonomy":"post_tag","embeddable":true,"href":"https:\/\/redsemlac.com\/semmexico\/wp-json\/wp\/v2\/tags?post=88679"}],"curies":[{"name":"wp","href":"https:\/\/api.w.org\/{rel}","templated":true}]}}