{"id":88675,"date":"2024-10-29T14:44:59","date_gmt":"2024-10-29T20:44:59","guid":{"rendered":"https:\/\/redsemlac.com\/semmexico\/?p=88675"},"modified":"2024-10-29T14:45:14","modified_gmt":"2024-10-29T20:45:14","slug":"asesinatos-en-acapulco-refuerzan-ambiente-de-miedo-arzobispo","status":"publish","type":"post","link":"https:\/\/redsemlac.com\/semmexico\/asesinatos-en-acapulco-refuerzan-ambiente-de-miedo-arzobispo\/","title":{"rendered":"Asesinatos en Acapulco refuerzan ambiente de miedo: Arzobispo"},"content":{"rendered":"\n<p class=\"wp-block-paragraph\">&nbsp;Oct 21, 2024<\/p>\n\n\n\n<p class=\"wp-block-paragraph\">&nbsp;Isabel Mart\u00ednez<\/p>\n\n\n\n<p class=\"wp-block-paragraph\">SemM\u00e9xico \/ CEPROVYSA.COM, Acapulco, Guerrero,&nbsp; 28 de octubre, 024.- Para el Arzobispo de Acapulco, Leopoldo Gonz\u00e1lez, los asesinatos \u201cperpetrados en d\u00edas pasados\u201d, sin citar cu\u00e1les por su nombre, tienen una particularidad \u201cparecen que buscan reforzar un ambiente de miedo para oprimir\u201d.<\/p>\n\n\n\n<p class=\"wp-block-paragraph\"><br>Es en su mensaje dominical en el que habla de \u201cno ver como ordinaria la violencia\u201d y cita, ah\u00ed s\u00ed, algunos ejemplos de esta, el asesinato de 13 elementos de la polic\u00eda municipal de Coyuca de Ben\u00edtez, de los que dijo \u201cmuchos eran j\u00f3venes\u201d, as\u00ed como de los dos mandos de la misma corporaci\u00f3n policiaca.<\/p>\n\n\n\n<p class=\"wp-block-paragraph\"><br>A los asesinatos \u201cperpetrados en d\u00edas pasados\u201d los calific\u00f3 de \u201cla cruel inhumanidad\u201d entre estos los de Coyuca de Ben\u00edtez, ante todos ellos, \u201csituaciones generadoras de dolor y de tristeza\u201d, solicit\u00f3 \u201cfortalezcamos nuestra en persona la necesidad de ser artesanos de paz\u201d.<br>El Arzobispo de Acapulco, en el marco de la Jornada Nacional de Oraci\u00f3n por la Patria, celebrada cade tercer domingo de mes, cit\u00f3 al Papa Francisco que convoca a \u201cusar el lenguaje de paz, buscar la reconciliaci\u00f3n, fomentar el di\u00e1logo y la reconciliaci\u00f3n, superar la indiferencia y vencer las razones de muerte para dar con la armon\u00eda\u201d.<\/p>\n","protected":false},"excerpt":{"rendered":"<p>&nbsp;Oct 21, 2024 &nbsp;Isabel Mart\u00ednez SemM\u00e9xico \/ CEPROVYSA.COM, Acapulco, Guerrero,&nbsp; 28 de octubre, 024.- Para el Arzobispo de Acapulco, Leopoldo Gonz\u00e1lez, los asesinatos \u201cperpetrados en d\u00edas pasados\u201d, sin citar cu\u00e1les por su nombre, tienen una particularidad \u201cparecen que buscan reforzar un ambiente de miedo para oprimir\u201d. Es en su mensaje dominical en el que habla [&hellip;]<\/p>\n","protected":false},"author":3,"featured_media":88677,"comment_status":"open","ping_status":"open","sticky":false,"template":"","format":"standard","meta":{"_monsterinsights_skip_tracking":false,"footnotes":""},"categories":[700],"tags":[],"class_list":["post-88675","post","type-post","status-publish","format-standard","has-post-thumbnail","category-estados"],"_links":{"self":[{"href":"https:\/\/redsemlac.com\/semmexico\/wp-json\/wp\/v2\/posts\/88675","targetHints":{"allow":["GET"]}}],"collection":[{"href":"https:\/\/redsemlac.com\/semmexico\/wp-json\/wp\/v2\/posts"}],"about":[{"href":"https:\/\/redsemlac.com\/semmexico\/wp-json\/wp\/v2\/types\/post"}],"author":[{"embeddable":true,"href":"https:\/\/redsemlac.com\/semmexico\/wp-json\/wp\/v2\/users\/3"}],"replies":[{"embeddable":true,"href":"https:\/\/redsemlac.com\/semmexico\/wp-json\/wp\/v2\/comments?post=88675"}],"version-history":[{"count":0,"href":"https:\/\/redsemlac.com\/semmexico\/wp-json\/wp\/v2\/posts\/88675\/revisions"}],"wp:featuredmedia":[{"embeddable":true,"href":"https:\/\/redsemlac.com\/semmexico\/wp-json\/wp\/v2\/media\/88677"}],"wp:attachment":[{"href":"https:\/\/redsemlac.com\/semmexico\/wp-json\/wp\/v2\/media?parent=88675"}],"wp:term":[{"taxonomy":"category","embeddable":true,"href":"https:\/\/redsemlac.com\/semmexico\/wp-json\/wp\/v2\/categories?post=88675"},{"taxonomy":"post_tag","embeddable":true,"href":"https:\/\/redsemlac.com\/semmexico\/wp-json\/wp\/v2\/tags?post=88675"}],"curies":[{"name":"wp","href":"https:\/\/api.w.org\/{rel}","templated":true}]}}