{"id":88546,"date":"2024-10-25T16:12:19","date_gmt":"2024-10-25T22:12:19","guid":{"rendered":"https:\/\/redsemlac.com\/semmexico\/?p=88546"},"modified":"2024-10-25T16:13:38","modified_gmt":"2024-10-25T22:13:38","slug":"la-exposicion-kahlo-sin-fronteras-exhibe-la-historia-clinica-de-la-pintora","status":"publish","type":"post","link":"https:\/\/redsemlac.com\/semmexico\/la-exposicion-kahlo-sin-fronteras-exhibe-la-historia-clinica-de-la-pintora\/","title":{"rendered":"La exposici\u00f3n\u00a0Kahlo sin fronteras\u00a0exhibe la historia cl\u00ednica de la pintora"},"content":{"rendered":"\n<ul class=\"wp-block-list\">\n<li>Plantea una nueva lectura de uno de los temas m\u00e1s conocidos en la vida de Khalo<\/li>\n\n\n\n<li>Permite conocer el c\u00edrculo familiar, de amigos y m\u00e9dicos con los que tuvo una relaci\u00f3n cercana<\/li>\n<\/ul>\n\n\n\n<p class=\"wp-block-paragraph\">Redacci\u00f3n<\/p>\n\n\n\n<p class=\"wp-block-paragraph\">SemM\u00e9xico, Cd. de M\u00e9xico, 25 de noviembre 2024.- En el Museo Casa Estudio&nbsp;<em>Diego Rivera y Frida Kahlo<\/em>&nbsp;se presenta la exposici\u00f3n&nbsp;<em>Kahlo sin fronteras<\/em>, muestra que plantea una nueva lectura de uno de los temas m\u00e1s conocidos en la vida de la pintora, su salud f\u00edsica y ofrece informaci\u00f3n in\u00e9dita que incluye documentos que hab\u00edan permanecido archivados.<\/p>\n\n\n\n<p class=\"wp-block-paragraph\">La exposici\u00f3n ha tenido una respuesta positiva por parte del p\u00fablico y destaca de manera especial el n\u00facleo denominado&nbsp;<em>Compa\u00f1eros de vida. Diego Rivera y amigos<\/em>, que incluye documentos, cartas y una galer\u00eda de retratos de los personajes que conformaron el c\u00edrculo m\u00e1s cercano de Frida Kahlo.<\/p>\n\n\n\n<p class=\"wp-block-paragraph\">Otro n\u00facleo es&nbsp;<em>El origen y c\u00edrculo familiar<\/em>, en el cual el p\u00fablico puede aproximarse a una serie de fotograf\u00edas familiares y personales de Frida, para entrar en un \u00e1mbito privado y conocer el c\u00edrculo de afectos m\u00e1s cercano a la pintora.<\/p>\n\n\n<div class=\"wp-block-image\">\n<figure class=\"aligncenter size-large is-resized\"><a href=\"https:\/\/redsemlac.com\/semmexico\/wp-content\/uploads\/2024\/10\/Imagen-La-exposicion-Kahlo-sin-fronteras-exhibe-documentos-y-fotografias.jpeg\"><img decoding=\"async\" src=\"https:\/\/redsemlac.com\/semmexico\/wp-content\/uploads\/2024\/10\/Imagen-La-exposicion-Kahlo-sin-fronteras-exhibe-documentos-y-fotografias-680x1024.jpeg\" alt=\"\" class=\"wp-image-88549\" style=\"width:238px;height:auto\"\/><\/a><\/figure>\n<\/div>\n\n\n<p class=\"wp-block-paragraph\">Tambi\u00e9n se da cuenta de algunos de los m\u00e9dicos que atendieron las afecciones de la artista: Eloesser, Juan Farril y Glusker. Destaca su relaci\u00f3n con el Dr. Leo Eloesser, con quien sostuvo un intercambio epistolar, en el que, entre otras cosas, se puede apreciar el cambio de firma de la pintora, quien pas\u00f3 de rubricar como \u201cFrieda\u201d a \u201cFrida\u201d, cambio que, posiblemente, tuvo que ver con la toma de conciencia de su mexicanidad.<\/p>\n\n\n\n<p class=\"wp-block-paragraph\">Tambi\u00e9n hay un apartado que da cuenta de sus largas estancias en el American British Cowdray Hospital (ABC). Sobresalen dos series fotogr\u00e1ficas de la pintora en este hospital, la primera realizada por Juan Guzm\u00e1n en 1950 y la segunda, in\u00e9dita, realizada por Ra\u00fal Anaya en 1953.<\/p>\n\n\n\n<p class=\"wp-block-paragraph\">En cuanto a sus expedientes m\u00e9dicos, el \u00fanico que ha sobrevivido es el que se presenta en esta exposici\u00f3n y que da cuenta del tiempo que pas\u00f3 Frida en el ABC, particularmente en el periodo comprendido entre 1952 y octubre de 1953, fecha en la que sali\u00f3 del hospital. Los documentos de su historial cl\u00ednico se exhiben por primera vez al p\u00fablico.<\/p>\n\n\n\n<p class=\"wp-block-paragraph\">La muestra cierra con la secci\u00f3n&nbsp;<em>Re-visiones<\/em>, en la cual Graciela Iturbide presenta una serie de im\u00e1genes fotogr\u00e1ficas de los objetos que se encontraban en uno de los ba\u00f1os de la Casa Azul, el cual permaneci\u00f3 cerrado durante 50 a\u00f1os despu\u00e9s de la muerte de Frida.<\/p>\n\n\n\n<p class=\"wp-block-paragraph\">En esta misma secci\u00f3n, Cristina Kahlo presenta dos obras realizadas a partir de las batas de hospital que utiliz\u00f3 Frida durante sus estancias en el ABC. La muestra continuar\u00e1 en exhibici\u00f3n hasta el 3 de noviembre.<\/p>\n\n\n\n<p class=\"wp-block-paragraph\">SEM\/sj<\/p>\n","protected":false},"excerpt":{"rendered":"<p>Redacci\u00f3n SemM\u00e9xico, Cd. de M\u00e9xico, 25 de noviembre 2024.- En el Museo Casa Estudio&nbsp;Diego Rivera y Frida Kahlo&nbsp;se presenta la exposici\u00f3n&nbsp;Kahlo sin fronteras, muestra que plantea una nueva lectura de uno de los temas m\u00e1s conocidos en la vida de la pintora, su salud f\u00edsica y ofrece informaci\u00f3n in\u00e9dita que incluye documentos que hab\u00edan permanecido [&hellip;]<\/p>\n","protected":false},"author":3,"featured_media":88547,"comment_status":"open","ping_status":"open","sticky":false,"template":"","format":"standard","meta":{"_monsterinsights_skip_tracking":false,"footnotes":""},"categories":[748],"tags":[],"class_list":["post-88546","post","type-post","status-publish","format-standard","has-post-thumbnail","category-cultura-feminista"],"_links":{"self":[{"href":"https:\/\/redsemlac.com\/semmexico\/wp-json\/wp\/v2\/posts\/88546","targetHints":{"allow":["GET"]}}],"collection":[{"href":"https:\/\/redsemlac.com\/semmexico\/wp-json\/wp\/v2\/posts"}],"about":[{"href":"https:\/\/redsemlac.com\/semmexico\/wp-json\/wp\/v2\/types\/post"}],"author":[{"embeddable":true,"href":"https:\/\/redsemlac.com\/semmexico\/wp-json\/wp\/v2\/users\/3"}],"replies":[{"embeddable":true,"href":"https:\/\/redsemlac.com\/semmexico\/wp-json\/wp\/v2\/comments?post=88546"}],"version-history":[{"count":0,"href":"https:\/\/redsemlac.com\/semmexico\/wp-json\/wp\/v2\/posts\/88546\/revisions"}],"wp:featuredmedia":[{"embeddable":true,"href":"https:\/\/redsemlac.com\/semmexico\/wp-json\/wp\/v2\/media\/88547"}],"wp:attachment":[{"href":"https:\/\/redsemlac.com\/semmexico\/wp-json\/wp\/v2\/media?parent=88546"}],"wp:term":[{"taxonomy":"category","embeddable":true,"href":"https:\/\/redsemlac.com\/semmexico\/wp-json\/wp\/v2\/categories?post=88546"},{"taxonomy":"post_tag","embeddable":true,"href":"https:\/\/redsemlac.com\/semmexico\/wp-json\/wp\/v2\/tags?post=88546"}],"curies":[{"name":"wp","href":"https:\/\/api.w.org\/{rel}","templated":true}]}}