{"id":8852,"date":"2019-06-18T18:26:29","date_gmt":"2019-06-18T18:26:29","guid":{"rendered":"https:\/\/redsemlac.com\/semmexico\/?p=8852"},"modified":"2023-07-21T14:49:10","modified_gmt":"2023-07-21T19:49:10","slug":"el-pueblo-manda","status":"publish","type":"post","link":"https:\/\/redsemlac.com\/semmexico\/el-pueblo-manda\/","title":{"rendered":"\u00bfEl pueblo manda?"},"content":{"rendered":"\n<p class=\"wp-block-paragraph\"><strong><em>El futuro de un pueblo no lo puede decidir un barrio.\u00a0<\/em><\/strong><\/p>\n\n\n\n<p class=\"wp-block-paragraph\"><strong><em>\u00bfAcaso son corruptos los pueblos originarios y comunidades enteras que han protestado contra la construcci\u00f3n de ese aeropuerto porque ni siquiera los consultaron?\u00a0<\/em><\/strong><\/p>\n\n\n\n<p class=\"wp-block-paragraph\"><strong>Mois\u00e9s S\u00e1nchez Lim\u00f3n<\/strong><\/p>\n\n\n\n<p class=\"wp-block-paragraph\">SemM\u00e9xico. Cd. de M\u00e9xico. 18 de junio de 2019.- Entre los que llama corruptos y al que califica pueblo bueno, Andr\u00e9s Manuel L\u00f3pez Obrador transita con el reparto de acusaciones, impunidad, demagogia y el ejercicio del poder absoluto que paulatinamente mengua su bono democr\u00e1tico.<\/p>\n\n\n\n<p class=\"wp-block-paragraph\">Cuando mand\u00f3 al diablo a las instituciones todo el mundo entendi\u00f3 el enojo como parte elemental de la derrota que sufri\u00f3 frente a Felipe Calder\u00f3n; pero hoy, con el poder absoluto en un pu\u00f1o ha emprendido esa tarea de desmantelar a las instituciones que han dado sustento al Estado mexicano, qui\u00e9rase que no.<\/p>\n\n\n\n<p class=\"wp-block-paragraph\">Si fue o no un farsa aquella elecci\u00f3n de 2006, un fraude descomunal como acus\u00f3 L\u00f3pez Obrador y decidi\u00f3 rendir protesta como \u201cpresidente leg\u00edtimo\u201d en una opereta montada en el Z\u00f3calo de la Ciudad de M\u00e9xico, finalmente los acuerdos que teji\u00f3 en el tercer intento para llegar a la Presidencia de M\u00e9xico rindieron frutos y gan\u00f3 de calle la elecci\u00f3n del&nbsp;<a>1 de julio<\/a>&nbsp;del a\u00f1o pasado.<\/p>\n\n\n\n<p class=\"wp-block-paragraph\">Desde ese momento y&nbsp;<a>hasta el 1 de diciembre<\/a>cuando rindi\u00f3 protesta como Presidente de la Rep\u00fablica, L\u00f3pez Obrador emprendi\u00f3 ese periplo de agradecimiento en el que la fuerte carga demag\u00f3gica lo instal\u00f3 en el retorno al pasado del Arriba y Adelante, slogan de campa\u00f1a de Luis Echeverr\u00eda \u00c1lvarez, de cuya administraci\u00f3n ha copiado elementos torales de corte populista.<\/p>\n\n\n\n<p class=\"wp-block-paragraph\">La lecci\u00f3n de aquellos d\u00edas del populismo que llev\u00f3 a Luis Echeverr\u00eda a brindar con agua de Jamaica y cambiar el mobiliario de la residencia oficial de Los Pinos. Son famosos los equipales que sustituyeron a los sillones forrados en terciopelo; fueron profusamente conocidas sus giras por el desierto de Sonora, las fotos con yaquis y tarahumaras, mexicaneros y seris, lacandones y mayas y, en fin, con ind\u00edgenas a los que hab\u00eda ofrecido justicia, \u00e9sta que los diferente gobiernos post revolucionarios les hab\u00edan escamoteado.<\/p>\n\n\n\n<p class=\"wp-block-paragraph\">Pero, la creaci\u00f3n de fideicomisos y organismos con nombres populacheros fue sello especial el gobierno de Luis Echeverr\u00eda \u00c1lvarez, cuyo secretario particular fue Ignacio Ovalle Fern\u00e1ndez, quien dirigi\u00f3 en aquel sexenio al Plan Nacional de Zonas Deprimidas y Grupos Marginados (Coplamar) y hoy es director del organismo Seguridad Alimentaria Mexicana (Segalmex), coincidente con el Sistema Alimentario Mexicano (SAM) ef\u00edmero programa populista del entonces presidente Jos\u00e9 L\u00f3pez Portillo, del que tambi\u00e9n fue director.<\/p>\n\n\n\n<p class=\"wp-block-paragraph\">\u00a1Vaya coincidencias!<\/p>\n\n\n\n<p class=\"wp-block-paragraph\">Pero, bueno, est\u00e1bamos en esto de que el licenciado L\u00f3pez Obrador aterriza en su administraci\u00f3n aquella forma de gobernar en la que abrev\u00f3 en esos d\u00edas en que le gustaba m\u00e1s andar en tareas pol\u00edticas en Tabasco que acudir a estudiar a la Facultad de Ciencias Pol\u00edticas y Sociales de la UNAM. Acaso, quiz\u00e1 s\u00f3lo acaso, por ello hay demasiadas coincidencias en esta pol\u00edtica del reparto de la riqueza como en su momento hizo Luis Echeverr\u00eda con el reparto de tierras y subsidios populistas que agotaron las arcas y llevaron a la primera gran devaluaci\u00f3n con el consiguiente endeudamiento galopante. \u00bfC\u00f3mo soportar el gasto en la creaci\u00f3n de fideicomisos lo mismo para atender clientelarmente a grupos ind\u00edgenas como la Productora Forestal de la Tarahumara (Profotarah) que consumi\u00f3 carretadas de presupuesto mas nunca hizo justicia a los rar\u00e1muris?<\/p>\n\n\n\n<p class=\"wp-block-paragraph\">Hoy, Andr\u00e9s Manuel L\u00f3pez Obrador dice que, en el caso del Aeropuerto de Santa Luc\u00eda, ejercer\u00e1 en todo momento su derecho de libre expresi\u00f3n, porque la Barra Mexicana de Abogados le pidi\u00f3 no tocar el tema abiertamente en detrimento de quienes han ganado amparos contra esa obra.<\/p>\n\n\n\n<p class=\"wp-block-paragraph\">\u201cHago uso de mi derecho (&#8230;), ni modo que me vayan a callar y ya no voy a poder hablar\u201d, dijo el licenciado L\u00f3pez Obrador en la conferencia ma\u00f1anera y advirti\u00f3 que, entre m\u00e1s le impidan hablar, ser\u00e1 cada vez m\u00e1s claro contra aquellos a los que llam\u00f3 corruptos que est\u00e1n molestos por la cancelaci\u00f3n del aeropuerto de Texcoco.<\/p>\n\n\n\n<p class=\"wp-block-paragraph\">\u00bfAcaso son corruptos los pueblos originarios y comunidades enteras que han protestado contra la construcci\u00f3n de ese aeropuerto porque ni siquiera los consultaron? Pero prosigamos con la perorata presidencial:<\/p>\n\n\n\n<p class=\"wp-block-paragraph\">\u201cAqu\u00ed podemos denunciar, porque adem\u00e1s hay libertad plena, pero va a hacer la autoridad competente porque no es aqu\u00ed un tribunal, o sea, eso corresponde a las autoridades hacer la investigaci\u00f3n pero se toma nota, s\u00ed es importante que aqu\u00ed se den a conocer todas estas cosas\u201d, indic\u00f3 el presidente en una clara ventaja contra quienes lo cuestionan y critican, incluso, con sustento.<\/p>\n\n\n\n<p class=\"wp-block-paragraph\">Y m\u00e1s la descalificaci\u00f3n cuando dijo que \u201csali\u00f3 una asociaci\u00f3n de abogados diciendo que no se pod\u00eda hablar del asunto; \u201cpues hago uso de mi derecho de manifestaci\u00f3n (\u2026) Dije que se estaban esmerando los corruptos y entre m\u00e1s me impidan hablar voy a ser m\u00e1s claro. Los corruptos que ten\u00edan el negocio de la construcci\u00f3n del aeropuerto en el Lago de Texcoco est\u00e1n inconformes, porque no pudieron consumar la transa\u201d.<\/p>\n\n\n\n<p class=\"wp-block-paragraph\">\u00bfEste que protesta contra la decisi\u00f3n unipersonal del presidente, es el pueblo malo?<\/p>\n\n\n\n<p class=\"wp-block-paragraph\">Porque, mire usted, en esta misma l\u00ednea del voluntarismo presidencial, le comento otro asunto. Al margen de que se comprometi\u00f3 a disponer que se investiguen las denuncias contra Ana Guevara por permitir la operaci\u00f3n de un presunto esquema de corrupci\u00f3n en la Comisi\u00f3n Nacional de Cultura F\u00edsica y Deporte (Conade), no quiso hacerlo mismo en torno a que la ex velocista solo trabaja de lunes a jueves y el resto de la semana lo dedica a hacer campa\u00f1a porque quiere ser gobernadora de Sonora.<\/p>\n\n\n\n<p class=\"wp-block-paragraph\">\u201cNo creo eso. Se me hace, con todo respeto, bastante exagerado (\u2026) Pero lo m\u00e1s importante es la corrupci\u00f3n, que lo otro es m\u00e1s politiquer\u00eda, con todo respeto. Lo que debemos evitar todos es la corrupci\u00f3n, cero corrupciones. Y sin abandonar el trabajo, para dedicarse a hacer campa\u00f1a. Es algo demostrable, pues\u201d, zanj\u00f3. Con todo respeto, \u00bfno es corrupci\u00f3n usar recursos y tiempo de la responsabilidad oficial para hacer campa\u00f1a proselitista?<\/p>\n\n\n\n<p class=\"wp-block-paragraph\">\u00bfY el pueblo bueno?<\/p>\n\n\n\n<p class=\"wp-block-paragraph\">Resulta que el pasado fin de semana en un mitin en G\u00f3mez Palacio, Durango, regi\u00f3n de La Laguna, porque el pueblo bueno lo decidi\u00f3 a mano alzada, Andr\u00e9s Manuel L\u00f3pez Obrador cancel\u00f3 las obras de un Metrob\u00fas para esa regi\u00f3n y, porque el pueblo bueno lo ped\u00eda en pancartas, decidi\u00f3 que el presupuesto se destine a obras de agua y un hospital.<\/p>\n\n\n\n<p class=\"wp-block-paragraph\">Y no ser\u00eda mala decisi\u00f3n, salvo que atr\u00e1s de ese pueblo bueno est\u00e1n concesionarios de transporte que empujaron esa manifestaci\u00f3n de la que L\u00f3pez Obrador consider\u00f3 apropiada demanda y actu\u00f3 con ese voluntarismo populista que le ha mellado en el bono democr\u00e1tico.<\/p>\n\n\n\n<p class=\"wp-block-paragraph\">Porque, d\u00edgame usted si me equivoco, el futuro de un pueblo no lo puede decidir un barrio que, a todas luces carece de representaci\u00f3n. La comparaci\u00f3n es simplista, pero ejemplo de c\u00f3mo Andr\u00e9s Manuel imita esa praxis de crear organismos p\u00fablicos y cancelar obras dizque porque el pueblo bueno lo mandata. Y la mayor\u00eda afectada, pregunto, \u00bfes pueblo malo? Digo.<\/p>\n\n\n\n<p class=\"wp-block-paragraph\"><a href=\"mailto:sanchezlimon@gmail.com\" target=\"_blank\" rel=\"noreferrer noopener\">sanchezlimon@gmail.com<\/a><\/p>\n\n\n\n<p class=\"wp-block-paragraph\"><a href=\"http:\/\/www.entresemana.mx\/\" target=\"_blank\" rel=\"noreferrer noopener\">www.entresemana.mx<\/a><\/p>\n\n\n\n<p class=\"wp-block-paragraph\">@msanchezlimon<\/p>\n","protected":false},"excerpt":{"rendered":"<p>El futuro de un pueblo no lo puede decidir un barrio.\u00a0 \u00bfAcaso son corruptos los pueblos originarios y comunidades enteras que han protestado contra la construcci\u00f3n de ese aeropuerto porque ni siquiera los consultaron?\u00a0 Mois\u00e9s S\u00e1nchez Lim\u00f3n SemM\u00e9xico. Cd. de M\u00e9xico. 18 de junio de 2019.- Entre los que llama corruptos y al que califica [&hellip;]<\/p>\n","protected":false},"author":3,"featured_media":8470,"comment_status":"open","ping_status":"open","sticky":false,"template":"","format":"standard","meta":{"_monsterinsights_skip_tracking":false,"footnotes":""},"categories":[690,105,83],"tags":[],"class_list":["post-8852","post","type-post","status-publish","format-standard","has-post-thumbnail","category-690","category-entresemana","category-moises-sanchez-limon"],"_links":{"self":[{"href":"https:\/\/redsemlac.com\/semmexico\/wp-json\/wp\/v2\/posts\/8852","targetHints":{"allow":["GET"]}}],"collection":[{"href":"https:\/\/redsemlac.com\/semmexico\/wp-json\/wp\/v2\/posts"}],"about":[{"href":"https:\/\/redsemlac.com\/semmexico\/wp-json\/wp\/v2\/types\/post"}],"author":[{"embeddable":true,"href":"https:\/\/redsemlac.com\/semmexico\/wp-json\/wp\/v2\/users\/3"}],"replies":[{"embeddable":true,"href":"https:\/\/redsemlac.com\/semmexico\/wp-json\/wp\/v2\/comments?post=8852"}],"version-history":[{"count":0,"href":"https:\/\/redsemlac.com\/semmexico\/wp-json\/wp\/v2\/posts\/8852\/revisions"}],"wp:featuredmedia":[{"embeddable":true,"href":"https:\/\/redsemlac.com\/semmexico\/wp-json\/wp\/v2\/media\/8470"}],"wp:attachment":[{"href":"https:\/\/redsemlac.com\/semmexico\/wp-json\/wp\/v2\/media?parent=8852"}],"wp:term":[{"taxonomy":"category","embeddable":true,"href":"https:\/\/redsemlac.com\/semmexico\/wp-json\/wp\/v2\/categories?post=8852"},{"taxonomy":"post_tag","embeddable":true,"href":"https:\/\/redsemlac.com\/semmexico\/wp-json\/wp\/v2\/tags?post=8852"}],"curies":[{"name":"wp","href":"https:\/\/api.w.org\/{rel}","templated":true}]}}