{"id":88497,"date":"2024-10-24T09:20:12","date_gmt":"2024-10-24T15:20:12","guid":{"rendered":"https:\/\/redsemlac.com\/semmexico\/?p=88497"},"modified":"2024-10-24T09:20:13","modified_gmt":"2024-10-24T15:20:13","slug":"textura-violeta-complicidades-delictivas","status":"publish","type":"post","link":"https:\/\/redsemlac.com\/semmexico\/textura-violeta-complicidades-delictivas\/","title":{"rendered":"Textura Violeta | Complicidades delictivas"},"content":{"rendered":"\n<ul class=\"wp-block-list\">\n<li><\/li>\n<\/ul>\n\n\n\n<p class=\"wp-block-paragraph\">Drina Ergueta&nbsp;<\/p>\n\n\n\n<p class=\"wp-block-paragraph\">SemM\u00e9xico, La Paz, Bolivia, 24 de octubre 2024.- Los cr\u00edmenes machistas suelen producirse en la intimidad del hogar. Es por eso que la violencia de g\u00e9nero suele ser malamente llamada violencia dom\u00e9stica, coloc\u00e1ndola adem\u00e1s en un \u201cc\u00f3modo\u201d espacio privado a donde el resto de la poblaci\u00f3n no puede, y hay quien se cree que no debe, acceder ni ver ni o\u00edr esos gritos. La alarma es muy alta cuando se produce en un espacio p\u00fablico, a la vista y presencia de muchas personas presentes y \u00e9stas lo permiten, no intervienen.&nbsp;<\/p>\n\n\n\n<p class=\"wp-block-paragraph\">En Bolivia, hace una semana en la poblaci\u00f3n de Caranavi, una joven mujer estudiante de magisterio fue asesinada por su acosador quien le apu\u00f1al\u00f3 estando ambos en un aula llena donde varias personas optaron por grabar la agresi\u00f3n en lugar de auxiliar. Hubo tiempo de intervenir, y de grabar, \u00e9l le propin\u00f3 39 pu\u00f1aladas, \u00a139! Esa misma semana, en Cochabamba, otra mujer fue vejada y torturada durante horas, s\u00ed, horas, hasta quedar en coma al interior de la c\u00e1rcel de El Abra a donde ella acudi\u00f3 enga\u00f1ada por el padre de sus hijos, sentenciado por un feminicidio. Al parecer, en este caso, tambi\u00e9n participaron otros reclusos sin que ning\u00fan guardia lo impidiera, \u00a1ninguno!<\/p>\n\n\n\n<p class=\"wp-block-paragraph\">En El Abra corresponden muchas destituciones, es m\u00e1s \u00bfla denegaci\u00f3n de auxilio no est\u00e1 penada? El art\u00edculo 155 del C\u00f3digo Penal boliviano se\u00f1ala que \u201cEl encargado funcionario de la fuerza p\u00fablica que rehusare, omitiere o retardare, sin causa justificada, la prestaci\u00f3n de un auxilio legalmente requerido por autoridad competente, ser\u00e1 sancionado con reclusi\u00f3n de seis meses a dos a\u00f1os\u201d. Es una c\u00e1rcel y una autoridad competente les requiri\u00f3 para que hagan su trabajo \u00bfC\u00f3mo es posible que no haya un m\u00ednimo de seguridad para las visitas? Deben rodar cabezas, comenzando por quien dirige ese espacio carcelario.&nbsp;<\/p>\n\n\n\n<p class=\"wp-block-paragraph\">Y tambi\u00e9n debieran rodar cabezas en la Normal de Caranavi, donde se cometi\u00f3 el feminicidio a la vista muchas personas \u00bfCorresponde pedir responsabilidades a esta instituci\u00f3n p\u00fablica? S\u00ed, deb\u00eda tener y ejecutar protocolos para atender y prevenir violencias machistas, como es el acoso. Una alumna tendr\u00eda que haber podido ir a una oficina a denunciarlo y obtener ayuda, no es s\u00f3lo un asunto policial. Por cierto, \u00bfcu\u00e1ntas universidades, institutos o escuelas ya tienen estos protocolos? \u00bfQui\u00e9n controla eso?<\/p>\n\n\n\n<p class=\"wp-block-paragraph\">Por otra parte, \u00bfes que no se debe sancionar a esos compa\u00f1eros y compa\u00f1eras de aula que no reaccionaron para auxiliar? Especialmente a quienes s\u00ed lo hicieron para grabar lo que ocurr\u00eda y m\u00e1s a\u00fan a quienes lo difundieron por sus redes y as\u00ed tener m\u00e1s visitas y <em>likes<\/em>. Estos \u00faltimos no estaban en shock por lo que estaba pasando. Tampoco es disculpa decir que lo grabaron para tener pruebas de lo ocurrido \u00a1Estaba ocurriendo y esas personas estaban grabando! \u00bfNo hay, aqu\u00ed, un grado de complicidad en el feminicidio? No se habla de adolescentes irresponsables, ya son personas mayores de edad con capacidad de decisi\u00f3n y acci\u00f3n.&nbsp;<\/p>\n\n\n\n<p class=\"wp-block-paragraph\">Los medios de comunicaci\u00f3n y sus cuentas en redes sociales que difundieron esos v\u00eddeos del asesinato salt\u00e1ndose por alto todas las normativas y recomendaciones para hacer un periodismo \u00e9tico \u00bftendr\u00e1n al menos alg\u00fan tipo de sanci\u00f3n? M\u00e1s all\u00e1 de una llamada de atenci\u00f3n gen\u00e9rica de asociaciones period\u00edsticas en la que no se sientan incluidos, \u00bfc\u00f3mo resarcir\u00e1n sus actos? No se deben difundir im\u00e1genes de violencia porque \u00e9sta se normaliza y a la v\u00edctima se la vuelve a violentar cada vez que se observan esos v\u00eddeos o fotograf\u00edas, pero tampoco se debe dar voz al violento permiti\u00e9ndole justificar sus actos. No hay justificaci\u00f3n posible.<\/p>\n\n\n\n<p class=\"wp-block-paragraph\">El Estado, a trav\u00e9s de las diversas instituciones y entidades p\u00fablicas, est\u00e1 representado por personas electas o designadas y que cobran un sueldo por ello \u00bfEs que no deben responder tambi\u00e9n por la culpa que les toca? Ministro, \u00bfc\u00f3mo se autocastigar\u00e1?&nbsp;<\/p>\n\n\n\n<p class=\"wp-block-paragraph\">En lo que va del a\u00f1o ya se han registrado 70 feminicidios en Bolivia y el pa\u00eds sigue siendo el que tiene las cifras m\u00e1s altas de esta lacra del machismo en Latinoam\u00e9rica. Como son cifras que se dicen y no tocan de cerca, toda la gente mira para otro lado. Y as\u00ed vamos.<\/p>\n\n\n\n<p class=\"wp-block-paragraph\">Se\u00f1or, se\u00f1ora, joven, se\u00f1orita\u2026 \u00bfHa ido usted a la \u00faltima manifestaci\u00f3n contra la violencia machista?, \u00bfsigue creyendo que es un asunto de mujeres?, \u00bftodav\u00eda piensa que es un tema puntual de algunos hombres malvados y no un mal social que involucra a todas las personas? D\u00edganos, \u00bfpor qu\u00e9 se cree que mirando de lejos o para otro lado no es tambi\u00e9n, de alguna forma, c\u00f3mplice de estos asesinatos?<\/p>\n","protected":false},"excerpt":{"rendered":"<p>Drina Ergueta&nbsp; SemM\u00e9xico, La Paz, Bolivia, 24 de octubre 2024.- Los cr\u00edmenes machistas suelen producirse en la intimidad del hogar. Es por eso que la violencia de g\u00e9nero suele ser malamente llamada violencia dom\u00e9stica, coloc\u00e1ndola adem\u00e1s en un \u201cc\u00f3modo\u201d espacio privado a donde el resto de la poblaci\u00f3n no puede, y hay quien se cree [&hellip;]<\/p>\n","protected":false},"author":3,"featured_media":8467,"comment_status":"open","ping_status":"open","sticky":false,"template":"","format":"standard","meta":{"_monsterinsights_skip_tracking":false,"footnotes":""},"categories":[77,35],"tags":[],"class_list":["post-88497","post","type-post","status-publish","format-standard","has-post-thumbnail","category-drina-ergueta","category-opinion"],"_links":{"self":[{"href":"https:\/\/redsemlac.com\/semmexico\/wp-json\/wp\/v2\/posts\/88497","targetHints":{"allow":["GET"]}}],"collection":[{"href":"https:\/\/redsemlac.com\/semmexico\/wp-json\/wp\/v2\/posts"}],"about":[{"href":"https:\/\/redsemlac.com\/semmexico\/wp-json\/wp\/v2\/types\/post"}],"author":[{"embeddable":true,"href":"https:\/\/redsemlac.com\/semmexico\/wp-json\/wp\/v2\/users\/3"}],"replies":[{"embeddable":true,"href":"https:\/\/redsemlac.com\/semmexico\/wp-json\/wp\/v2\/comments?post=88497"}],"version-history":[{"count":0,"href":"https:\/\/redsemlac.com\/semmexico\/wp-json\/wp\/v2\/posts\/88497\/revisions"}],"wp:featuredmedia":[{"embeddable":true,"href":"https:\/\/redsemlac.com\/semmexico\/wp-json\/wp\/v2\/media\/8467"}],"wp:attachment":[{"href":"https:\/\/redsemlac.com\/semmexico\/wp-json\/wp\/v2\/media?parent=88497"}],"wp:term":[{"taxonomy":"category","embeddable":true,"href":"https:\/\/redsemlac.com\/semmexico\/wp-json\/wp\/v2\/categories?post=88497"},{"taxonomy":"post_tag","embeddable":true,"href":"https:\/\/redsemlac.com\/semmexico\/wp-json\/wp\/v2\/tags?post=88497"}],"curies":[{"name":"wp","href":"https:\/\/api.w.org\/{rel}","templated":true}]}}