{"id":88495,"date":"2024-10-24T09:16:16","date_gmt":"2024-10-24T15:16:16","guid":{"rendered":"https:\/\/redsemlac.com\/semmexico\/?p=88495"},"modified":"2024-10-24T09:17:49","modified_gmt":"2024-10-24T15:17:49","slug":"juego-de-palabras-mexico-se-encuentra-en-una-crisis-constitucional","status":"publish","type":"post","link":"https:\/\/redsemlac.com\/semmexico\/juego-de-palabras-mexico-se-encuentra-en-una-crisis-constitucional\/","title":{"rendered":"Juego de Palabras | \u00bfM\u00e9xico se encuentra en una crisis constitucional?"},"content":{"rendered":"\n<ul class=\"wp-block-list\">\n<li><\/li>\n<\/ul>\n\n\n\n<p class=\"wp-block-paragraph\">Yaneth Tamayo Avalos<\/p>\n\n\n\n<p class=\"wp-block-paragraph\">SemM\u00e9xico, Quer\u00e9taro, 24 de octubre 2024.- La tensi\u00f3n pol\u00edtica y jur\u00eddica por la que transita M\u00e9xico, sea caracterizado por un clima de incertidumbre, que se deriva del abuso del oficialismo, de la ruptura del orden jur\u00eddico y democr\u00e1tico, y por supuesto de la radicalizaci\u00f3n pol\u00edtica.1<\/p>\n\n\n\n<p class=\"wp-block-paragraph\">Estas circunstancias, han propiciado una serie de reformas que lejos de actualizar el sistema de valores constitucionales, se est\u00e1n convirtiendo en un instrumento pol\u00edtico en el cual, sin justificaci\u00f3n alguna se est\u00e1 eliminando el sistema de justicia constitucional.<\/p>\n\n\n\n<p class=\"wp-block-paragraph\">Ante esta situaci\u00f3n, se ha activado el ejercicio jurisdiccional del Poder Judicial de la Federaci\u00f3n, lo que ha tra\u00eddo como resultado una reacci\u00f3n pol\u00edtica, cuya respuesta inmediata han sido las amenazas a los defensores de la Constituci\u00f3n y el desacato a las decisiones judiciales por parte de la presidenta y del Congreso de la Uni\u00f3n, esto se traduce en la violaci\u00f3n al Estado de derecho.3<\/p>\n\n\n\n<p class=\"wp-block-paragraph\">Posici\u00f3n oficialista, que pretende que el control constitucional de las leyes tome un car\u00e1cter puramente pol\u00edtico, decisi\u00f3n beligerante que coloca al pa\u00eds en una crisis constitucional generalizada (jur\u00eddica, pol\u00edtica e ideol\u00f3gica), que impacta en la soberan\u00eda, la democracia y sobre todo en la protecci\u00f3n a los derechos humanos.&nbsp;&nbsp;<\/p>\n\n\n\n<p class=\"wp-block-paragraph\"><strong>\u00bfPor qu\u00e9 estamos ante una crisis jur\u00eddica constitucional?<\/strong><\/p>\n\n\n\n<p class=\"wp-block-paragraph\">En el sexenio que culmin\u00f3, la pol\u00edtica obradorista se caracteriz\u00f3 por el ejercicio de un poder pol\u00edtico desmedido que rebas\u00f3 el l\u00edmite establecido por la separaci\u00f3n de poderes, esto permiti\u00f3 la <strong>intromisi\u00f3n de la figura presidencial en el \u00e1mbito Legislativo y Judicial<\/strong>; sin embargo, su mayor control se ejerci\u00f3 a trav\u00e9s del poder Legislativo.<\/p>\n\n\n\n<p class=\"wp-block-paragraph\">La sobrerrepresentaci\u00f3n que obtuvo con su coalici\u00f3n (Morena, Partido del Trabajo y Partido Encuentro Social) en el Congreso federal. Es la circunstancia que explica, por qu\u00e9 el partido del gobierno ha podido llevar a cabo parte de su proyecto pol\u00edtico mediante reformas constitucionales y no, mediante el marco legal actual.&nbsp;<\/p>\n\n\n\n<p class=\"wp-block-paragraph\">Esta sobrerrepresentaci\u00f3n no obtenida en las urnas, sino construida mediante acuerdos con legisladores de otros partidos ha tenido serios efectos sobre el marco constitucional, especialmente en lo relativo a la divisi\u00f3n de poderes, a la independencia judicial, a los mecanismos de protecci\u00f3n constitucional y los derechos humanos.&nbsp;<\/p>\n\n\n\n<p class=\"wp-block-paragraph\">Esto es, mediante el abuso del modelo de reparto de curules, <strong>el gobierno oficialista ha logrado asegurar una mayor\u00eda legislativa<\/strong> en el Congreso de la Uni\u00f3n <strong>que le permite modificar la Constituci\u00f3n sin ning\u00fan contrapeso.<\/strong><\/p>\n\n\n\n<p class=\"wp-block-paragraph\">Este control parlamentario se ha caracterizado por la omisi\u00f3n legislativa, la presi\u00f3n pol\u00edtica a la oposici\u00f3n y el desacato a la autoridad judicial, lo que ha derivado en el incumplimiento del mandato constitucional legislativo.&nbsp;<\/p>\n\n\n\n<p class=\"wp-block-paragraph\">En este sentido, <strong>la ley ha dejado de ser regla general y ha pasado a convertirse en un acto de confirmaci\u00f3n pol\u00edtica<\/strong> y de convenio con los grupos de inter\u00e9s, lo que le ha permitido al partido oficialista evadir la norma y reconocerla solo cuando le representa un beneficio.&nbsp;<\/p>\n\n\n\n<p class=\"wp-block-paragraph\">El hecho de convertir la ley en un simple medio para la realizaci\u00f3n de sus fines pol\u00edticos, para el fomento o la contenci\u00f3n de intereses particulares, ha dejado en evidencia como la ley suprema ha quedado inapelablemente quebrantada.&nbsp;<\/p>\n\n\n\n<p class=\"wp-block-paragraph\">Y este legado, es la base sobre la cual se erige el actual gobierno. Por lo que, no cabe duda alguna, que la concentraci\u00f3n de poder en manos del ejecutivo, el abandono a la legalidad y la limitaci\u00f3n a la independencia judicial nos coloca en una crisis constitucional y en el inicio de un r\u00e9gimen no democr\u00e1tico.3&nbsp;<\/p>\n\n\n\n<p class=\"wp-block-paragraph\"><strong>La sobrerrepresentaci\u00f3n ha provocado una crisis pol\u00edtica de la Constituci\u00f3n&nbsp;<\/strong><\/p>\n\n\n\n<p class=\"wp-block-paragraph\">Las principales caracter\u00edsticas del Estado constitucional son el reconocimiento y garant\u00eda de los derechos humanos; esta propuesta <strong>no<\/strong> <strong>se basa en la regla de las mayor\u00edas ni en las unanimidades<\/strong>, por lo que se concibe como un orden jur\u00eddico sin soberano que expresa la pluralidad y heterogeneidad de toda la sociedad.4<\/p>\n\n\n\n<p class=\"wp-block-paragraph\">Esto quiere decir que, en un Estado constitucional, para lograr la inclusi\u00f3n, el igualitarismo y la justicia, <strong>la Constituci\u00f3n no puede representar a ning\u00fan proyecto particular, tanto jur\u00eddico como pol\u00edtico<\/strong>, pues la Constituci\u00f3n es un marco legal que contiene todos los derechos, proyectos y principios de una sociedad pluralista.5&nbsp;<\/p>\n\n\n\n<p class=\"wp-block-paragraph\">En este sentido, la forma de gobierno por la cual ha transitado el pa\u00eds \u2013al menos, los \u00faltimos 6 a\u00f1os\u2013, se ha caracterizado por una transformaci\u00f3n radical, en donde el Estado constitucional, ha sido relegado y despreciado en su funci\u00f3n protectora, para reducirlo a un cat\u00e1logo que le otorga al gobierno en turno la posibilidad de controlar pr\u00e1cticamente toda la vida social y econ\u00f3mica del pa\u00eds.&nbsp;<\/p>\n\n\n\n<p class=\"wp-block-paragraph\">Ya que, a trav\u00e9s de la Constituci\u00f3n la cabeza que ejerce la representaci\u00f3n del Estado ha justificado y ampliado de forma desmedida sus funciones, al centralizar los poderes Ejecutivo y Legislativo, y pretender someter al Judicial.&nbsp;<\/p>\n\n\n\n<p class=\"wp-block-paragraph\">Pues, las reformas constitucionales que han surgido del pacto entre fuerzas pol\u00edticas y de los intereses particulares, se han fundado en aspiraciones ideol\u00f3gicas que lejos de constituir un sistema legal proteccionista, solo est\u00e1n encaminadas a concretar un proyecto pol\u00edtico.<\/p>\n\n\n\n<p class=\"wp-block-paragraph\">De ah\u00ed que, los principios constitucionales que alguna vez parecieron intocables, como el principio de la divisi\u00f3n de poderes, el de independencia judicial, el de no regresividad de los derechos humanos, el de interpretaci\u00f3n jur\u00eddica, los tratados internacionales, el bloque de constitucionalidad y convencionalidad, han quedado reducidos a meras ficciones jur\u00eddicas.<\/p>\n\n\n\n<p class=\"wp-block-paragraph\">Desafortunadamente, la concentraci\u00f3n de poder ha limitado las decisiones de las personas que conforman el poder legislativo, quienes no votan libremente sino obedeciendo las \u00f3rdenes del partido oficialista con el que pactaron. Adem\u00e1s, la sobrerrepresentaci\u00f3n impide la existencia de un contrapeso real entre el legislativo y el ejecutivo, lo que ha originado una nueva forma de legislar y de control pol\u00edtico.&nbsp;<\/p>\n\n\n\n<p class=\"wp-block-paragraph\">Es ah\u00ed, donde la realidad pol\u00edtica nos muestra, que los derechos de las personas no son tan intocables como lo describe la Constituci\u00f3n, sino algo muy diferente.<\/p>\n\n\n\n<p class=\"wp-block-paragraph\"><strong>Una crisis que surge de la ideolog\u00eda&nbsp;<\/strong><\/p>\n\n\n\n<p class=\"wp-block-paragraph\">La polarizaci\u00f3n pol\u00edtica del pa\u00eds se ha convertido en un tema de preocupaci\u00f3n, debido a la violencia que se ha generado por la pugna entre ideolog\u00edas y por la amenaza que ha constituido para la democracia.<\/p>\n\n\n\n<p class=\"wp-block-paragraph\">El partido oficialista desde campa\u00f1a supo identificar a los grupos que comparten la idea de una divisi\u00f3n social opresora y utilizando el sentimiento de estos, opto por una estrategia populista, mediante la cual insert\u00f3 la creencia de que la sociedad est\u00e1 separada en dos grupos enfrentados entre s\u00ed: \u201cel verdadero pueblo\u201d y \u201cla \u00e9lite corrupta\u201d.<\/p>\n\n\n\n<p class=\"wp-block-paragraph\">Ante esta ideolog\u00eda el <strong>pueblo ya no es el conjunto de la ciudadan\u00eda, sino solo su Partido<\/strong>. Por esa raz\u00f3n, las personas que defienden un modelo diferente de pol\u00edticas, en realidad ya no son considerados como ciudadanos con una misma dignidad, sino enemigos de la naci\u00f3n.6&nbsp;<\/p>\n\n\n\n<p class=\"wp-block-paragraph\">Mediante esa creencia, el oficialismo ha incitado al disenso, a la descalificaci\u00f3n y la espuria contra las instituciones y los que considera sus adversarios, provocando un constante y creciente enfrentamiento entre autoridades y la ciudadan\u00eda, confrontaciones m\u00e1s profundas y divisivas.<\/p>\n\n\n\n<p class=\"wp-block-paragraph\">Esta polarizaci\u00f3n ha afectado el modo en que se desarrolla el debate p\u00fablico y ha contribuido a producir im\u00e1genes sesgadas, estereotipadas y hasta falsas de la realidad, esta situaci\u00f3n nos coloca en una crisis que abona a la regresi\u00f3n de la democracia y al abandono de la legalidad.&nbsp;<\/p>\n\n\n\n<p class=\"wp-block-paragraph\">En consecuencia, estamos ante la p\u00e9rdida de la supremac\u00eda y la generalidad de nuestra ley superior, ya que, en esta \u201cnueva democracia\u201d solo importa la conexi\u00f3n ideol\u00f3gica con el gobernante. Por encima de la voluntad de la ley se colocar\u00e1 la voluntad del \u201cverdadero pueblo\u201d.<\/p>\n\n\n\n<p class=\"wp-block-paragraph\">Notas:<\/p>\n\n\n\n<p class=\"wp-block-paragraph\">1<strong> Oficialismo. <\/strong>Aceptaci\u00f3n por principio de lo que establece el poder oficial. Partido pol\u00edtico, coalici\u00f3n pol\u00edtica o grupos de partidos que est\u00e1n o apoyan al gobierno de un pa\u00eds o al que pertenece el gobernante del mismo.<\/p>\n\n\n\n<p class=\"wp-block-paragraph\">2 <strong>El Estado de Derecho<\/strong>. Se refiere al respeto en general de todo un sistema legal. Asimismo, refleja el ideal democr\u00e1tico seg\u00fan el cual el poder pol\u00edtico est\u00e1 limitado por el Derecho: en otras palabras, un r\u00e9gimen en el cual las autoridades act\u00faan \u00fanicamente dentro de los m\u00e1rgenes establecidos por la ley y su legitimidad depende, de su apego a dichos l\u00edmites as\u00ed como tambi\u00e9n las personas que viven en esa comunidad respetan esas leyes.<\/p>\n\n\n\n<p class=\"wp-block-paragraph\">3 Para efectos pr\u00e1cticos se puede decir que \u201clos reg\u00edmenes no democr\u00e1ticos se caracterizan por el ejercicio del poder de forma monopol\u00edstica, sin l\u00edmites ni control, ya lo realice una persona o un grupo de personas\u201d.<\/p>\n\n\n\n<p class=\"wp-block-paragraph\">4 <a href=\"https:\/\/archivos.juridicas.unam.mx\/www\/bjv\/libros\/9\/4310\/6.pdf\">https:\/\/archivos.juridicas.unam.mx\/www\/bjv\/libros\/9\/4310\/6.pdf<\/a>&nbsp;<\/p>\n\n\n\n<p class=\"wp-block-paragraph\">5 <strong>Pluralismo.<\/strong> Derecho a la diferencia, en donde se acepta, se reconoce y se tolera que haya otros que no piensen de la misma manera.&nbsp;<\/p>\n\n\n\n<p class=\"wp-block-paragraph\">6 <a href=\"https:\/\/periodico.unal.edu.co\/articulos\/polarizacion-politica-claves-para-entender-un-fenomeno-global\"><strong>https:\/\/periodico.unal.edu.co\/articulos\/polarizacion-politica-claves-para-entender-un-fenomeno-global<\/strong><\/a><strong>&nbsp;<\/strong><\/p>\n","protected":false},"excerpt":{"rendered":"<p>Yaneth Tamayo Avalos SemM\u00e9xico, Quer\u00e9taro, 24 de octubre 2024.- La tensi\u00f3n pol\u00edtica y jur\u00eddica por la que transita M\u00e9xico, sea caracterizado por un clima de incertidumbre, que se deriva del abuso del oficialismo, de la ruptura del orden jur\u00eddico y democr\u00e1tico, y por supuesto de la radicalizaci\u00f3n pol\u00edtica.1 Estas circunstancias, han propiciado una serie de [&hellip;]<\/p>\n","protected":false},"author":3,"featured_media":70201,"comment_status":"open","ping_status":"open","sticky":false,"template":"","format":"standard","meta":{"_monsterinsights_skip_tracking":false,"footnotes":""},"categories":[35,93],"tags":[],"class_list":["post-88495","post","type-post","status-publish","format-standard","has-post-thumbnail","category-opinion","category-yaneth-tamayo-avalos"],"_links":{"self":[{"href":"https:\/\/redsemlac.com\/semmexico\/wp-json\/wp\/v2\/posts\/88495","targetHints":{"allow":["GET"]}}],"collection":[{"href":"https:\/\/redsemlac.com\/semmexico\/wp-json\/wp\/v2\/posts"}],"about":[{"href":"https:\/\/redsemlac.com\/semmexico\/wp-json\/wp\/v2\/types\/post"}],"author":[{"embeddable":true,"href":"https:\/\/redsemlac.com\/semmexico\/wp-json\/wp\/v2\/users\/3"}],"replies":[{"embeddable":true,"href":"https:\/\/redsemlac.com\/semmexico\/wp-json\/wp\/v2\/comments?post=88495"}],"version-history":[{"count":0,"href":"https:\/\/redsemlac.com\/semmexico\/wp-json\/wp\/v2\/posts\/88495\/revisions"}],"wp:featuredmedia":[{"embeddable":true,"href":"https:\/\/redsemlac.com\/semmexico\/wp-json\/wp\/v2\/media\/70201"}],"wp:attachment":[{"href":"https:\/\/redsemlac.com\/semmexico\/wp-json\/wp\/v2\/media?parent=88495"}],"wp:term":[{"taxonomy":"category","embeddable":true,"href":"https:\/\/redsemlac.com\/semmexico\/wp-json\/wp\/v2\/categories?post=88495"},{"taxonomy":"post_tag","embeddable":true,"href":"https:\/\/redsemlac.com\/semmexico\/wp-json\/wp\/v2\/tags?post=88495"}],"curies":[{"name":"wp","href":"https:\/\/api.w.org\/{rel}","templated":true}]}}