{"id":88396,"date":"2024-10-21T19:47:03","date_gmt":"2024-10-22T01:47:03","guid":{"rendered":"https:\/\/redsemlac.com\/semmexico\/?p=88396"},"modified":"2024-10-21T19:47:20","modified_gmt":"2024-10-22T01:47:20","slug":"opinion-la-lirica-del-duelo","status":"publish","type":"post","link":"https:\/\/redsemlac.com\/semmexico\/opinion-la-lirica-del-duelo\/","title":{"rendered":"Opini\u00f3n| La lirica del duelo"},"content":{"rendered":"\n<p class=\"wp-block-paragraph\">Florencio Salazar<\/p>\n\n\n\n<p class=\"wp-block-paragraph\">Nada m\u00e1s simple que la poes\u00eda. Es como un p\u00e1jaro. Basta dejarlo en libertad. Jaime Jaramillo Escobar.<\/p>\n\n\n\n<p class=\"wp-block-paragraph\">Nadie me lo dijo\u2026 reciente poemario de Gela Manzano (Los libros del perro, CDMX, 2024), es una eleg\u00eda agrupada en tres partes: Flor de cactus, 20 poemas; Segunda parte, 14; y tercera parte, 22. Total 56 poemas impresos en 96 p\u00e1ginas, que contienen centenas de versos.<\/p>\n\n\n\n<p class=\"wp-block-paragraph\">La edici\u00f3n es pulcra. Lamentablemente, no tuve ocasi\u00f3n de leer, sopesar ni abanicar sus hojas, porque recib\u00ed la versi\u00f3n por PDF, y como resultado de la impresi\u00f3n me pareci\u00f3 un volumen voluminoso. Ahora,<br>en el decoroso libro, leo en la contraportada coincidencias con opiniones de Ethel Krauze.<\/p>\n\n\n\n<p class=\"wp-block-paragraph\">Los poemas tienen una sola emoci\u00f3n con sus muchas variables: el dolor por la p\u00e9rdida del ser entra\u00f1able,<br>del amor evaporado, la m\u00e1s honda nostalgia, la rebeld\u00eda contra lo inevitable, el cuestionamiento al<br>Supremo. Largo y sostenido duelo en la po\u00e9tica de Gela Manzano.<\/p>\n\n\n\n<p class=\"wp-block-paragraph\">Descubrir, por el golpe del mazo, la realidad de lo conocido pero impensable y vivirlo, trasmitirlo,<br>publicarlo, hacerlo de los dem\u00e1s, por una voz que no puede, no quiere, ahogarse. Este poemario me<br>recuerda, inevitablemente, la novela Lo que no tiene nombre de Piedad Bonet. La Dolorosa contin\u00faa en<br>las madres sufrientes.<\/p>\n\n\n\n<p class=\"wp-block-paragraph\">Gela Manzano reclama: \u201cNadie me dijo que en medio del dolor\/ se elige el vestido mortuorio\/ las rosas<br>blancas\/ que coronar\u00e1n tu cabeza en reposo.\/ escoger los cirios\/ que te alumbrar\u00e1n el vuelo\/ de alondra<br>mientras se ahoga\/ el grito desgarrado que atraviesa mi cuerpo\u201d.<\/p>\n\n\n\n<p class=\"wp-block-paragraph\">Se advierte en el lirismo el af\u00e1n para desdoblar al yo sin reposo en la dualidad humana. Las sombras que<br>pueblan los s\u00f3tanos de la conciencia parecen emerger hacia la luz en las im\u00e1genes de lo indeseable<br>aunque sea, o parezca, alcanzar la pureza.<\/p>\n\n\n\n<p class=\"wp-block-paragraph\">La energ\u00eda de Gela brota de sus nervios, los mismos que pretenden hacer que pierda la cordura. Ella<br>prefiere la fuerza de sus debilidades y, en la an\u00e1fora y el paralelismo, insistir de diferentes modos la<br>inaceptable ausencia de la hija amada.<\/p>\n\n\n\n<p class=\"wp-block-paragraph\">El lector descubrir\u00e1 en estos textos un solo poema, que narra la biograf\u00eda de Gela Manzano y del ser<br>perdido, la b\u00fasqueda de respuestas en los sepulcros de sus antepasados, los pasos que quisiera desandar<br>para recuperar lo ya imposible.<\/p>\n\n\n\n<p class=\"wp-block-paragraph\">La poeta reclama: \u201cSon muchas las preguntas\/ que me obligan a callar\/, a detener las plegarias\/ todo<br>tiene una mudez apocal\u00edptica\/ y no soy generosa\/ para entender y agachar la cabeza\/ ante la muerte\u201d.<\/p>\n\n\n\n<p class=\"wp-block-paragraph\">A la muerte solo la vence la memoria, por eso la autora escribe, describe, imagina, evoca y,<br>r\u00edtmicamente, va dejando huellas, testimonios, que desea imborrables. La poeta afirma: \u201cRegreso al<br>tiempo de tu nacimiento\u201d.<\/p>\n\n\n\n<p class=\"wp-block-paragraph\">La poes\u00eda se revela aqu\u00ed como un tutorial sobre el enfrentamiento a la \u00edntima tragedia; pero tambi\u00e9n<br>como acta de notario, da fe del insobornable sentimiento, de la angustia incesante de la que surge la<br>poes\u00eda.<\/p>\n\n\n\n<p class=\"wp-block-paragraph\">Gela Manzano ha logrado construir versos aparentemente sencillos, \u201csin adornos; en todo caso, buenos\u201d,<br>como propone Ezra Pound. No llega al hiperrealismo de Roberto Bola\u00f1o, pero hay tal claridad en su<br>mirada po\u00e9tica que al abrir sus sentimientos estos son transparentes.<\/p>\n\n\n\n<p class=\"wp-block-paragraph\">Como acad\u00e9mica de larga data, gestora cultural, narradora y poeta, Gela Manzano sabe lo que enfrenta<br>al concebir y publicar un poemario de una sola emoci\u00f3n sostenida. Es un desaf\u00edo para la autora y los<br>lectores.<\/p>\n\n\n\n<p class=\"wp-block-paragraph\">\u201cEn el lenguaje literario \u2013dice Arturo Souto\u2013 las palabras multiplican sus funciones. El escritor trabaja<br>con todas ellas. Algunas de las m\u00e1s significativas son la musical, la afectiva, la evocativa, la conceptual y<br>la simb\u00f3lica\u201d.<\/p>\n\n\n\n<p class=\"wp-block-paragraph\">Estas funciones est\u00e1n presentes en la obra de Gela Manzano.<\/p>\n\n\n\n<p class=\"wp-block-paragraph\">Musical: \u201cAbuela, seca mis l\u00e1grimas, con tu delantal\/ oloroso a hierbabuena, resgu\u00e1rdame\/ en tu cocina<br>de ajos y cebollas\u201d.<\/p>\n\n\n\n<p class=\"wp-block-paragraph\">La afectiva: \u201cSigues tan viva, palpitando\/ creciste en mi vientre\/ respiras conmigo, como entonces\u201d.<\/p>\n\n\n\n<p class=\"wp-block-paragraph\">Evocativa: \u201cMientras seas una antorcha\/ en mis profundas oscuridades\u201d.<\/p>\n\n\n\n<p class=\"wp-block-paragraph\">Conceptual: \u201cNadie, nadie, ni Dios para explicarme\u201d.<\/p>\n\n\n\n<p class=\"wp-block-paragraph\">Simb\u00f3lica: \u201cMin\u00fascula gota de roc\u00edo,\/ navega a la deriva\/ en el infinito mundo de tus ojos\u201d.<\/p>\n\n\n\n<p class=\"wp-block-paragraph\">Poemas con poes\u00eda son los de Gela Manzano. Podr\u00e1 encontrarse alguno que otro verso prescindible por<br>referir lugares comunes. Y por ah\u00ed errores de puntuaci\u00f3n, como bachecitos en los que cae el ritmo, pero<br>su resonancia se mantiene como campana de duelo. Nada de lo anterior mella el contenido. Octavio Paz<br>correg\u00eda poemas publicados, de manera que se liquida la creencia de que las primeras versiones est\u00e1n<br>escritas en piedra.<\/p>\n\n\n\n<p class=\"wp-block-paragraph\">Sin duda, Gela Manzano ya es parte de la lirica mexicana y va creciendo.<\/p>\n\n\n\n<p class=\"wp-block-paragraph\">Los invito a leer Nadie me lo dijo\u2026<\/p>\n","protected":false},"excerpt":{"rendered":"<p>Florencio Salazar Nada m\u00e1s simple que la poes\u00eda. Es como un p\u00e1jaro. Basta dejarlo en libertad. Jaime Jaramillo Escobar. Nadie me lo dijo\u2026 reciente poemario de Gela Manzano (Los libros del perro, CDMX, 2024), es una eleg\u00eda agrupada en tres partes: Flor de cactus, 20 poemas; Segunda parte, 14; y tercera parte, 22. Total 56 [&hellip;]<\/p>\n","protected":false},"author":3,"featured_media":30273,"comment_status":"open","ping_status":"open","sticky":false,"template":"","format":"standard","meta":{"_monsterinsights_skip_tracking":false,"footnotes":""},"categories":[199,110,35],"tags":[],"class_list":["post-88396","post","type-post","status-publish","format-standard","has-post-thumbnail","category-florencio-salazar-adame","category-la-opinion-columnas","category-opinion"],"_links":{"self":[{"href":"https:\/\/redsemlac.com\/semmexico\/wp-json\/wp\/v2\/posts\/88396","targetHints":{"allow":["GET"]}}],"collection":[{"href":"https:\/\/redsemlac.com\/semmexico\/wp-json\/wp\/v2\/posts"}],"about":[{"href":"https:\/\/redsemlac.com\/semmexico\/wp-json\/wp\/v2\/types\/post"}],"author":[{"embeddable":true,"href":"https:\/\/redsemlac.com\/semmexico\/wp-json\/wp\/v2\/users\/3"}],"replies":[{"embeddable":true,"href":"https:\/\/redsemlac.com\/semmexico\/wp-json\/wp\/v2\/comments?post=88396"}],"version-history":[{"count":0,"href":"https:\/\/redsemlac.com\/semmexico\/wp-json\/wp\/v2\/posts\/88396\/revisions"}],"wp:featuredmedia":[{"embeddable":true,"href":"https:\/\/redsemlac.com\/semmexico\/wp-json\/wp\/v2\/media\/30273"}],"wp:attachment":[{"href":"https:\/\/redsemlac.com\/semmexico\/wp-json\/wp\/v2\/media?parent=88396"}],"wp:term":[{"taxonomy":"category","embeddable":true,"href":"https:\/\/redsemlac.com\/semmexico\/wp-json\/wp\/v2\/categories?post=88396"},{"taxonomy":"post_tag","embeddable":true,"href":"https:\/\/redsemlac.com\/semmexico\/wp-json\/wp\/v2\/tags?post=88396"}],"curies":[{"name":"wp","href":"https:\/\/api.w.org\/{rel}","templated":true}]}}