{"id":88390,"date":"2024-10-21T19:35:15","date_gmt":"2024-10-22T01:35:15","guid":{"rendered":"https:\/\/redsemlac.com\/semmexico\/?p=88390"},"modified":"2024-10-21T19:35:15","modified_gmt":"2024-10-22T01:35:15","slug":"creaciones-utilitarias-y-esteticas-de-minerva-ayon-en-la-tallera","status":"publish","type":"post","link":"https:\/\/redsemlac.com\/semmexico\/creaciones-utilitarias-y-esteticas-de-minerva-ayon-en-la-tallera\/","title":{"rendered":"Creaciones utilitarias y est\u00e9ticas de Minerva Ay\u00f3n en La Tallera"},"content":{"rendered":"\n<ul class=\"wp-block-list\">\n<li>Cuestiona, de manera l\u00fadica y atrevida, los roles y las identidades de g\u00e9nero, el deseo y el feminismo\u00a0<\/li>\n\n\n\n<li>El 26 de octubre realizar\u00e1 un\u00a0<em>jam<\/em>\u00a0po\u00e9tico, a partir de una reuni\u00f3n de distintos saberes y pr\u00e1cticas art\u00edsticas<\/li>\n<\/ul>\n\n\n\n<p class=\"wp-block-paragraph\">Redacci\u00f3n&nbsp;<\/p>\n\n\n\n<p class=\"wp-block-paragraph\">SemM\u00e9xico, Cd. de M\u00e9xico, 21 de octubre 2024.- La Tallera, espacio ubicado en Cuernavaca, Morelos, recinto que forma parte del Proyecto Siqueiros y de la Red de Museos del Instituto Nacional de Bellas Artes y Literatura (INBAL), presenta una nueva etapa de su programa&nbsp;<em>La Rotativa<\/em>, centrada en el dise\u00f1o y la producci\u00f3n de objetos utilitarios.<\/p>\n\n\n\n<p class=\"wp-block-paragraph\">La primera artista residente en este contexto es Minerva Ay\u00f3n, cuyo trabajo cuestiona, de manera l\u00fadica y atrevida, los roles y las identidades de g\u00e9nero, el deseo y el feminismo. Minerva ha trabajado con t\u00e9cnicas y disciplinas como la instalaci\u00f3n, el dibujo, la escultura, el&nbsp;<em>performance<\/em>, el&nbsp;<em>land art<\/em>&nbsp;y el arte digital.<\/p>\n\n\n\n<p class=\"wp-block-paragraph\">Durante su estancia en&nbsp;<em>La Rotativa<\/em>, Ay\u00f3n realiza talleres relacionados con su creaci\u00f3n pl\u00e1stica y muestra ejemplares \u00fanicos de su producci\u00f3n m\u00e1s reciente, as\u00ed como impresiones digitales, gr\u00e1ficas y piezas de cer\u00e1mica.<\/p>\n\n\n\n<p class=\"wp-block-paragraph\">La residencia de Ay\u00f3n comenz\u00f3 el pasado 14 de septiembre y concluir\u00e1 el 17 de noviembre de 2024. \u201cEstamos activando este espacio con producciones que tienen que ver con el cruce entre la pr\u00e1ctica art\u00edstica y el objeto utilitario. Yo produzco cer\u00e1mica y parte de mi inter\u00e9s es dar a conocer la parte utilitaria de este trabajo que realizo en paralelo a mi pr\u00e1ctica art\u00edstica. La idea es tambi\u00e9n invitar a otros artistas a participar y habitar el espacio conmigo\u201d.<\/p>\n\n\n\n<p class=\"wp-block-paragraph\">En fecha reciente, Minerva tuvo una reuni\u00f3n con artistas morelenses para comentar los procesos de trabajo que ellas y ellos llevan a cabo, con el prop\u00f3sito de apoyarse mutuamente en el desarrollo de su obra. \u201cLos invit\u00e9 a formar parte de esta presentaci\u00f3n de cer\u00e1mica utilitaria y a usar esta plataforma para la difusi\u00f3n y promoci\u00f3n de nuestro trabajo, que la gente se entusiasme y vaya a los m\u00faltiples talleres abiertos que hay en Morelos\u201d.<\/p>\n\n\n\n<p class=\"wp-block-paragraph\">Asimismo, estudiantes y profesionales del dise\u00f1o gr\u00e1fico e industrial, y de diversas disciplinas art\u00edsticas, podr\u00e1n encontrar interesantes creaciones utilitarias y est\u00e9ticas de Minerva Ay\u00f3n en La Tallera. Destaca este conjunto de piezas de cer\u00e1mica con dibujos \u00fanicos que la artista ha incluido en su producci\u00f3n por primera vez.<\/p>\n\n\n\n<p class=\"wp-block-paragraph\">Entre las actividades que tiene programadas durante su residencia en&nbsp;<em>La Rotativa<\/em>&nbsp;est\u00e1 un espacio de integraci\u00f3n denominado&nbsp;<em>Texto de fragua<\/em>, en el que invitar\u00e1 al p\u00fablico a generar una construcci\u00f3n de met\u00e1foras a partir de&nbsp;<em>blackout&nbsp;<\/em>con sus textos favoritos y los resultados se escribir\u00e1n en los vidrios de La Tallera a manera de intervenci\u00f3n, para el disfrute del p\u00fablico visitante, como una forma diferente de consumir la literatura.<\/p>\n\n\n\n<p class=\"wp-block-paragraph\">Posteriormente, el 26 de octubre se realizar\u00e1 un&nbsp;<em>jam&nbsp;<\/em>po\u00e9tico, a partir de una reuni\u00f3n de distintos saberes y pr\u00e1cticas art\u00edsticas, como poes\u00eda, video&nbsp;<em>mapping<\/em>, videoarte y m\u00fasica, para la activaci\u00f3n de la sala principal de La Tallera.&nbsp;<\/p>\n\n\n\n<p class=\"wp-block-paragraph\">SEM\/sj<\/p>\n","protected":false},"excerpt":{"rendered":"<p>Redacci\u00f3n&nbsp; SemM\u00e9xico, Cd. de M\u00e9xico, 21 de octubre 2024.- La Tallera, espacio ubicado en Cuernavaca, Morelos, recinto que forma parte del Proyecto Siqueiros y de la Red de Museos del Instituto Nacional de Bellas Artes y Literatura (INBAL), presenta una nueva etapa de su programa&nbsp;La Rotativa, centrada en el dise\u00f1o y la producci\u00f3n de objetos [&hellip;]<\/p>\n","protected":false},"author":3,"featured_media":88391,"comment_status":"open","ping_status":"open","sticky":false,"template":"","format":"standard","meta":{"_monsterinsights_skip_tracking":false,"footnotes":""},"categories":[682],"tags":[],"class_list":["post-88390","post","type-post","status-publish","format-standard","has-post-thumbnail","category-noticias"],"_links":{"self":[{"href":"https:\/\/redsemlac.com\/semmexico\/wp-json\/wp\/v2\/posts\/88390","targetHints":{"allow":["GET"]}}],"collection":[{"href":"https:\/\/redsemlac.com\/semmexico\/wp-json\/wp\/v2\/posts"}],"about":[{"href":"https:\/\/redsemlac.com\/semmexico\/wp-json\/wp\/v2\/types\/post"}],"author":[{"embeddable":true,"href":"https:\/\/redsemlac.com\/semmexico\/wp-json\/wp\/v2\/users\/3"}],"replies":[{"embeddable":true,"href":"https:\/\/redsemlac.com\/semmexico\/wp-json\/wp\/v2\/comments?post=88390"}],"version-history":[{"count":0,"href":"https:\/\/redsemlac.com\/semmexico\/wp-json\/wp\/v2\/posts\/88390\/revisions"}],"wp:featuredmedia":[{"embeddable":true,"href":"https:\/\/redsemlac.com\/semmexico\/wp-json\/wp\/v2\/media\/88391"}],"wp:attachment":[{"href":"https:\/\/redsemlac.com\/semmexico\/wp-json\/wp\/v2\/media?parent=88390"}],"wp:term":[{"taxonomy":"category","embeddable":true,"href":"https:\/\/redsemlac.com\/semmexico\/wp-json\/wp\/v2\/categories?post=88390"},{"taxonomy":"post_tag","embeddable":true,"href":"https:\/\/redsemlac.com\/semmexico\/wp-json\/wp\/v2\/tags?post=88390"}],"curies":[{"name":"wp","href":"https:\/\/api.w.org\/{rel}","templated":true}]}}