{"id":88378,"date":"2024-10-21T18:06:56","date_gmt":"2024-10-22T00:06:56","guid":{"rendered":"https:\/\/redsemlac.com\/semmexico\/?p=88378"},"modified":"2024-10-21T18:07:23","modified_gmt":"2024-10-22T00:07:23","slug":"violeta-del-anahuac-la-iglesia-pierde-bandera-de-paz","status":"publish","type":"post","link":"https:\/\/redsemlac.com\/semmexico\/violeta-del-anahuac-la-iglesia-pierde-bandera-de-paz\/","title":{"rendered":"Violeta del An\u00e1huac| La Iglesia \u00bfpierde bandera de paz?"},"content":{"rendered":"\n<p class=\"wp-block-paragraph\">Isabel Ortega Morales<\/p>\n\n\n\n<p class=\"wp-block-paragraph\">SemM\u00e9xico, Chilpancingo, Gro., 21 de octubre 2024.- \u201cPaz no es solo una meta distante que buscamos, sino un medio por el cual llegamos a esa meta\u201d se\u00f1alaba el fil\u00f3sofo chino Confucio, su doctrina dio nombre al confucionismo que fue suprimido a favor del legalismo, y vuelto a establecer ya oficializadas en el reinado del Emperador Wu en el a\u00f1o 141-84 a.C.<\/p>\n\n\n\n<p class=\"wp-block-paragraph\">El legalismo que hab\u00eda sustituido al confucionismo planteaba que los seres humanos est\u00e1n m\u00e1s inclinados a hacer el mal que el bien, radicando esta aseveraci\u00f3n en el hecho de que en esta corriente filos\u00f3fica china la motivaci\u00f3n era guiada por un inter\u00e9s propio que requer\u00eda de leyes estrictas para controlar lo que llamaban impulsos a esa conducta.<\/p>\n\n\n\n<p class=\"wp-block-paragraph\">La bandera de paz que enarbola la Iglesia y sus representantes en distintos \u00f3rdenes de su estructura se ha enfrentado en el tiempo contempor\u00e1neo a un adversario que ha logrado seducir a la poblaci\u00f3n hacia intereses basados en el control y sujeci\u00f3n de la sociedad en el poder econ\u00f3mico.<\/p>\n\n\n\n<p class=\"wp-block-paragraph\">Parece que en nuestro pa\u00eds estamos no en el nacimiento de una nueva era llamada a ser la Era de la luz y del conocimiento, sino que estamos inmersos en la etapa de la destrucci\u00f3n justamente de ese parto que somete a la oscuridad a la<\/p>\n\n\n\n<p class=\"wp-block-paragraph\">sociedad donde la muerte es lo relevante, el valor del tener sobresale y nos conformamos con una religiosidad ef\u00edmera de mensajes con los que intentamos justificar nuestra fe.<\/p>\n\n\n\n<p class=\"wp-block-paragraph\">Hemos dejado solos a los mensajeros de la paz, los hemos dejado olvidados y a expensas de quienes buscan el control a base del miedo y someten a ese mismo sentimiento a quienes osan contradecir su inclinaci\u00f3n a la destrucci\u00f3n.<\/p>\n\n\n\n<p class=\"wp-block-paragraph\">El miedo ha silenciado voces, ha conducido a la autocesura no porque no existan problemas en la sociedad, sino porque esa sociedad est\u00e1 a merced de grupos que pueden tener im\u00e1genes de oro, pero est\u00e1n manchados de sangre y lejos de la piedad.<\/p>\n\n\n\n<p class=\"wp-block-paragraph\">La Iglesia, depositaria de esa paz, ha sido alejada de los libros de texto, ha sido alejada de los hogares, ha sido alejado su estudio de la sociedad y est\u00e1 dando como resultado entes que se entregan, como Judas, a la destrucci\u00f3n por monedas a\u00fan cuando sabes que su destino est\u00e1 tambi\u00e9n marcado con la muerte violenta.<\/p>\n\n\n\n<p class=\"wp-block-paragraph\">La Iglesia sigue perdiendo voces de paz, y su voz de unidad se nulifica ante estadios de miedo y conveniencia monetaria. \u00bfPodremos resistir como sociedad un oscurantismo como el que vivimos? Si lo hacemos alejados de DIOS estamos destinados al fracaso. Han matado a mensajeros de paz laicos y religiosos. La impunidad est\u00e1 frente a la sociedad. \u00bfEstamos perdiendo esta batalla de pacificaci\u00f3n?<\/p>\n","protected":false},"excerpt":{"rendered":"<p>Isabel Ortega Morales SemM\u00e9xico, Chilpancingo, Gro., 21 de octubre 2024.- \u201cPaz no es solo una meta distante que buscamos, sino un medio por el cual llegamos a esa meta\u201d se\u00f1alaba el fil\u00f3sofo chino Confucio, su doctrina dio nombre al confucionismo que fue suprimido a favor del legalismo, y vuelto a establecer ya oficializadas en el [&hellip;]<\/p>\n","protected":false},"author":3,"featured_media":38576,"comment_status":"open","ping_status":"open","sticky":false,"template":"","format":"standard","meta":{"_monsterinsights_skip_tracking":false,"footnotes":""},"categories":[198,35,197],"tags":[],"class_list":["post-88378","post","type-post","status-publish","format-standard","has-post-thumbnail","category-isabel-ortega-morales","category-opinion","category-violeta-del-anahuac"],"_links":{"self":[{"href":"https:\/\/redsemlac.com\/semmexico\/wp-json\/wp\/v2\/posts\/88378","targetHints":{"allow":["GET"]}}],"collection":[{"href":"https:\/\/redsemlac.com\/semmexico\/wp-json\/wp\/v2\/posts"}],"about":[{"href":"https:\/\/redsemlac.com\/semmexico\/wp-json\/wp\/v2\/types\/post"}],"author":[{"embeddable":true,"href":"https:\/\/redsemlac.com\/semmexico\/wp-json\/wp\/v2\/users\/3"}],"replies":[{"embeddable":true,"href":"https:\/\/redsemlac.com\/semmexico\/wp-json\/wp\/v2\/comments?post=88378"}],"version-history":[{"count":0,"href":"https:\/\/redsemlac.com\/semmexico\/wp-json\/wp\/v2\/posts\/88378\/revisions"}],"wp:featuredmedia":[{"embeddable":true,"href":"https:\/\/redsemlac.com\/semmexico\/wp-json\/wp\/v2\/media\/38576"}],"wp:attachment":[{"href":"https:\/\/redsemlac.com\/semmexico\/wp-json\/wp\/v2\/media?parent=88378"}],"wp:term":[{"taxonomy":"category","embeddable":true,"href":"https:\/\/redsemlac.com\/semmexico\/wp-json\/wp\/v2\/categories?post=88378"},{"taxonomy":"post_tag","embeddable":true,"href":"https:\/\/redsemlac.com\/semmexico\/wp-json\/wp\/v2\/tags?post=88378"}],"curies":[{"name":"wp","href":"https:\/\/api.w.org\/{rel}","templated":true}]}}