{"id":88299,"date":"2024-10-18T19:49:22","date_gmt":"2024-10-19T01:49:22","guid":{"rendered":"https:\/\/redsemlac.com\/semmexico\/?p=88299"},"modified":"2024-10-18T19:49:23","modified_gmt":"2024-10-19T01:49:23","slug":"aprueban-reglamento-para-asignacion-de-becas-en-la-unam","status":"publish","type":"post","link":"https:\/\/redsemlac.com\/semmexico\/aprueban-reglamento-para-asignacion-de-becas-en-la-unam\/","title":{"rendered":"Aprueban reglamento para asignaci\u00f3n de becas en la UNAM"},"content":{"rendered":"\n<ul class=\"wp-block-list\">\n<li>Consejo Universitario aval\u00f3 la modificaci\u00f3n del Reglamento General para la Presentaci\u00f3n y Aprobaci\u00f3n de Planes y Programas de Estudio<\/li>\n\n\n\n<li>Fomentan la eficiencia terminal enfocada a la graduaci\u00f3n oportuna de las personas egresadas<\/li>\n<\/ul>\n\n\n\n<p class=\"wp-block-paragraph\">SemM\u00e9xico, Cd. de M\u00e9xico, 18 de octubre 2024.- El pleno del Consejo Universitario (CU) aprob\u00f3, por unanimidad, el Reglamento General para la Operaci\u00f3n y Asignaci\u00f3n de las Becas que otorga esta casa de estudios, con recursos presupuestales propios o extraordinarios, y que no est\u00e1n relacionados con becas sujetas a reglas de operaci\u00f3n externas.<\/p>\n\n\n\n<p class=\"wp-block-paragraph\">Los apoyos a los que se refiere la reglamentaci\u00f3n tienen el prop\u00f3sito de facilitar el acceso, permanencia y conclusi\u00f3n de la formaci\u00f3n acad\u00e9mica del alumnado; impulsar el desarrollo y fomento de la productividad del personal acad\u00e9mico; y respaldar la eficiencia terminal de las personas egresadas que se encuentran realizando pr\u00e1cticas profesionales o en proceso de titulaci\u00f3n.<\/p>\n\n\n\n<p class=\"wp-block-paragraph\">Asimismo, fomentan la eficiencia terminal enfocada a la graduaci\u00f3n oportuna de las personas egresadas de los programas de posgrado, y estimulan la colaboraci\u00f3n de personas expertas externas a la Universidad, ya sea nacionales o extranjeras, en el desarrollo de proyectos cient\u00edficos, tecnol\u00f3gicos y culturales.<\/p>\n\n\n\n<p class=\"wp-block-paragraph\">La normatividad est\u00e1 integrada por 37 art\u00edculos, contenidos en ocho cap\u00edtulos: Disposiciones Generales; Del Comit\u00e9 T\u00e9cnico Institucional de Becas; De los Enlaces Operativos; De los Comit\u00e9s Internos de Becas y \u00d3rganos Similares; De las Convocatorias para la Asignaci\u00f3n de Becas; De la Asignaci\u00f3n de Becas; Del Sistema Integra; y Disposiciones Finales.&nbsp; Contiene adem\u00e1s cinco transitorios.<\/p>\n\n\n\n<p class=\"wp-block-paragraph\">El CU tambi\u00e9n dio su visto bueno al Reglamento del Comit\u00e9 Universitario de \u00c9tica (CU\u00c9TICA) y de los Comit\u00e9s de \u00c9tica de la UNAM, que establece los principios rectores que gu\u00edan la integraci\u00f3n y funcionamiento de estos \u00f3rganos colegiados de car\u00e1cter honor\u00edfico, t\u00e9cnicos, especializados, permanentes, auxiliares de las autoridades universitarias en la difusi\u00f3n de los principios contemplados en el C\u00f3digo de \u00c9tica; as\u00ed como el procedimiento que deben seguir en los asuntos que les corresponden.<\/p>\n\n\n\n<p class=\"wp-block-paragraph\">El Reglamento, de observancia general para la comunidad universitaria, subraya el irrestricto compromiso con los m\u00e1s altos est\u00e1ndares \u00e9ticos como \u00fanica forma de cumplir con sus responsabilidades sociales y sus tareas de gesti\u00f3n, investigaci\u00f3n, docencia y difusi\u00f3n de todos los universitarios.<\/p>\n\n\n\n<p class=\"wp-block-paragraph\">Asimismo, considera que resulta oportuno fortalecer y actualizar la normatividad universitaria en la materia, siempre con pleno respeto a la libertad de c\u00e1tedra e investigaci\u00f3n y considerando las necesidades y pr\u00e1cticas espec\u00edficas de las diversas entidades, dependencia, \u00e1reas de conocimiento y disciplinas.<\/p>\n\n\n\n<p class=\"wp-block-paragraph\">Consta de seis cap\u00edtulos y 36 art\u00edculos. Los cap\u00edtulos son: Disposiciones Generales; Del Comit\u00e9 Universitario de \u00c9tica; De los Comit\u00e9s de \u00c9tica de las coordinaciones de la Investigaci\u00f3n Cient\u00edfica, de Humanidades y de Difusi\u00f3n Cultural; De los Comit\u00e9s de \u00c9tica de las entidades acad\u00e9micas y dependencias universitarias; Del Procedimiento de Consulta del CU\u00c9TICA y los Comit\u00e9s de \u00c9tica; y Del Procedimiento de Dictamen del CU\u00c9TICA y los Comit\u00e9s de \u00c9tica.<\/p>\n\n\n\n<p class=\"wp-block-paragraph\">Adem\u00e1s, tiene cinco transitorios en los que establece que el Reglamento entrar\u00e1 en vigor al d\u00eda siguiente de su publicaci\u00f3n en&nbsp;<em>Gaceta UNAM<\/em>; que el CU\u00c9TICA y los Comit\u00e9s de \u00c9tica conformados previamente continuar\u00e1n en funciones y en un plazo m\u00e1ximo de un a\u00f1o deber\u00e1n ajustarse a lo previsto en el Reglamento, mientras que las coordinaciones, entidades acad\u00e9micas y dependencias universitarias que deban crear un comit\u00e9 de \u00e9tica tendr\u00e1n que hacerlo en 60 d\u00edas h\u00e1biles, entre otros asuntos.<\/p>\n\n\n\n<p class=\"wp-block-paragraph\">De igual forma, en la tercera sesi\u00f3n del a\u00f1o, el pleno del CU acept\u00f3 modificar el Reglamento General para la Presentaci\u00f3n y Aprobaci\u00f3n de Planes y Programas de Estudio, derivado de que el 14 de marzo de este a\u00f1o se public\u00f3 en&nbsp;<em>Gaceta UNAM<\/em>&nbsp;el Acuerdo que Reorganiza las Funciones y Estructura de la Secretar\u00eda General de la UNAM y por el cual se crearon la Coordinaci\u00f3n de Universidad Abierta y Educaci\u00f3n Digital; adem\u00e1s de la Coordinaci\u00f3n de Evaluaci\u00f3n, Innovaci\u00f3n y Desarrollo Educativos, mencionadas en el Reglamento General para la Presentaci\u00f3n y Aprobaci\u00f3n de Planes y Programas de Estudio.<\/p>\n\n\n\n<p class=\"wp-block-paragraph\">El Consejo Universitario de la UNAM tambi\u00e9n conoci\u00f3 el Informe de la Defensor\u00eda de los Derechos Universitarios, Igualdad y Atenci\u00f3n a la Violencia de G\u00e9nero, correspondiente a los periodos 2021-2022 y 2023.<\/p>\n\n\n\n<figure class=\"wp-block-gallery has-nested-images columns-default is-cropped wp-block-gallery-1 is-layout-flex wp-block-gallery-is-layout-flex\">\n<figure class=\"wp-block-image size-large\"><a href=\"https:\/\/redsemlac.com\/semmexico\/wp-content\/uploads\/2024\/10\/7593-scaled.jpg\"><img decoding=\"async\" data-id=\"88302\" src=\"https:\/\/redsemlac.com\/semmexico\/wp-content\/uploads\/2024\/10\/7593-1024x534.jpg\" alt=\"\" class=\"wp-image-88302\"\/><\/a><\/figure>\n\n\n\n<figure class=\"wp-block-image size-large\"><a href=\"https:\/\/redsemlac.com\/semmexico\/wp-content\/uploads\/2024\/10\/7596-scaled.jpg\"><img decoding=\"async\" data-id=\"88300\" src=\"https:\/\/redsemlac.com\/semmexico\/wp-content\/uploads\/2024\/10\/7596-1024x625.jpg\" alt=\"\" class=\"wp-image-88300\"\/><\/a><\/figure>\n<\/figure>\n","protected":false},"excerpt":{"rendered":"<p>SemM\u00e9xico, Cd. de M\u00e9xico, 18 de octubre 2024.- El pleno del Consejo Universitario (CU) aprob\u00f3, por unanimidad, el Reglamento General para la Operaci\u00f3n y Asignaci\u00f3n de las Becas que otorga esta casa de estudios, con recursos presupuestales propios o extraordinarios, y que no est\u00e1n relacionados con becas sujetas a reglas de operaci\u00f3n externas. Los apoyos [&hellip;]<\/p>\n","protected":false},"author":3,"featured_media":88301,"comment_status":"open","ping_status":"open","sticky":false,"template":"","format":"standard","meta":{"_monsterinsights_skip_tracking":false,"footnotes":""},"categories":[50],"tags":[],"class_list":["post-88299","post","type-post","status-publish","format-standard","has-post-thumbnail","category-congreso"],"_links":{"self":[{"href":"https:\/\/redsemlac.com\/semmexico\/wp-json\/wp\/v2\/posts\/88299","targetHints":{"allow":["GET"]}}],"collection":[{"href":"https:\/\/redsemlac.com\/semmexico\/wp-json\/wp\/v2\/posts"}],"about":[{"href":"https:\/\/redsemlac.com\/semmexico\/wp-json\/wp\/v2\/types\/post"}],"author":[{"embeddable":true,"href":"https:\/\/redsemlac.com\/semmexico\/wp-json\/wp\/v2\/users\/3"}],"replies":[{"embeddable":true,"href":"https:\/\/redsemlac.com\/semmexico\/wp-json\/wp\/v2\/comments?post=88299"}],"version-history":[{"count":0,"href":"https:\/\/redsemlac.com\/semmexico\/wp-json\/wp\/v2\/posts\/88299\/revisions"}],"wp:featuredmedia":[{"embeddable":true,"href":"https:\/\/redsemlac.com\/semmexico\/wp-json\/wp\/v2\/media\/88301"}],"wp:attachment":[{"href":"https:\/\/redsemlac.com\/semmexico\/wp-json\/wp\/v2\/media?parent=88299"}],"wp:term":[{"taxonomy":"category","embeddable":true,"href":"https:\/\/redsemlac.com\/semmexico\/wp-json\/wp\/v2\/categories?post=88299"},{"taxonomy":"post_tag","embeddable":true,"href":"https:\/\/redsemlac.com\/semmexico\/wp-json\/wp\/v2\/tags?post=88299"}],"curies":[{"name":"wp","href":"https:\/\/api.w.org\/{rel}","templated":true}]}}