{"id":88286,"date":"2024-10-18T19:23:11","date_gmt":"2024-10-19T01:23:11","guid":{"rendered":"https:\/\/redsemlac.com\/semmexico\/?p=88286"},"modified":"2024-10-18T19:27:37","modified_gmt":"2024-10-19T01:27:37","slug":"mexico-va-hacia-una-crisis-de-constitucionalidad","status":"publish","type":"post","link":"https:\/\/redsemlac.com\/semmexico\/mexico-va-hacia-una-crisis-de-constitucionalidad\/","title":{"rendered":"M\u00e9xico va hacia una crisis de constitucionalidad"},"content":{"rendered":"\n<ul class=\"wp-block-list\">\n<li>Las reformas se hacen sobre las rodillas y en fast track, dice diputada Noem\u00ed Luna Ayala<\/li>\n\n\n\n<li>En un mes se han reformado 10 art\u00edculos de la Constituci\u00f3n mexicana<\/li>\n<\/ul>\n\n\n\n<p class=\"wp-block-paragraph\">Redacci\u00f3n<\/p>\n\n\n\n<p class=\"wp-block-paragraph\">SemM\u00e9xico, Cd. de M\u00e9xico, 18 de octubre 2024.- El pa\u00eds se dirige a una crisis de constitucionalidad, debido a las reformas que \u201csobre las rodillas\u201d y en fast track ha ejecutado el oficialismo en el Congreso de la Uni\u00f3n, afirm\u00f3 la coordinadora del grupo parlamentario del PAN, Noem\u00ed Luna Ayala.<\/p>\n\n\n\n<p class=\"wp-block-paragraph\">Es preocupante, todo pasa con la prisa inaudita del partido Morena y sus aliados, en un mes han reformado m\u00e1s de 10 art\u00edculos constitucionales de los 136 de nuestra Carta Magna, \u201ces un cambio de r\u00e9gimen con nuestras libertades acotadas\u201d, advirti\u00f3.<\/p>\n\n\n\n<p class=\"wp-block-paragraph\">En ese contexto, la diputada originaria de Zacatecas festej\u00f3 la decisi\u00f3n del Instituto Nacional Electoral (INE) de detener la organizaci\u00f3n de la elecci\u00f3n para elegir por voto popular a magistrados, ministros y jueces, programada para el primer domingo de junio del 2025, hasta que se resuelvan los procesos judiciales interpuestos por inconformes, seg\u00fan lo dado a conocer por la consejera Electoral, Norma Irene de la Cruz.<\/p>\n\n\n\n<p class=\"wp-block-paragraph\">Sobre la crisis constitucional ocurre por la vulnerabilidad de la Constituci\u00f3n Pol\u00edtica y el desempe\u00f1o de sus funciones centrales, porque el gobierno instruye a sus legisladores -conformados en una mayor\u00eda- para seguir impulsando leyes contrarias al esp\u00edritu de la Carta magna, misma que se est\u00e1 quedando endeble, sin poder responder claramente al r\u00e9gimen dictatorial al que nos llevan.<\/p>\n\n\n\n<p class=\"wp-block-paragraph\">Luna Ayala evidenci\u00f3 que los cambios recientes aprobados, fuera del proceso legislativo y con una urgencia inaudita, son un claro ejemplo de que Morena, PT y PVEM \u201cest\u00e1n legislando sobre las rodillas\u201d y sus mejores oradores suben a tribuna a hacer \u201cmaroma y teatro para tratar de justificar lo injustificable\u201d.<\/p>\n\n\n\n<p class=\"wp-block-paragraph\">Se nota que ni ellos mismo creen en lo que votan, desde septiembre nosotros, el grupo parlamentario, hemos propuesto mociones suspensivas, para que se revisen los textos, porque sin excepci\u00f3n tienen errores, contradicciones que la Corte a corregido, lo que evidentemente no les gusta a los morenistas.<\/p>\n\n\n\n<p class=\"wp-block-paragraph\">Todos ellos sin excepci\u00f3n se est\u00e1n yendo con errores de contradicciones que la Suprema Corte les ha corregido y no les ha gustado. Tenemos que arrastrar el l\u00e1piz, analizar las reformas con seriedad, pero hay una prisa inaudita, lo que provoca que estemos haciendo de nuestra Constituci\u00f3n una ley sin sentido, este desaseo nos lleva a una crisis constitucional.<\/p>\n\n\n\n<p class=\"wp-block-paragraph\">\u201cEn tan s\u00f3lo un mes han reformado m\u00e1s de 10 de los 136 art\u00edculos que tiene nuestra Carta Magna. Esto es un cambio de r\u00e9gimen con nuestras libertades acotadas\u201d, advirti\u00f3 la panista.<\/p>\n\n\n\n<p class=\"wp-block-paragraph\">En ese contexto, la zacatecana festej\u00f3 la decisi\u00f3n del Instituto Nacional Electoral (INE) de detener la organizaci\u00f3n de la elecci\u00f3n para elegir por voto popular a magistrados, ministros y jueces, programada para el primer domingo de junio del 2025, hasta que se resuelvan los procesos judiciales interpuestos por inconformes, seg\u00fan lo dado a conocer por la consejera Electoral, Norma Irene de la Cruz.<\/p>\n\n\n\n<p class=\"wp-block-paragraph\">Sobre la crisis constitucional, agreg\u00f3 la legisladora federal, ocurre por la vulnerabilidad de la Constituci\u00f3n Pol\u00edtica y el desempe\u00f1o de sus funciones centrales, porque el gobierno instruye a sus legisladores -conformados en una mayor\u00eda artificial- para seguir impulsando leyes contrarias al esp\u00edritu de la Carta magna, misma que se est\u00e1 quedando endeble, sin poder responder claramente al r\u00e9gimen dictatorial al que nos llevan.<\/p>\n\n\n\n<p class=\"wp-block-paragraph\">La Coordinadora panista evidenci\u00f3 que estas leyes recientes que se han venido aprobando fuera del proceso legislativo y con una urgencia inaudita son un claro ejemplo de que Morena, PT y PVEM \u201cest\u00e1n legislando sobre las rodillas\u201d \u00a1hasta sus mejores oradores (muchos de ellos, constitucionalistas) suben a tribuna a hacer \u201cmaroma y teatro para tratar de justificar lo injustificable!\u201d, acus\u00f3.<\/p>\n\n\n\n<p class=\"wp-block-paragraph\">\u201cEllos mismos no creen lo que est\u00e1n votando y se nota. Lo que nosotros hemos propuesto, una y otra vez, en cada reforma constitucional que hemos hecho desde septiembre son mociones suspensivas, para que se revisen los textos. Todos ellos sin excepci\u00f3n se est\u00e1n yendo con errores de contradicciones que la Suprema Corte les ha corregido y no les ha gustado. Por eso el resentimiento de desaparecerla\u201d, evidenci\u00f3.<\/p>\n\n\n\n<p class=\"wp-block-paragraph\">Analicemos con mucha seriedad lo que estamos haciendo y con base en eso legislemos. Se tiene una prisa inaudita por legislar, \u201cpobre M\u00e9xico\u201d. Estamos entrando a una crisis constitucional por este desaseo de reformar al Poder Judicial, dijo la panista.<\/p>\n\n\n\n<p class=\"wp-block-paragraph\">Augur\u00f3 que tarde o temprano se va a desmoronar Morena, por su carencia ideol\u00f3gica s\u00f3lida, en el PAN s\u00ed tenemos una hoja de ruta que son estos principios. El reto es c\u00f3mo logramos ser diferenciables y atractivos a los j\u00f3venes de M\u00e9xico. Vamos a trabajar en eso\u201d, explic\u00f3 Luna Ayala.<\/p>\n\n\n\n<p class=\"wp-block-paragraph\">SEM\/sj<\/p>\n","protected":false},"excerpt":{"rendered":"<p>Redacci\u00f3n SemM\u00e9xico, Cd. de M\u00e9xico, 18 de octubre 2024.- El pa\u00eds se dirige a una crisis de constitucionalidad, debido a las reformas que \u201csobre las rodillas\u201d y en fast track ha ejecutado el oficialismo en el Congreso de la Uni\u00f3n, afirm\u00f3 la coordinadora del grupo parlamentario del PAN, Noem\u00ed Luna Ayala. Es preocupante, todo pasa [&hellip;]<\/p>\n","protected":false},"author":3,"featured_media":88287,"comment_status":"open","ping_status":"open","sticky":false,"template":"","format":"standard","meta":{"_monsterinsights_skip_tracking":false,"footnotes":""},"categories":[50],"tags":[],"class_list":["post-88286","post","type-post","status-publish","format-standard","has-post-thumbnail","category-congreso"],"_links":{"self":[{"href":"https:\/\/redsemlac.com\/semmexico\/wp-json\/wp\/v2\/posts\/88286","targetHints":{"allow":["GET"]}}],"collection":[{"href":"https:\/\/redsemlac.com\/semmexico\/wp-json\/wp\/v2\/posts"}],"about":[{"href":"https:\/\/redsemlac.com\/semmexico\/wp-json\/wp\/v2\/types\/post"}],"author":[{"embeddable":true,"href":"https:\/\/redsemlac.com\/semmexico\/wp-json\/wp\/v2\/users\/3"}],"replies":[{"embeddable":true,"href":"https:\/\/redsemlac.com\/semmexico\/wp-json\/wp\/v2\/comments?post=88286"}],"version-history":[{"count":0,"href":"https:\/\/redsemlac.com\/semmexico\/wp-json\/wp\/v2\/posts\/88286\/revisions"}],"wp:featuredmedia":[{"embeddable":true,"href":"https:\/\/redsemlac.com\/semmexico\/wp-json\/wp\/v2\/media\/88287"}],"wp:attachment":[{"href":"https:\/\/redsemlac.com\/semmexico\/wp-json\/wp\/v2\/media?parent=88286"}],"wp:term":[{"taxonomy":"category","embeddable":true,"href":"https:\/\/redsemlac.com\/semmexico\/wp-json\/wp\/v2\/categories?post=88286"},{"taxonomy":"post_tag","embeddable":true,"href":"https:\/\/redsemlac.com\/semmexico\/wp-json\/wp\/v2\/tags?post=88286"}],"curies":[{"name":"wp","href":"https:\/\/api.w.org\/{rel}","templated":true}]}}