{"id":88198,"date":"2024-10-16T10:18:44","date_gmt":"2024-10-16T16:18:44","guid":{"rendered":"https:\/\/redsemlac.com\/semmexico\/?p=88198"},"modified":"2024-10-16T10:18:45","modified_gmt":"2024-10-16T16:18:45","slug":"sistema-nacional-de-cuidados-universal-progresivo-y-sostenible-pero-sin-presupuesto","status":"publish","type":"post","link":"https:\/\/redsemlac.com\/semmexico\/sistema-nacional-de-cuidados-universal-progresivo-y-sostenible-pero-sin-presupuesto\/","title":{"rendered":"Sistema Nacional de Cuidados: universal, progresivo y sostenible, pero sin presupuesto"},"content":{"rendered":"\n<ul class=\"wp-block-list\">\n<li>Analizan en el Senado la iniciativa que reconoce la responsabilidad del Estado\u00a0<\/li>\n\n\n\n<li>Por cada cien personas en edad de trabajar, hay 50 no lo hacen<\/li>\n<\/ul>\n\n\n\n<p class=\"wp-block-paragraph\">Elda Montiel&nbsp;<\/p>\n\n\n\n<p class=\"wp-block-paragraph\">SemM\u00e9xico, Ciudad de M\u00e9xico, 15 de octubre 2024.- En la iniciativa de Morena para la expedici\u00f3n de la Ley General del Sistema Nacional de Cuidados, que se analiza en la Comisi\u00f3n de Igualdad de G\u00e9nero de la C\u00e1mara de Senadores, se visibiliza la construcci\u00f3n de un sistema de cuidados universal, progresivo y sostenible, reconoce la responsabilidad del Estado, pero sin presupuesto adicional al ya asignado a los programas sociales.<\/p>\n\n\n\n<p class=\"wp-block-paragraph\">En la exposici\u00f3n de motivos se\u00f1ala que la creaci\u00f3n del Sistema Nacional de Cuidados en M\u00e9xico es necesaria y urgente, para reconocer, redistribuir y reducir la carga de trabajo de cuidados de las familias, principalmente de las mujeres; para fomentar la autonom\u00eda de las personas que se encuentran en situaci\u00f3n de dependencia y fortalecer el adecuado desarrollo de ni\u00f1as, ni\u00f1os y adolescentes.<\/p>\n\n\n\n<p class=\"wp-block-paragraph\">La creaci\u00f3n del Sistema Nacional de Cuidados es una de las pol\u00edticas m\u00e1s revolucionarias en la transformaci\u00f3n de la sociedad, el pa\u00eds no crecer\u00e1 econ\u00f3micamente si las mujeres no se incorporan al mercado laboral, ni se retribuye su trabajo en condiciones de igualdad, refiere la iniciativa.&nbsp;<\/p>\n\n\n\n<p class=\"wp-block-paragraph\">Sin embargo, advierte que es necesario que se demuestre con estudios que las pol\u00edticas de cuidados son una inversi\u00f3n p\u00fablica que tiene retornos fiscales y sociales tangibles y comprobables.&nbsp;<\/p>\n\n\n\n<p class=\"wp-block-paragraph\">Una vez aprobada la Ley, se tendr\u00e1 que hacer un Diagn\u00f3stico Nacional de Cuidados a cargo del Sistema Nacional para el Desarrollo Integral de la Familia (DIF) y el Instituto Nacional de la Mujeres, en v\u00edas de convertirse en Secretar\u00eda, y prev\u00e9 un Registro Nacional del Cuidado en el que se inscribir\u00e1n, cada seis meses, tanto dependencias, organizaciones, empresas, particulares que prestan servicio de cuidados, como usuarios de cuidados.&nbsp;&nbsp;<\/p>\n\n\n\n<p class=\"wp-block-paragraph\">La sociedad del cuidado es el camino para una distribuci\u00f3n equitativa del poder, los recursos, el tiempo y el trabajo entre mujeres y hombres y para transitar a un estilo de desarrollo basado en la igualdad y la sostenibilidad de la vida. Esta nueva organizaci\u00f3n propone un horizonte colectivo, multiescalar e interseccional: insta a pol\u00edticas p\u00fablicas de corto plazo trasformadoras y al cambio cultural para garantizar el cuidado\u00bb, se lee.<\/p>\n\n\n\n<p class=\"wp-block-paragraph\">La iniciativa propuesta por los senadores con licencia Citlalli Hern\u00e1ndez Mora, Ernestina Godoy Ramos y Marcelo Ebrard Casaubon, excepto Martha Luc\u00eda Micher Camarena que es la presidenta de la Comisi\u00f3n de Igualdad de G\u00e9nero, consider\u00f3 el actual contexto de la poblaci\u00f3n mexicana, como el envejecimiento demogr\u00e1fico, las transformaciones familiares con aumento de hogares mono-maternales y la necesidad de aumentar la participaci\u00f3n laboral de las mujeres, se requiere invertir en la expansi\u00f3n de servicios de cuidados para superar las condiciones que contribuyen en la concentraci\u00f3n de la pobreza en la infancia y en las mujeres.<\/p>\n\n\n\n<p class=\"wp-block-paragraph\">Tambi\u00e9n se menciona que la poblaci\u00f3n objetivo de acuerdo al censo de 2020 son m\u00e1s 126 millones de habitantes, 51.2 por ciento mujeres y 48. 8 por ciento hombres, con una edad promedio de 29 a\u00f1os. Por grupos de edad, la mayor\u00eda el 57.4 por ciento se encuentra entre los 18 y 59 a\u00f1os de edad y solo el 12 por ciento cuenta con m\u00e1s de 60 a\u00f1os.<\/p>\n\n\n\n<p class=\"wp-block-paragraph\">As\u00ed, por cada cien personas en edad de trabajar, hay 50 personas que no lo hacen, de las cuales 38 son personas menores de edad y 12 se encuentran en la vejez. Por su parte, la poblaci\u00f3n en situaci\u00f3n de discapacidad representa el 4.9 por ciento del total de la poblaci\u00f3n y la mitad de dicha poblaci\u00f3n es mayor de 60 a\u00f1os.<\/p>\n\n\n\n<p class=\"wp-block-paragraph\">De acuerdo a la iniciativa:&nbsp;&nbsp;<\/p>\n\n\n\n<p class=\"wp-block-paragraph\">El Sistema de Cuidados estar\u00eda conformado por las Secretarias de Hacienda, Trabajo, Educaci\u00f3n, Salud, Bienestar, y Cultura, por el DIF, el IMSS, el ISSSTE, el Inapam y el Conapred.&nbsp;<\/p>\n\n\n\n<p class=\"wp-block-paragraph\">Se establecer\u00eda una Junta Nacional de Cuidados, presidida por el DIF, el Inmujeres a cargo de su secretaria ejecutiva, y una Asamblea Consultiva, integrada por un m\u00e1ximo de 20 personas representantes de los sectores privado, social, de la comunidad acad\u00e9mica y de asociaciones de cuidadores.&nbsp;&nbsp;&nbsp;&nbsp;&nbsp;&nbsp;<\/p>\n\n\n\n<p class=\"wp-block-paragraph\">Art\u00edculo 1 se\u00f1ala que la ley tiene por objeto garantizar a todas las personas, el acceso y el disfrute del derecho a los cuidados con base en el principio de corresponsabilidad entre mujeres y hombres, familias, comunidad, mercado y el propio Estado, y de conformidad a los principios de igualdad y de no discriminaci\u00f3n establecidos en los Art\u00edculo 1\u00ba y 4\u00ba. de la Constituci\u00f3n Pol\u00edtica de los Estados Unidos Mexicanos, a trav\u00e9s de la creaci\u00f3n y regulaci\u00f3n del Sistema Nacional de Cuidados.<\/p>\n\n\n\n<p class=\"wp-block-paragraph\">En el Articulo 5 define que son los cuidados, el cuidado, los cuidadores y las personas que requieren cuidado:<\/p>\n\n\n\n<p class=\"wp-block-paragraph\">Define cuidados como el conjunto de trabajos, actividades y emociones de reproducci\u00f3n de la vida cotidiana, es decir, aquellas que se realizan de manera reiterada para el sostenimiento de la vida diaria; incluye las actividades que se realizan dentro y fuera de los hogares para brindar bienestar f\u00edsico, psico-emocional y social de todas las personas, principalmente quienes presentan mayores niveles de dependencia y carentes de autonom\u00eda con la finalidad de que logren vivir bien y desarrollen sus capacidades.<\/p>\n\n\n\n<p class=\"wp-block-paragraph\">Destacan qu\u00e9 es dependencia y grado de dependencia, el que se clasifica en alto, medio y bajo, de acuerdo a condiciones individuales.&nbsp;<\/p>\n\n\n\n<p class=\"wp-block-paragraph\">La igualdad sustantiva, se\u00f1ala, es el acceso al mismo trato y oportunidades para el reconocimiento, goce o ejercicio de los derechos humanos y las libertades fundamentales; al respecto, los trabajos de cuidados se realizar\u00e1n respetando los derechos humanos de todas las personas y en especial las necesidades de las personas cuidadoras y de las que requieren cuidados. Consiste en la eliminaci\u00f3n de todos los obst\u00e1culos que impiden el acceso al pleno ejercicio de los derechos humanos de las mujeres, adolescentes y ni\u00f1as.<\/p>\n\n\n\n<p class=\"wp-block-paragraph\">La persona cuidadora es aquella que realiza labores o actividades de cuidados directos o indirectos y\/o gesti\u00f3n de cuidados, de forma remunerada o no remunerada.<\/p>\n\n\n\n<p class=\"wp-block-paragraph\">Las personas que requieren cuidados son aquellas que dependen de la atenci\u00f3n de otra u otras personas, o de ayuda para realizar y satisfacer las actividades y necesidades de la vida diaria; esta dependencia puede ser transitoria, permanente, cr\u00f3nica o asociada a la<\/p>\n\n\n\n<p class=\"wp-block-paragraph\">trayectoria de vida de las personas;<\/p>\n\n\n\n<p class=\"wp-block-paragraph\">Establece adem\u00e1s que el sistema es la instancia de coordinaci\u00f3n entre la Federaci\u00f3n, las entidades federativas, los municipios y las demarcaciones territoriales de la Ciudad de M\u00e9xico, competentes en materia de cuidados, que tiene por objeto dise\u00f1ar las pol\u00edticas p\u00fablicas, programas e instrumentos, as\u00ed como la implementaci\u00f3n de acciones para asistir, apoyar y atender a las personas que requieren de cuidados, garantizar sus derechos y fomentar su autonom\u00eda, as\u00ed como el desarrollo integral de ni\u00f1as, ni\u00f1os y adolescentes, con base en un modelo de corresponsabilidad entre el Estado, el sector empresarial, la sociedad civil, la comunidad, las familias y entre mujeres y hombres.<\/p>\n\n\n\n<p class=\"wp-block-paragraph\">El Sistema debe promover la redistribuci\u00f3n y corresponsabilidad del trabajo de cuidados entre el Estado, las empresas y las familias, y al interior de \u00e9stas, a fin de enfrentar las desigualdades provocadas por relaciones jer\u00e1rquicas de poder entre mujeres y hombres, transformando as\u00ed la actual divisi\u00f3n sexual del trabajo.<\/p>\n\n\n\n<p class=\"wp-block-paragraph\">Garantizar el derecho y acceso a los servicios de cuidados a las personas en situaci\u00f3n de dependencia que as\u00ed lo requieran, al mismo tiempo que se garantiza el respeto a los derechos de las personas cuidadoras; y establecer, impulsar y coordinar acciones, programas y pol\u00edticas p\u00fablicas en materia de cuidados, garantizando su suficiencia y calidad, atendiendo a la composici\u00f3n pluriling\u00fce, pluri\u00e9tnica y multicultural del pa\u00eds.<\/p>\n","protected":false},"excerpt":{"rendered":"<p>Elda Montiel&nbsp; SemM\u00e9xico, Ciudad de M\u00e9xico, 15 de octubre 2024.- En la iniciativa de Morena para la expedici\u00f3n de la Ley General del Sistema Nacional de Cuidados, que se analiza en la Comisi\u00f3n de Igualdad de G\u00e9nero de la C\u00e1mara de Senadores, se visibiliza la construcci\u00f3n de un sistema de cuidados universal, progresivo y sostenible, [&hellip;]<\/p>\n","protected":false},"author":3,"featured_media":88199,"comment_status":"open","ping_status":"open","sticky":false,"template":"","format":"standard","meta":{"_monsterinsights_skip_tracking":false,"footnotes":""},"categories":[694],"tags":[],"class_list":["post-88198","post","type-post","status-publish","format-standard","has-post-thumbnail","category-destacadas"],"_links":{"self":[{"href":"https:\/\/redsemlac.com\/semmexico\/wp-json\/wp\/v2\/posts\/88198","targetHints":{"allow":["GET"]}}],"collection":[{"href":"https:\/\/redsemlac.com\/semmexico\/wp-json\/wp\/v2\/posts"}],"about":[{"href":"https:\/\/redsemlac.com\/semmexico\/wp-json\/wp\/v2\/types\/post"}],"author":[{"embeddable":true,"href":"https:\/\/redsemlac.com\/semmexico\/wp-json\/wp\/v2\/users\/3"}],"replies":[{"embeddable":true,"href":"https:\/\/redsemlac.com\/semmexico\/wp-json\/wp\/v2\/comments?post=88198"}],"version-history":[{"count":0,"href":"https:\/\/redsemlac.com\/semmexico\/wp-json\/wp\/v2\/posts\/88198\/revisions"}],"wp:featuredmedia":[{"embeddable":true,"href":"https:\/\/redsemlac.com\/semmexico\/wp-json\/wp\/v2\/media\/88199"}],"wp:attachment":[{"href":"https:\/\/redsemlac.com\/semmexico\/wp-json\/wp\/v2\/media?parent=88198"}],"wp:term":[{"taxonomy":"category","embeddable":true,"href":"https:\/\/redsemlac.com\/semmexico\/wp-json\/wp\/v2\/categories?post=88198"},{"taxonomy":"post_tag","embeddable":true,"href":"https:\/\/redsemlac.com\/semmexico\/wp-json\/wp\/v2\/tags?post=88198"}],"curies":[{"name":"wp","href":"https:\/\/api.w.org\/{rel}","templated":true}]}}