{"id":88142,"date":"2024-10-15T07:06:40","date_gmt":"2024-10-15T13:06:40","guid":{"rendered":"https:\/\/redsemlac.com\/semmexico\/?p=88142"},"modified":"2024-10-15T07:06:44","modified_gmt":"2024-10-15T13:06:44","slug":"opinion-el-oro-del-remordimiento","status":"publish","type":"post","link":"https:\/\/redsemlac.com\/semmexico\/opinion-el-oro-del-remordimiento\/","title":{"rendered":"Opini\u00f3n |El oro del remordimiento"},"content":{"rendered":"\n<p class=\"wp-block-paragraph\">David Mart\u00edn del Campo&nbsp;<\/p>\n\n\n\n<p class=\"wp-block-paragraph\">SemM\u00e9xico, Cd. de M\u00e9xico, 15 de octubre 2024.- Nuestra herencia devota se\u00f1ala que diez son los actos que nos hacen indignos, r\u00e9probos t\u00e9rminos b\u00edblicos\u2026 hasta que somos redimidos. Le ha ocurrido al productor Harvey Weinsten, al expresidente Andr\u00e9s Manuel, al qu\u00edmico Alfred Nobel.<\/p>\n\n\n\n<p class=\"wp-block-paragraph\">En 1888 muri\u00f3 Ludvig Nobel, que la prensa francesa celebr\u00f3 err\u00f3neamente: \u201cHa muerto el mercader de la muerte\u201d. Lo hab\u00edan confundido con su hermano Alfred, quien ciertamente hab\u00eda inventado la dinamita y la cordita (p\u00f3lvora sin humo), explosivos que renovaron el arte de la guerra y le generaron, por cierto, cuantiosas regal\u00edas. As\u00ed fue como el qu\u00edmico sueco, carcomido por la culpa, decidi\u00f3 limpiar su mala fama con la creaci\u00f3n del premio internacional que lleva su nombre.<\/p>\n\n\n\n<p class=\"wp-block-paragraph\">La culpa, la culpa, siempre la culpa. No fornicar\u00e1s, no robar\u00e1s, no mentir\u00e1s, no matar\u00e1s\u2026 que, a prop\u00f3sito, nuestro balance sexenal alcanz\u00f3 la cota de los 200 mil homicidos, es decir, 92 asesinatos diarios, lo que nos sit\u00faa como uno de los pa\u00edses m\u00e1s inseguros del orbe.<\/p>\n\n\n\n<p class=\"wp-block-paragraph\">Pero est\u00e1bamos con Alfred Nobel y el premio a la Paz concedido este a\u00f1o al colectivo Nihon Hidankyo, conformado por testigos de las bombas at\u00f3micas &nbsp;lanzadas sobre Hiroshima y Nagasaki en agosto de 1945. Los sobrevivientes del ataque at\u00f3mico se hacen llamar \u201chibakusha\u201d, cada vez son menos (el m\u00e1s joven tiene 80 a\u00f1os), y son promotores de la supresi\u00f3n mundial de ese tipo de armas. La culpa arraigada.<\/p>\n\n\n\n<p class=\"wp-block-paragraph\">Nihon Hidankyo ser\u00e1 premiado con una medalla de oro y 900 mil d\u00f3lares en met\u00e1lico. El Doctor Simi (V\u00edctor Manuel Gonz\u00e1lez Torres), por cierto se qued\u00f3 con las ganas luego de una campa\u00f1a medi\u00e1tica que lo propuso merecidamente, aunque fueron 268 los postulantes.<\/p>\n\n\n\n<p class=\"wp-block-paragraph\">La culpa de Alfred Nobel es equiparable a la del f\u00edsico Robert Oppenheimer, inventor de la bomba at\u00f3mica, quien vivi\u00f3 hasta su muerte con el remordimiento de haber provocado la muerte instant\u00e1nea de m\u00e1s de 150 mil personas. La historia est\u00e1 recreada en la pel\u00edcula de Christopher Nolan estrenada a fines del a\u00f1o pasado.&nbsp;<\/p>\n\n\n\n<p class=\"wp-block-paragraph\">No matar\u00e1s, no robar\u00e1s, no mentir\u00e1s, honrar\u00e1s a tu padre y madre. Que por cierto esta madre patria nuestra, que se llama Espa\u00f1a, ha sido vilipendiada por nuestros gobernantes al exigirle que se humille, y postrada grite a los cuatro vientos que s\u00ed, ha pecado al expandir su imperio por el Nuevo Mundo que descubri\u00f3 el piloto genov\u00e9s (ya ni su nombre podemos citar) hace 534 a\u00f1os.&nbsp;<\/p>\n\n\n\n<p class=\"wp-block-paragraph\">\u201cRepent, repent, repent!\u201d, gritan como enloquecidos los ministros puritanos buscando limpiar de impiedad al mundo. Igual que el capit\u00e1n Ahab, navegando incansablemente para exterminar al demonio que han bautizado Moby Dick. De ese modo andan ciertos almirantes denostando al impuro; que se enmiende y pida perd\u00f3n. \u00a1Arrepent\u00edos, hijosdeputa! \u00bf\u00a1Por qu\u00e9 nos conquistaron?!, a ver si de ese modo recuperamos la armon\u00eda del comunismo primitivo que viv\u00edamos con los Caballeros \u00c1guila.<\/p>\n\n\n\n<p class=\"wp-block-paragraph\">El pecado ha sido vuestro, bandidos lujuriosos que s\u00f3lo pens\u00e1is en robar nuestro oro\u2026 Y ya estar\u00e1n los celtas redactando sus cartas exigiendo reparaci\u00f3n al C\u00e9sar de hoy (como se llame), que les envi\u00f3 aquellas belicosas legiones. O los pueblos tagalos condenando a los batallones del Jap\u00f3n que les invadieron sus islas filipinas. O los artesanos vieneses maldiciendo el asedio de Batu Khan, el conquistador mongol del siglo XIII. \u00bfA d\u00f3nde enviarle la cartita? \u00bfA Pavlodar, Astrac\u00e1n? \u00bfMe vas a pedir perd\u00f3n? y as\u00ed cantemos juntos el bolero de Pedro Flores, \u201cperd\u00f3n, vida de mi vida, perd\u00f3n si es que te he faltado, perd\u00f3n, cari\u00f1ito amado\u2026\u201d&nbsp;<\/p>\n\n\n\n<p class=\"wp-block-paragraph\">La culpa de Alfred Nobel se hace presente una y otra vez. En los museos del Holocausto, en las peregrinaciones a Lourdes y Chalma, en el Viacrucis de Pascua que se repite en medio mundo. \u00a1Perd\u00f3n, perd\u00f3n por haberte crucificado, por haber exterminado a seis millones de jud\u00edos! Perd\u00f3n, admirada Salma Hayek, por guardar estos pensamientos de lascivia.<\/p>\n\n\n\n<p class=\"wp-block-paragraph\">El remordimiento no llega. La contrici\u00f3n incumplida impide completar la eucarist\u00eda. Sin perd\u00f3n no hay olvido, y sin olvido vivimos en perpetuo reconcomio. Como era el destino de Alfred Nobel, hasta que decidi\u00f3 sobreponerse a la dinamita, poner el oro y abrirse a la vida, la esperanza, y la gratitud.<\/p>\n","protected":false},"excerpt":{"rendered":"<p>David Mart\u00edn del Campo&nbsp; SemM\u00e9xico, Cd. de M\u00e9xico, 15 de octubre 2024.- Nuestra herencia devota se\u00f1ala que diez son los actos que nos hacen indignos, r\u00e9probos t\u00e9rminos b\u00edblicos\u2026 hasta que somos redimidos. Le ha ocurrido al productor Harvey Weinsten, al expresidente Andr\u00e9s Manuel, al qu\u00edmico Alfred Nobel. En 1888 muri\u00f3 Ludvig Nobel, que la prensa [&hellip;]<\/p>\n","protected":false},"author":3,"featured_media":84026,"comment_status":"open","ping_status":"open","sticky":false,"template":"","format":"standard","meta":{"_monsterinsights_skip_tracking":false,"footnotes":""},"categories":[1],"tags":[],"class_list":["post-88142","post","type-post","status-publish","format-standard","has-post-thumbnail","category-uncategorized"],"_links":{"self":[{"href":"https:\/\/redsemlac.com\/semmexico\/wp-json\/wp\/v2\/posts\/88142","targetHints":{"allow":["GET"]}}],"collection":[{"href":"https:\/\/redsemlac.com\/semmexico\/wp-json\/wp\/v2\/posts"}],"about":[{"href":"https:\/\/redsemlac.com\/semmexico\/wp-json\/wp\/v2\/types\/post"}],"author":[{"embeddable":true,"href":"https:\/\/redsemlac.com\/semmexico\/wp-json\/wp\/v2\/users\/3"}],"replies":[{"embeddable":true,"href":"https:\/\/redsemlac.com\/semmexico\/wp-json\/wp\/v2\/comments?post=88142"}],"version-history":[{"count":0,"href":"https:\/\/redsemlac.com\/semmexico\/wp-json\/wp\/v2\/posts\/88142\/revisions"}],"wp:featuredmedia":[{"embeddable":true,"href":"https:\/\/redsemlac.com\/semmexico\/wp-json\/wp\/v2\/media\/84026"}],"wp:attachment":[{"href":"https:\/\/redsemlac.com\/semmexico\/wp-json\/wp\/v2\/media?parent=88142"}],"wp:term":[{"taxonomy":"category","embeddable":true,"href":"https:\/\/redsemlac.com\/semmexico\/wp-json\/wp\/v2\/categories?post=88142"},{"taxonomy":"post_tag","embeddable":true,"href":"https:\/\/redsemlac.com\/semmexico\/wp-json\/wp\/v2\/tags?post=88142"}],"curies":[{"name":"wp","href":"https:\/\/api.w.org\/{rel}","templated":true}]}}