{"id":88126,"date":"2024-10-14T19:00:23","date_gmt":"2024-10-15T01:00:23","guid":{"rendered":"https:\/\/redsemlac.com\/semmexico\/?p=88126"},"modified":"2024-10-14T19:00:24","modified_gmt":"2024-10-15T01:00:24","slug":"exigen-a-claudia-sheinbaum-tender-puentes-con-defensoras-y-periodistas","status":"publish","type":"post","link":"https:\/\/redsemlac.com\/semmexico\/exigen-a-claudia-sheinbaum-tender-puentes-con-defensoras-y-periodistas\/","title":{"rendered":"Exigen a Claudia Sheinbaum tender puentes con defensoras y periodistas"},"content":{"rendered":"\n<ul class=\"wp-block-list\">\n<li>Militarismo, megaproyectos neoliberales y delincuencia aumentan riesgo para las mujeres<\/li>\n\n\n\n<li>Oaxaca, Guerrero, Chiapas y Veracruz enfrentan graves condiciones<\/li>\n<\/ul>\n\n\n\n<p class=\"wp-block-paragraph\">Soledad Jarqu\u00edn Edgar<\/p>\n\n\n\n<p class=\"wp-block-paragraph\">SemM\u00e9xico, Oaxaca, 14 de octubre, 2024.- Defensoras y periodistas del sur de M\u00e9xico, demandaron a Claudia Sheinbaum Pardo, presidenta mexicana, tender con ellas puentes de di\u00e1logo y concertaci\u00f3n para sumar esfuerzos a favor de la agenda de los derechos humanos.<\/p>\n\n\n\n<p class=\"wp-block-paragraph\">Al concluir el Encuentro Regional de Defensoras. Bordando Resiliencias desde el Sur, m\u00e1s de setenta mujeres de Chiapas, Veracruz, Guerrero y Oaxaca demandaron protecci\u00f3n a las defensoras y periodistas de esas entidades, en un pronunciamiento y tras analizar la situaci\u00f3n pol\u00edtica-econ\u00f3mica-social que prevalece en las tres entidades donde son comunes los megaproyectos neoliberales y la incursi\u00f3n del crimen organizado o grupos delincuenciales.<\/p>\n\n\n\n<p class=\"wp-block-paragraph\">Como parte de sus demandas exigieron la presentaci\u00f3n con vida de la defensora de derechos humanos Ayuujk, Sandra Dom\u00ednguez Mart\u00ednez, quien fue desaparecida desde el 4 de octubre de 2024 sin que hasta el momento se haya dado con su paradero.&nbsp;<\/p>\n\n\n\n<p class=\"wp-block-paragraph\">Que se garantice plenamente la autonom\u00eda de los pueblos ind\u00edgenas, la defensa de los bienes comunes como prioridad y agenda Nacional de los movimientos sociales; llamaron a la unidad de los diversos referentes sociales, feministas, ind\u00edgenas para caminar juntos de cara a fortalecer la defensa de los derechos humanos como una agenda \u00fanica y manifestaron su respaldo a las luchas de defensoras y movimientos sociales de Honduras, Guatemala, Nicaragua, Colombia y la Regi\u00f3n Latinoamericana en resistencia permanente.&nbsp;<\/p>\n\n\n\n<p class=\"wp-block-paragraph\">En una reuni\u00f3n de tres d\u00edas de trabajo en la Sierra Ju\u00e1rez de esta entidad, reconocieron el momento hist\u00f3rico que vive M\u00e9xico con la llegada de la primera presidenta de la Rep\u00fablica a m\u00e1s de 70 a\u00f1os de gobiernos masculinos y 71 desde que las mexicanas obtuvieron en derecho a votar, ser votadas y ocupar cargos p\u00fablicos.<\/p>\n\n\n\n<p class=\"wp-block-paragraph\">Tambi\u00e9n dan cuenta que Claudia Sheinbaum recibe un sistema indolente heredado de gobiernos hist\u00f3ricamente neoliberales marcado por las violencias que atravesamos como sociedad, el patriarcado, el racismo y el capitalismo voraz acompa\u00f1ado de impunidad, con un profundo impacto de la delincuencia organizada que merman los tejidos por el miedo y terror que es constante en la Regi\u00f3n Sur: Guerrero, Veracruz, Chiapas y Oaxaca.<\/p>\n\n\n\n<p class=\"wp-block-paragraph\">As\u00ed, en el pronunciamiento las cuatro entidades alertan sobre la cada vez mayor presencia de elementos militares del Estado, una preocupante violencia generalizada y megaproyectos neoliberales extractivistas que no han generado \u201cdesarrollo\u201d sino heridas lacerantes en el tejido social, circunstancias sociales que ponen en mayor riesgo a las mujeres, desde la violencia emocional y psicol\u00f3gica hasta el feminicidio, una enorme criminalizaci\u00f3n de la protesta social, desplazamientos forzados y despojo injustificado de la tierra y el territorio.<\/p>\n\n\n\n<p class=\"wp-block-paragraph\"><strong>Violencias id\u00e9nticas y proyectos neoliberales<\/strong><\/p>\n\n\n\n<p class=\"wp-block-paragraph\">En&nbsp;Guerrero&nbsp;para las defensoras este panorama ha significado la criminalizaci\u00f3n, la discriminaci\u00f3n y ha obligado a que muchas tengan que desplazarse de manera forzosa encontr\u00e1ndose fuera del territorio sin condiciones de vivienda digna y en particular vulnerabilidad aunado a la falta de garant\u00edas para realizar la labor y la nula respuesta para su protecci\u00f3n tanto a nivel estatal como federal.&nbsp;&nbsp;<\/p>\n\n\n\n<p class=\"wp-block-paragraph\">En&nbsp;Veracruz&nbsp;nos preocupan las tendencias cada vez m\u00e1s al alza de fen\u00f3menos de violencia generalizada que se manifiestan en la trata de personas migrantes, de desaparici\u00f3n de mujeres, la criminalizaci\u00f3n de nuestra labor y la infiltraci\u00f3n de la delincuencia organizada en todas las estructuras, operando en total impunidad, bajo el cobijo de las estructuras de gobierno.<\/p>\n\n\n\n<p class=\"wp-block-paragraph\">Las defensoras de Chiapas demandaron se voltee a ver y se atienda la dram\u00e1tica situaci\u00f3n que ha generado el enfrentamiento contra las comunidades por parte de grupos delincuenciales y la mayor presencia de militares, especialmente en la frontera con Guatemala, donde se ha generado desplazamientos forzados, cooptaci\u00f3n y reclutamiento de juventudes y de mujeres en cuyo caso son objeto de esclavitud sexual y dom\u00e9stica.<\/p>\n\n\n\n<p class=\"wp-block-paragraph\">Oaxaca, proyectos como el corredor trans\u00edstmico, que contribuyen a la reconfiguraci\u00f3n del territorio mexicano, el cl\u00faster industrial, con efectos colaterales como una mayor militarizaci\u00f3n, especialmente en la regi\u00f3n del Istmo de Tehuantepec, la violencia contra las mujeres que en dos a\u00f1os de la administraci\u00f3n gubernamental de Salom\u00f3n Jara Cruz suma 655 desapariciones de mujeres y 195 feminicidios.<\/p>\n\n\n\n<p class=\"wp-block-paragraph\">Las defensoras y periodistas del Sur reconocemos la diversidad y complejidad de cada uno de nuestros contextos, as\u00ed como los desaf\u00edos comunes que nos atraviesan, entre los que los m\u00e1s apremiantes son la criminalizaci\u00f3n de nuestra labor, la exacerbaci\u00f3n de la violencia en contra de las mujeres y en particular en contra de las mujeres defensoras, la infiltraci\u00f3n de la delincuencia organizada y la imposici\u00f3n de pol\u00edticas de extractivismo, muerte y despojo que implican la reconfiguraci\u00f3n de nuestro territorio sur-sureste a trav\u00e9s de los proyectos del Tren y Corredor Interoce\u00e1nico.<\/p>\n\n\n\n<p class=\"wp-block-paragraph\">Durante tres d\u00edas de reflexi\u00f3n se honr\u00f3 la memoria a m\u00e1s de cien mujeres que han sido ejemplo como defensoras y periodistas, algunas de las cuales han sido asesinadas por su labor.<\/p>\n\n\n\n<p class=\"wp-block-paragraph\">\u201cLas defensoras y periodistas reafirmamos que nuestra fuerza radica en la apuesta por la esperanza, la lucha colectiva, la comunalidad, la guelaguetza y organizaci\u00f3n colectiva, la construcci\u00f3n de redes, la reivindicaci\u00f3n de la vida, del territorio y de nuestros saberes ancestrales\u201d, se\u00f1ala el documento firmado por m\u00e1s de 70 mujeres, convocadas por Consorcio Oaxaca, CIMAC, la Red Estatal de Mujeres Defensoras, Activistas y Periodistas de Oaxaca, la Red Nacional de Mujeres Defensoras de Derechos Humanos en M\u00e9xico y la Iniciativa Mesoamericana de Mujeres Defensoras de Derechos Humanos.<\/p>\n\n\n\n<p class=\"wp-block-paragraph\">SEM\/sj<\/p>\n","protected":false},"excerpt":{"rendered":"<p>Soledad Jarqu\u00edn Edgar SemM\u00e9xico, Oaxaca, 14 de octubre, 2024.- Defensoras y periodistas del sur de M\u00e9xico, demandaron a Claudia Sheinbaum Pardo, presidenta mexicana, tender con ellas puentes de di\u00e1logo y concertaci\u00f3n para sumar esfuerzos a favor de la agenda de los derechos humanos. Al concluir el Encuentro Regional de Defensoras. Bordando Resiliencias desde el Sur, [&hellip;]<\/p>\n","protected":false},"author":3,"featured_media":88127,"comment_status":"open","ping_status":"open","sticky":false,"template":"","format":"standard","meta":{"_monsterinsights_skip_tracking":false,"footnotes":""},"categories":[54],"tags":[],"class_list":["post-88126","post","type-post","status-publish","format-standard","has-post-thumbnail","category-mujeres"],"_links":{"self":[{"href":"https:\/\/redsemlac.com\/semmexico\/wp-json\/wp\/v2\/posts\/88126","targetHints":{"allow":["GET"]}}],"collection":[{"href":"https:\/\/redsemlac.com\/semmexico\/wp-json\/wp\/v2\/posts"}],"about":[{"href":"https:\/\/redsemlac.com\/semmexico\/wp-json\/wp\/v2\/types\/post"}],"author":[{"embeddable":true,"href":"https:\/\/redsemlac.com\/semmexico\/wp-json\/wp\/v2\/users\/3"}],"replies":[{"embeddable":true,"href":"https:\/\/redsemlac.com\/semmexico\/wp-json\/wp\/v2\/comments?post=88126"}],"version-history":[{"count":0,"href":"https:\/\/redsemlac.com\/semmexico\/wp-json\/wp\/v2\/posts\/88126\/revisions"}],"wp:featuredmedia":[{"embeddable":true,"href":"https:\/\/redsemlac.com\/semmexico\/wp-json\/wp\/v2\/media\/88127"}],"wp:attachment":[{"href":"https:\/\/redsemlac.com\/semmexico\/wp-json\/wp\/v2\/media?parent=88126"}],"wp:term":[{"taxonomy":"category","embeddable":true,"href":"https:\/\/redsemlac.com\/semmexico\/wp-json\/wp\/v2\/categories?post=88126"},{"taxonomy":"post_tag","embeddable":true,"href":"https:\/\/redsemlac.com\/semmexico\/wp-json\/wp\/v2\/tags?post=88126"}],"curies":[{"name":"wp","href":"https:\/\/api.w.org\/{rel}","templated":true}]}}