{"id":88123,"date":"2024-10-14T18:58:23","date_gmt":"2024-10-15T00:58:23","guid":{"rendered":"https:\/\/redsemlac.com\/semmexico\/?p=88123"},"modified":"2024-10-14T18:58:24","modified_gmt":"2024-10-15T00:58:24","slug":"dirigira-delyana-lazarova-dos-presentaciones-de-orquesta-sinfonica-nacional","status":"publish","type":"post","link":"https:\/\/redsemlac.com\/semmexico\/dirigira-delyana-lazarova-dos-presentaciones-de-orquesta-sinfonica-nacional\/","title":{"rendered":"Dirigir\u00e1 Delyana Lazarova dos presentaciones de Orquesta Sinf\u00f3nica Nacional"},"content":{"rendered":"\n<ul class=\"wp-block-list\">\n<li>Se presentar\u00e1 el viernes 18 y domingo 20 de octubre pr\u00f3ximo<\/li>\n\n\n\n<li>Es el segundo programa M\u00fasica y Esperanza de la temporada de la principal<\/li>\n<\/ul>\n\n\n\n<p class=\"wp-block-paragraph\">Redacci\u00f3n<\/p>\n\n\n\n<p class=\"wp-block-paragraph\">SemM\u00e9xico, Cd. de M\u00e9xico, 14 de octubre, 2024.- El pr\u00f3ximo viernes 18 y domingo 20 la Orquesta Sinf\u00f3nica Nacional del Inbal tiene como principal invitada a la directora Delyana Lazarova, quien debuta en el m\u00e1ximo recinto de arte y cultura de M\u00e9xico y quien ha manifestado un inter\u00e9s especial por el repertorio ruso y de Europa del este.<\/p>\n\n\n\n<p class=\"wp-block-paragraph\">Con sendas presentaciones, el viernes 18 a las 20 horas y el domingo 20 a las 12:15 horas, se realizar\u00e1 el segundo programa M\u00fasica y Esperanza de la temporada de la principal agrupaci\u00f3n musical del Inbal en la sala principal del Palacio de Bellas Artes.<\/p>\n\n\n\n<p class=\"wp-block-paragraph\">La Orquesta Sinf\u00f3nica Nacional iniciar\u00e1 el programa con la&nbsp;<em>Fantas\u00eda homenaje a Schubert<\/em>, de Dobrinka Tabakova (1980). \u201cEmocionante\u201d, \u201cradiante\u201d, \u201cpenetrante\u201d, \u201cemotiva\u201d, son algunos de los adjetivos que se han aplicado a la m\u00fasica de Tabakova. En particular, el cr\u00edtico Tobias Fischer afirma que \u201csu m\u00fasica tiende a explorar la zona que hay entre lo familiar y lo desconocido, sin trazar frontera alguna\u201d.<\/p>\n\n\n\n<p class=\"wp-block-paragraph\">En palabras de la compositora sobre su obra: \u201cMi relaci\u00f3n con la m\u00fasica de Schubert comenz\u00f3 cuando era una ni\u00f1a, escuchando&nbsp;<em>Winterreise<\/em>&nbsp;(<em>Viaje de invierno<\/em>) y las sinfon\u00edas. Lo que me atrajo fue la sinceridad y la pureza de su m\u00fasica; sus canciones son muy humanas y honestas\u2026 Comenc\u00e9 por las canciones, tomando melod\u00edas de aqu\u00ed y all\u00e1 y a\u00f1adiendo otras capas de m\u00fasica, pero no quer\u00eda que fuera un pastiche de Schubert. La obra que finalmente me abri\u00f3 las puertas fue su&nbsp;<em>Fantas\u00eda en Do mayor para viol\u00edn y piano<\/em>\u2026\u201d<\/p>\n\n\n\n<p class=\"wp-block-paragraph\">Como segunda obra, la OSN interpretar\u00e1 la&nbsp;<em>Sinfon\u00eda n\u00fam. 5 en Si bemol mayor, D. 485<\/em>, de Franz Schubert (1797-1828), la cual es en s\u00ed misma un homenaje a cl\u00e1sicos como Mozart y Haydn.<\/p>\n\n\n\n<p class=\"wp-block-paragraph\">Siendo hasta la fecha una de las obras m\u00e1s populares del cat\u00e1logo del compositor, la&nbsp;<em>Sinfon\u00eda n\u00fam. 5<\/em>&nbsp;fue compuesta en el corto lapso de dos semanas, lo que no est\u00e1 nada mal para un compositor de 19 a\u00f1os de edad.<\/p>\n\n\n\n<p class=\"wp-block-paragraph\">Por \u00faltimo, el p\u00fablico escuchar\u00e1 la&nbsp;<em>Sinfon\u00eda n\u00fam. 5, Op. 100 en Si bemol mayor<\/em>, de Sergu\u00e9i Prok\u00f3fiev (1891-1953). El compositor declar\u00f3: \u201cConsidero mi&nbsp;<em>Quinta sinfon\u00eda<\/em>&nbsp;como la culminaci\u00f3n de un largo periodo de mi vida creativa. La conceb\u00ed como una sinfon\u00eda sobre la grandeza del esp\u00edritu humano. Adem\u00e1s, esta obra es de particular importancia para m\u00ed, porque marc\u00f3 mi regreso a la forma sinf\u00f3nica despu\u00e9s de un largo intervalo\u201d.<\/p>\n\n\n\n<p class=\"wp-block-paragraph\">El hecho de que hayan pasado casi 15 a\u00f1os entre la cuarta y la quinta sinfon\u00eda no implica que hayan sido a\u00f1os improductivos para el compositor. Por el contrario, en ese periodo surgieron algunas obras de importancia que, ciertamente, habr\u00eda de influir en la escritura de la&nbsp;<em>Quinta sinfon\u00eda<\/em>, considerada por muchos cr\u00edticos como la mejor de las obras sinf\u00f3nicas de Prok\u00f3fiev.<\/p>\n\n\n\n<p class=\"wp-block-paragraph\">Esta presentaci\u00f3n es realidad gracias a la Secretar\u00eda de Cultura del Gobierno de M\u00e9xico y el Instituto Nacional de Bellas Artes y Literatura (Inbal).<\/p>\n\n\n\n<p class=\"wp-block-paragraph\">SEM\/sj<\/p>\n","protected":false},"excerpt":{"rendered":"<p>Redacci\u00f3n SemM\u00e9xico, Cd. de M\u00e9xico, 14 de octubre, 2024.- El pr\u00f3ximo viernes 18 y domingo 20 la Orquesta Sinf\u00f3nica Nacional del Inbal tiene como principal invitada a la directora Delyana Lazarova, quien debuta en el m\u00e1ximo recinto de arte y cultura de M\u00e9xico y quien ha manifestado un inter\u00e9s especial por el repertorio ruso y [&hellip;]<\/p>\n","protected":false},"author":3,"featured_media":88124,"comment_status":"open","ping_status":"open","sticky":false,"template":"","format":"standard","meta":{"_monsterinsights_skip_tracking":false,"footnotes":""},"categories":[748],"tags":[],"class_list":["post-88123","post","type-post","status-publish","format-standard","has-post-thumbnail","category-cultura-feminista"],"_links":{"self":[{"href":"https:\/\/redsemlac.com\/semmexico\/wp-json\/wp\/v2\/posts\/88123","targetHints":{"allow":["GET"]}}],"collection":[{"href":"https:\/\/redsemlac.com\/semmexico\/wp-json\/wp\/v2\/posts"}],"about":[{"href":"https:\/\/redsemlac.com\/semmexico\/wp-json\/wp\/v2\/types\/post"}],"author":[{"embeddable":true,"href":"https:\/\/redsemlac.com\/semmexico\/wp-json\/wp\/v2\/users\/3"}],"replies":[{"embeddable":true,"href":"https:\/\/redsemlac.com\/semmexico\/wp-json\/wp\/v2\/comments?post=88123"}],"version-history":[{"count":0,"href":"https:\/\/redsemlac.com\/semmexico\/wp-json\/wp\/v2\/posts\/88123\/revisions"}],"wp:featuredmedia":[{"embeddable":true,"href":"https:\/\/redsemlac.com\/semmexico\/wp-json\/wp\/v2\/media\/88124"}],"wp:attachment":[{"href":"https:\/\/redsemlac.com\/semmexico\/wp-json\/wp\/v2\/media?parent=88123"}],"wp:term":[{"taxonomy":"category","embeddable":true,"href":"https:\/\/redsemlac.com\/semmexico\/wp-json\/wp\/v2\/categories?post=88123"},{"taxonomy":"post_tag","embeddable":true,"href":"https:\/\/redsemlac.com\/semmexico\/wp-json\/wp\/v2\/tags?post=88123"}],"curies":[{"name":"wp","href":"https:\/\/api.w.org\/{rel}","templated":true}]}}