{"id":88118,"date":"2024-10-14T18:53:31","date_gmt":"2024-10-15T00:53:31","guid":{"rendered":"https:\/\/redsemlac.com\/semmexico\/?p=88118"},"modified":"2024-10-14T18:53:49","modified_gmt":"2024-10-15T00:53:49","slug":"cuba-genero-y-color-de-la-piel-cuando-las-violencias-se-multiplican","status":"publish","type":"post","link":"https:\/\/redsemlac.com\/semmexico\/cuba-genero-y-color-de-la-piel-cuando-las-violencias-se-multiplican\/","title":{"rendered":"Cuba: G\u00e9nero y color de la piel: cuando las violencias se multiplican"},"content":{"rendered":"\n<ul class=\"wp-block-list\">\n<li>Se entrecruzan dando lugar a una discriminaci\u00f3n agravada o por doble motivo<\/li>\n\n\n\n<li>Las investigaciones sobre desigualdades sociales y color de la piel el 9 %<\/li>\n<\/ul>\n\n\n\n<p class=\"wp-block-paragraph\">Dixie Edith<\/p>\n\n\n\n<p class=\"wp-block-paragraph\">SemM\u00e9xico\/SEMlac,La Habana, 14 de octubre, 2024.- La desigualdad de g\u00e9nero es diferente a la que se basa en el color de la piel, pero estas formas de discriminaci\u00f3n no se excluyen mutuamente, coincidieron especialistas de diferentes perfiles durante un taller organizado por el Centro Oscar Arnulfo Romero (OAR), entre el 7 y el 10 de octubre de 2024.<\/p>\n\n\n\n<p class=\"wp-block-paragraph\"><br>\u00abCon demasiada frecuencia ambas se entrecruzan dando lugar a una discriminaci\u00f3n agravada o por doble motivo\u00bb, asever\u00f3 la soci\u00f3loga&nbsp;<a href=\"https:\/\/directoriogenero.redsemlac-cuba.net\/clotilde-proveyer-cervantes-la-habana-1955\/\" target=\"_blank\" rel=\"noreferrer noopener\">Clotilde Proveyer Cervantes<\/a>, profesora de la Universidad de La Habana.<\/p>\n\n\n\n<p class=\"wp-block-paragraph\"><br>Sin embargo, aunque existen investigaciones sobre violencias machistas y tambi\u00e9n sobre racialidad en Cuba, no se evidencia una intenci\u00f3n clara de relacionarlas o entrecruzarlas, lo que deriva en vac\u00edos de conocimientos que impiden la correcta atenci\u00f3n de estas problem\u00e1ticas.<\/p>\n\n\n\n<p class=\"wp-block-paragraph\"><br>\u00abSi bien hay personas con mucha experiencia que trabajan, por un lado, todo el tema de la vulnerabilidad, la pobreza, las inequidades, la racialidad y, por otro, de las violencias machistas; hay muy pocos trabajos sobre su intersecci\u00f3n\u00bb, sostuvo a SEMlac la psic\u00f3loga&nbsp;<a href=\"https:\/\/directoriogenero.redsemlac-cuba.net\/beatriz-torres-rodriguez\/\" target=\"_blank\" rel=\"noreferrer noopener\">Beatriz Torres<\/a>, especialista de OAR y profesora del Centro de Estudios Demogr\u00e1ficos (Cedem), de la Universidad de La Habana.<\/p>\n\n\n\n<p class=\"wp-block-paragraph\"><br>En su \u00ab<a href=\"https:\/\/biblioteca-repositorio.clacso.edu.ar\/bitstream\/CLACSO\/248517\/1\/Analisis-desigualdades.pdf\" target=\"_blank\" rel=\"noreferrer noopener\">An\u00e1lisis de las desigualdades y de la pol\u00edtica social cubana desde una perspectiva interseccional<\/a>\u00ab, la tambi\u00e9n psic\u00f3loga Mar\u00eda del Carmen Zabala, de la Facultad Latinoamericana de Ciencias Sociales (Flacso), confirma esta percepci\u00f3n a partir de una sistematizaci\u00f3n de las principales desigualdades identificadas en las investigaciones sociales en Cuba.<\/p>\n\n\n\n<p class=\"wp-block-paragraph\"><br>De 366 estudios realizados entre 2008 y 2018 acerca de diferentes ejes de diferenciaci\u00f3n que suponen ventajas o desventajas para determinados grupos sociales, la categor\u00eda de mayor presencia es g\u00e9nero, abordada en 102 de los 126 trabajos que revelan intersecciones (80,9 %).<\/p>\n\n\n\n<p class=\"wp-block-paragraph\"><br>En contraste, las investigaciones sobre desigualdades sociales y color de la piel apenas constituyeron el nueve por ciento del total de los estudios sistematizados.<\/p>\n\n\n\n<p class=\"wp-block-paragraph\"><br>Para Zabala, tambi\u00e9n participante del taller, hay interrogantes esenciales que pueden pautar las investigaciones futuras en este camino: \u00bfel racismo y la discriminaci\u00f3n constituyen en s\u00ed mismos formas de violencia?, \u00bfqu\u00e9 relaci\u00f3n existe entre la violencia de g\u00e9nero y la violencia racial?, \u00bfqu\u00e9 \u00e1mbitos o espacios son los m\u00e1s afectados?, \u00bfcu\u00e1l es el peso de otros ejes estructurantes de desigualdad como el territorio, la edad o la condici\u00f3n econ\u00f3mica?<br><br><strong>Cuando las desigualdades se cruzan y agravan<\/strong><\/p>\n\n\n\n<p class=\"wp-block-paragraph\"><br>El entrelazamiento entre g\u00e9nero y color de la piel destaca las desventajas de las mujeres negras y mulatas por situaciones de pobreza, vulnerabilidad social y menor acceso a la educaci\u00f3n superior, con menores oportunidades en el sector cuentapropista y capacidad de supervivencia respecto a las j\u00f3venes de color de la piel blanco, trascendi\u00f3 durante los debates.<\/p>\n\n\n\n<p class=\"wp-block-paragraph\"><br>A juicio de&nbsp;<a href=\"https:\/\/directoriogenero.redsemlac-cuba.net\/norma-rita-guillard-limonta\/\" target=\"_blank\" rel=\"noreferrer noopener\">Norma Rita Guillard Limonta<\/a>, investigadora afrofeminista, son asuntos de abordaje urgente e indispensable, pues \u00ablas personas negras ya nacen discriminadas, con el &#8216;no ser&#8217;; son tantas las diferentes intersecciones que nos han agredido, que han limitado el desarrollo que quisi\u00e9ramos&#8230; No nos ha quedado m\u00e1s remedio que luchar, de ah\u00ed la rebeld\u00eda\u00bb, asever\u00f3 la tambi\u00e9n impulsora de la articulaci\u00f3n afrofeminista cubana.<\/p>\n\n\n\n<p class=\"wp-block-paragraph\"><br>Otras problem\u00e1ticas sociales graves, como el embarazo adolescente, los matrimonios o uniones tempranas y tambi\u00e9n el acceso a servicios de salud reproductiva o a tecnolog\u00edas esenciales para funcionar en los espacios educativos presentan, igualmente, diferenciales importantes por color de la piel.<\/p>\n\n\n\n<p class=\"wp-block-paragraph\"><br>\u00abTodos esos factores tributan a la violencia de g\u00e9nero\u00bb, precis\u00f3 Proveyer Cervantes, quien considera crucial introducir un&nbsp;<a href=\"https:\/\/www.redsemlac-cuba.net\/redsemlac\/violencia\/violencia-de-genero-y-color-de-la-piel-en-busca-de-enfoques-interseccionales\/\" target=\"_blank\" rel=\"noreferrer noopener\">enfoque interseccional<\/a>&nbsp;y de g\u00e9nero para&nbsp;<a href=\"https:\/\/www.redsemlac-cuba.net\/redsemlac\/sociedad-y-cultura\/racismo-lo-que-no-se-nombra-no-existe\/\" target=\"_blank\" rel=\"noreferrer noopener\">visibilizar las consecuencias del racismo sist\u00e9mico y de la discriminaci\u00f3n racial<\/a>&nbsp;en el ejercicio de los derechos de las mujeres afrodescendientes.<\/p>\n\n\n\n<p class=\"wp-block-paragraph\"><br>Acercarse a la investigaci\u00f3n desde esta perspectiva puede visibilizar las desigualdades de g\u00e9nero y tambi\u00e9n posibilita observar las opresiones m\u00faltiples y las relaciones de poder que enfrentan estas mujeres.<\/p>\n\n\n\n<p class=\"wp-block-paragraph\"><br>Para Zabala, es esencial comprender que desde un \u00fanico cuerpo te\u00f3rico no vamos a poder acceder a todo el conocimiento necesario para comprender estos fen\u00f3menos. \u00abHay necesidades, vivencias, modos de auto percibirnos, historias diferentes que deben ser tomadas en cuenta\u00bb, precis\u00f3.<\/p>\n\n\n\n<p class=\"wp-block-paragraph\"><br>Con ella coincidi\u00f3 la joven Analaura Abreu Alfonso, graduada Gesti\u00f3n Sociocultural e investigadora afrofeminista. \u00abLos lugares de enunciaci\u00f3n son importantes, a\u00fan m\u00e1s cuando se pretende llegar a un enfoque interseccional, porque seg\u00fan el posicionamiento y lugar desde donde hablemos, as\u00ed ser\u00e1n nuestras teor\u00edas y pr\u00e1cticas profesionales\u00bb, dijo a SEMlac.<\/p>\n\n\n\n<p class=\"wp-block-paragraph\"><br>En su opini\u00f3n, eso pasa por comprender que&nbsp;<a href=\"https:\/\/www.redsemlac-cuba.net\/redsemlac\/sociedad-y-cultura\/al-encuentro-de-una-agenda-feminista\/\" target=\"_blank\" rel=\"noreferrer noopener\">no hay un solo feminismo, sino varios<\/a>, basados \u00aben experiencias, cuerpos, dolores y luchas diversos; eso nos ayuda a comprendernos mucho m\u00e1s desde la interseccionalidad y esa diversidad\u00bb.<\/p>\n\n\n\n<p class=\"wp-block-paragraph\"><br>Para la psiquiatra&nbsp;<a href=\"https:\/\/directoriogenero.redsemlac-cuba.net\/ada-caridad-alfonso-rodriguez-1955\/\" target=\"_blank\" rel=\"noreferrer noopener\">Ada Alfonso Rodr\u00edguez<\/a>, del Centro Nacional de Educaci\u00f3n Sexual (Cenesex), uno de los conflictos reiterados es que se trata de comprender la teor\u00eda de g\u00e9nero desde un enfoque binario, parcial.<\/p>\n\n\n\n<p class=\"wp-block-paragraph\"><br>\u00abSi no se habla de esas relaciones de poder que producen las desigualdades de g\u00e9nero, entonces tampoco se logra entender a las personas trans, las lesbianas y caemos en la trampa de dejar afuera &#8216;lo otro&#8217;, tambi\u00e9n desde una posici\u00f3n de poder\u00bb, explic\u00f3.<\/p>\n\n\n\n<p class=\"wp-block-paragraph\"><br><strong>Los retos de la academia<\/strong><\/p>\n\n\n\n<p class=\"wp-block-paragraph\"><br>Elaine Morales Chuco, psic\u00f3loga e investigadora del Instituto Cubano de Investigaci\u00f3n Cultural Juan Marinello (Icic), considera que el vac\u00edo en el abordaje interseccional y en los an\u00e1lisis de la relaci\u00f3n entre racialidad y violencia est\u00e1 tambi\u00e9n en el entramado te\u00f3rico y en la preparaci\u00f3n profesional de quienes abordan uno y otro tema.<\/p>\n\n\n\n<p class=\"wp-block-paragraph\"><br>\u00abEn la pr\u00e1ctica investigativa no est\u00e1 la articulaci\u00f3n porque no la vemos ni hemos elaborado las metodolog\u00edas para abordarla de una manera coherente\u00bb.<\/p>\n\n\n\n<p class=\"wp-block-paragraph\"><br>Para Abreu Alfonso, en tanto, si bien la formaci\u00f3n es importante, \u00abla empat\u00eda es fundamental\u00bb.<br>\u00abCuando sientes las cosas en la piel y logras ponerte en el lugar de esa otra persona, a partir de la sensibilizaci\u00f3n, la empat\u00eda y lo que llamamos el sentir-pensar; o sea, sentir algo y despu\u00e9s pensar y teorizar; eso es, verdaderamente, lo que permite ir llegando a la ra\u00edz del conflicto\u00bb, reflexion\u00f3 con SEMlac.<\/p>\n\n\n\n<p class=\"wp-block-paragraph\"><br>Resistencias, prejuicios y limitaciones en el \u00e1mbito acad\u00e9mico y cient\u00edfico, pero tambi\u00e9n desde otras instituciones y organizaciones, fueron identificadas como brechas para avanzar en el camino de la investigaci\u00f3n de las desigualdades que producen violencias.<\/p>\n\n\n\n<p class=\"wp-block-paragraph\"><br>Entre los principales desaf\u00edos identificados quedaron la necesidad de alianzas m\u00e1s abarcadoras, de estad\u00edsticas que permitan visibilizar los problemas desde todas sus intersecciones; pero tambi\u00e9n la definici\u00f3n de metodolog\u00edas para abordar estas investigaciones, incluso desde enfoques hist\u00f3ricos o culturales y, sobre todo, ir empujando caminos para lograr soluciones.<\/p>\n\n\n\n<p class=\"wp-block-paragraph\"><br>Proveyer Cervantes, por su parte, considera imprescindible \u00abmoverse de lo monodisciplinar, de los estancos, y avanzar en la pr\u00e1ctica, en los compromisos cotidianos\u00bb, asever\u00f3.<\/p>\n\n\n\n<p class=\"wp-block-paragraph\">SEM-SEMlac\/de<\/p>\n","protected":false},"excerpt":{"rendered":"<p>Dixie Edith SemM\u00e9xico\/SEMlac,La Habana, 14 de octubre, 2024.- La desigualdad de g\u00e9nero es diferente a la que se basa en el color de la piel, pero estas formas de discriminaci\u00f3n no se excluyen mutuamente, coincidieron especialistas de diferentes perfiles durante un taller organizado por el Centro Oscar Arnulfo Romero (OAR), entre el 7 y el [&hellip;]<\/p>\n","protected":false},"author":3,"featured_media":88120,"comment_status":"open","ping_status":"open","sticky":false,"template":"","format":"standard","meta":{"_monsterinsights_skip_tracking":false,"footnotes":""},"categories":[53],"tags":[],"class_list":["post-88118","post","type-post","status-publish","format-standard","has-post-thumbnail","category-internacional"],"_links":{"self":[{"href":"https:\/\/redsemlac.com\/semmexico\/wp-json\/wp\/v2\/posts\/88118","targetHints":{"allow":["GET"]}}],"collection":[{"href":"https:\/\/redsemlac.com\/semmexico\/wp-json\/wp\/v2\/posts"}],"about":[{"href":"https:\/\/redsemlac.com\/semmexico\/wp-json\/wp\/v2\/types\/post"}],"author":[{"embeddable":true,"href":"https:\/\/redsemlac.com\/semmexico\/wp-json\/wp\/v2\/users\/3"}],"replies":[{"embeddable":true,"href":"https:\/\/redsemlac.com\/semmexico\/wp-json\/wp\/v2\/comments?post=88118"}],"version-history":[{"count":0,"href":"https:\/\/redsemlac.com\/semmexico\/wp-json\/wp\/v2\/posts\/88118\/revisions"}],"wp:featuredmedia":[{"embeddable":true,"href":"https:\/\/redsemlac.com\/semmexico\/wp-json\/wp\/v2\/media\/88120"}],"wp:attachment":[{"href":"https:\/\/redsemlac.com\/semmexico\/wp-json\/wp\/v2\/media?parent=88118"}],"wp:term":[{"taxonomy":"category","embeddable":true,"href":"https:\/\/redsemlac.com\/semmexico\/wp-json\/wp\/v2\/categories?post=88118"},{"taxonomy":"post_tag","embeddable":true,"href":"https:\/\/redsemlac.com\/semmexico\/wp-json\/wp\/v2\/tags?post=88118"}],"curies":[{"name":"wp","href":"https:\/\/api.w.org\/{rel}","templated":true}]}}