{"id":88112,"date":"2024-10-14T18:41:49","date_gmt":"2024-10-15T00:41:49","guid":{"rendered":"https:\/\/redsemlac.com\/semmexico\/?p=88112"},"modified":"2024-10-14T18:41:50","modified_gmt":"2024-10-15T00:41:50","slug":"ana-maria-lomeli-jefa-de-comunicacion-social-en-el-gobierno-de-la-cdmx","status":"publish","type":"post","link":"https:\/\/redsemlac.com\/semmexico\/ana-maria-lomeli-jefa-de-comunicacion-social-en-el-gobierno-de-la-cdmx\/","title":{"rendered":"Ana Mar\u00eda Lomel\u00ed, jefa de Comunicaci\u00f3n Social en el gobierno de la CDMX"},"content":{"rendered":"\n<ul class=\"wp-block-list\">\n<li>Actual diputada local en el Congreso local<\/li>\n\n\n\n<li>Tiene 40 a\u00f1os en medios de comunicaci\u00f3n<\/li>\n<\/ul>\n\n\n\n<p class=\"wp-block-paragraph\">Redacci\u00f3n<\/p>\n\n\n\n<p class=\"wp-block-paragraph\">SemM\u00e9xico, Cd. de M\u00e9xico, 14 de octubre, 2024.- La periodista Ana Mar\u00eda Lomel\u00ed fue nombrada este lunes como titular de la Coordinaci\u00f3n de Comunicaci\u00f3n Social por la jefa de gobierno de la Ciudad de M\u00e9xico (CDMX), Clara Brugada y el anunci\u00f3 se dio a conocer en conferencia de prensa.<\/p>\n\n\n\n<p class=\"wp-block-paragraph\">Periodista con trayectoria de m\u00e1s de 40 a\u00f1os, es originaria de la CDMX donde estudi\u00f3 su carrera en la Escuela de Periodismo Carlos Septi\u00e9n Garc\u00eda y actual diputada federal por Morena, por el distrito 8 de Coyoac\u00e1n.<\/p>\n\n\n\n<p class=\"wp-block-paragraph\">En su cuenta de Facebook, se define como periodista, conductora y emprendedora de vida. Ha sido enlace de la doctora Claudia Sheinbaum con los empresarios, durante la campa\u00f1a pol\u00edtica.<\/p>\n\n\n\n<p class=\"wp-block-paragraph\">Ha colaborado en las dos televisoras privadas tanto en Televisa como en TVAzteca en distintos momentos.<\/p>\n\n\n\n<p class=\"wp-block-paragraph\">Se ha dedicado a conocer la problem\u00e1tica de nuestro pa\u00eds, las causas y darle voz a la ciudadan\u00eda, dijo Brugada al presentar a su nueva colaboradora.<\/p>\n\n\n\n<p class=\"wp-block-paragraph\">SEM\/sj<\/p>\n","protected":false},"excerpt":{"rendered":"<p>Redacci\u00f3n SemM\u00e9xico, Cd. de M\u00e9xico, 14 de octubre, 2024.- La periodista Ana Mar\u00eda Lomel\u00ed fue nombrada este lunes como titular de la Coordinaci\u00f3n de Comunicaci\u00f3n Social por la jefa de gobierno de la Ciudad de M\u00e9xico (CDMX), Clara Brugada y el anunci\u00f3 se dio a conocer en conferencia de prensa. Periodista con trayectoria de m\u00e1s [&hellip;]<\/p>\n","protected":false},"author":3,"featured_media":88113,"comment_status":"open","ping_status":"open","sticky":false,"template":"","format":"standard","meta":{"_monsterinsights_skip_tracking":false,"footnotes":""},"categories":[50],"tags":[],"class_list":["post-88112","post","type-post","status-publish","format-standard","has-post-thumbnail","category-congreso"],"_links":{"self":[{"href":"https:\/\/redsemlac.com\/semmexico\/wp-json\/wp\/v2\/posts\/88112","targetHints":{"allow":["GET"]}}],"collection":[{"href":"https:\/\/redsemlac.com\/semmexico\/wp-json\/wp\/v2\/posts"}],"about":[{"href":"https:\/\/redsemlac.com\/semmexico\/wp-json\/wp\/v2\/types\/post"}],"author":[{"embeddable":true,"href":"https:\/\/redsemlac.com\/semmexico\/wp-json\/wp\/v2\/users\/3"}],"replies":[{"embeddable":true,"href":"https:\/\/redsemlac.com\/semmexico\/wp-json\/wp\/v2\/comments?post=88112"}],"version-history":[{"count":0,"href":"https:\/\/redsemlac.com\/semmexico\/wp-json\/wp\/v2\/posts\/88112\/revisions"}],"wp:featuredmedia":[{"embeddable":true,"href":"https:\/\/redsemlac.com\/semmexico\/wp-json\/wp\/v2\/media\/88113"}],"wp:attachment":[{"href":"https:\/\/redsemlac.com\/semmexico\/wp-json\/wp\/v2\/media?parent=88112"}],"wp:term":[{"taxonomy":"category","embeddable":true,"href":"https:\/\/redsemlac.com\/semmexico\/wp-json\/wp\/v2\/categories?post=88112"},{"taxonomy":"post_tag","embeddable":true,"href":"https:\/\/redsemlac.com\/semmexico\/wp-json\/wp\/v2\/tags?post=88112"}],"curies":[{"name":"wp","href":"https:\/\/api.w.org\/{rel}","templated":true}]}}