{"id":87958,"date":"2024-10-09T10:59:10","date_gmt":"2024-10-09T16:59:10","guid":{"rendered":"https:\/\/redsemlac.com\/semmexico\/?p=87958"},"modified":"2024-10-09T10:59:11","modified_gmt":"2024-10-09T16:59:11","slug":"procurar-inflacion-baja-y-estable-contribuye-al-desarrollo-economico-y-al-bienestar-de-la-poblacion","status":"publish","type":"post","link":"https:\/\/redsemlac.com\/semmexico\/procurar-inflacion-baja-y-estable-contribuye-al-desarrollo-economico-y-al-bienestar-de-la-poblacion\/","title":{"rendered":"Procurar inflaci\u00f3n baja y estable contribuye al desarrollo econ\u00f3mico y al bienestar de la poblaci\u00f3n"},"content":{"rendered":"\n<p class=\"wp-block-paragraph\">Lorena Rodr\u00edguez Le\u00f3n inaugur\u00f3 la C\u00e1tedra BANXICO-FE<\/p>\n\n\n\n<p class=\"wp-block-paragraph\">Omar Mej\u00eda Castelazo ofreci\u00f3 la conferencia \u201cPol\u00edtica monetaria y el r\u00e9gimen de objetivos de inflaci\u00f3n\u201d<\/p>\n\n\n\n<p class=\"wp-block-paragraph\">&nbsp;Redacci\u00f3n<\/p>\n\n\n\n<p class=\"wp-block-paragraph\">SemM\u00e9xico, Cd. de M\u00e9xico, 9 de octubre, 2024.-Ejercicio de educaci\u00f3n econ\u00f3mica financiera que durante 24 a\u00f1os han llevado a cabo la Facultad de Econom\u00eda (FE) de la UNAM y el Banco de M\u00e9xico, la C\u00e1tedra Banxico-FE es un puente que conecta a estudiantes y funcionarios, destac\u00f3 la directora de esa entidad acad\u00e9mica, Lorena Rodr\u00edguez Le\u00f3n.&nbsp;<\/p>\n\n\n\n<p class=\"wp-block-paragraph\">Adem\u00e1s de detallar diversos aspectos t\u00e9cnicos de la pol\u00edtica econ\u00f3mica del pa\u00eds, la C\u00e1tedra explica el papel protag\u00f3nico que ha tenido dicha instituci\u00f3n bancaria en la econom\u00eda nacional a partir del M\u00e9xico posrevolucionario, a\u00f1adi\u00f3.<\/p>\n\n\n\n<p class=\"wp-block-paragraph\">Al inaugurar el evento conjunto en el auditorio de Banxico, subray\u00f3 la colaboraci\u00f3n en beneficio de los estudiantes, as\u00ed como la coordinaci\u00f3n de Clemente Ruiz Dur\u00e1n, profesor de la FE, en este ejercicio acad\u00e9mico.&nbsp;<\/p>\n\n\n\n<p class=\"wp-block-paragraph\">Procurar un ambiente de inflaci\u00f3n baja y estable constituye un bien p\u00fablico que contribuye al desarrollo econ\u00f3mico y al bienestar de la poblaci\u00f3n, estim\u00f3 el subgobernador del Banco de M\u00e9xico, Omar Mej\u00eda Castelazo.&nbsp;<\/p>\n\n\n\n<p class=\"wp-block-paragraph\">Al ofrecer la conferencia inaugural \u201cPol\u00edtica monetaria y el r\u00e9gimen de objetivos de inflaci\u00f3n\u201d, se\u00f1al\u00f3 que en las \u00faltimas d\u00e9cadas surgi\u00f3 un consenso a nivel internacional de preservar esas condiciones.&nbsp;<\/p>\n\n\n\n<p class=\"wp-block-paragraph\">\u201cEl objetivo de la inflaci\u00f3n baja se fundamenta en los beneficios asociados a ella: protege el nivel adquisitivo, particularmente de los hogares con menores ingresos; genera un ambiente propicio para la planeaci\u00f3n de mediano y largo plazo de los agentes econ\u00f3micos; coadyuva a una asignaci\u00f3n eficiente de recursos de la econom\u00eda; y contribuye al desarrollo del sistema financiero\u201d, argument\u00f3.&nbsp;<\/p>\n\n\n\n<p class=\"wp-block-paragraph\">Ante estudiantes de Econom\u00eda de la UNAM, Mej\u00eda Castelazo agreg\u00f3 que en M\u00e9xico se sigue el&nbsp;r\u00e9gimen de objetivos de inflaci\u00f3n, que se caracteriza por un compromiso institucional con la estabilidad de precios, una meta cuantitativa \u00fanica para la inflaci\u00f3n, y mejorar la transparencia y comunicaci\u00f3n con el p\u00fablico. \u201cEstos elementos contribuyen a que el banco central genere credibilidad de que procurar\u00e1 mantener un ambiente de inflaci\u00f3n baja\u201d.&nbsp;<\/p>\n\n\n\n<p class=\"wp-block-paragraph\">El economista coment\u00f3 que a nivel internacional m\u00e1s de 45 econom\u00edas (11 avanzadas y 34 emergentes) han instrumentado el r\u00e9gimen de objetivos de inflaci\u00f3n de manera formal.&nbsp;<\/p>\n\n\n\n<p class=\"wp-block-paragraph\">\u201cLa evidencia emp\u00edrica indica que los pa\u00edses que implementaron este r\u00e9gimen alcanzaron niveles de inflaci\u00f3n m\u00e1s bajos, menores expectativas de inflaci\u00f3n y una menor volatilidad de la inflaci\u00f3n en comparaci\u00f3n con econom\u00edas que tienen otros reg\u00edmenes monetarios\u201d, manifest\u00f3.&nbsp;<\/p>\n\n\n\n<p class=\"wp-block-paragraph\">No apunta a que haya efectos adversos visibles en otras variables. \u201cEste esquema no es r\u00edgido y ha ido evolucionando para dar mayor flexibilidad a los bancos centrales en la conducci\u00f3n de la pol\u00edtica monetaria\u201d, enfatiz\u00f3 Mej\u00eda Castelazo.&nbsp;<\/p>\n\n\n\n<p class=\"wp-block-paragraph\">El funcionario record\u00f3 que la inflaci\u00f3n est\u00e1 constantemente sujeta a choques, los cuales tienen repercusiones diferentes sobre esta. Por ejemplo, el impacto generalizado o focalizado en algunos precios y el transitorio o persistente.&nbsp;<\/p>\n\n\n\n<p class=\"wp-block-paragraph\">Como en el resto de las naciones, con la pandemia de 2020 y eventos como la guerra en Ucrania, la inflaci\u00f3n en la nuestra aument\u00f3 ante los choques globales; ha disminuido conforme estos eventos se han disipado, asegur\u00f3.&nbsp;<\/p>\n\n\n\n<p class=\"wp-block-paragraph\">El funcionario advirti\u00f3 que la inflaci\u00f3n de las mercanc\u00edas sigue bajando, pero la de servicios no muestra a\u00fan tendencia clara en ese sentido. De acuerdo con el experto, la no subyacente ha sido afectada por impactos en los precios de productos agropecuarios y energ\u00e9ticos que se han eliminado gradualmente.<\/p>\n","protected":false},"excerpt":{"rendered":"<p>Lorena Rodr\u00edguez Le\u00f3n inaugur\u00f3 la C\u00e1tedra BANXICO-FE Omar Mej\u00eda Castelazo ofreci\u00f3 la conferencia \u201cPol\u00edtica monetaria y el r\u00e9gimen de objetivos de inflaci\u00f3n\u201d &nbsp;Redacci\u00f3n SemM\u00e9xico, Cd. de M\u00e9xico, 9 de octubre, 2024.-Ejercicio de educaci\u00f3n econ\u00f3mica financiera que durante 24 a\u00f1os han llevado a cabo la Facultad de Econom\u00eda (FE) de la UNAM y el Banco de [&hellip;]<\/p>\n","protected":false},"author":3,"featured_media":87959,"comment_status":"open","ping_status":"open","sticky":false,"template":"","format":"standard","meta":{"_monsterinsights_skip_tracking":false,"footnotes":""},"categories":[1],"tags":[],"class_list":["post-87958","post","type-post","status-publish","format-standard","has-post-thumbnail","category-uncategorized"],"_links":{"self":[{"href":"https:\/\/redsemlac.com\/semmexico\/wp-json\/wp\/v2\/posts\/87958","targetHints":{"allow":["GET"]}}],"collection":[{"href":"https:\/\/redsemlac.com\/semmexico\/wp-json\/wp\/v2\/posts"}],"about":[{"href":"https:\/\/redsemlac.com\/semmexico\/wp-json\/wp\/v2\/types\/post"}],"author":[{"embeddable":true,"href":"https:\/\/redsemlac.com\/semmexico\/wp-json\/wp\/v2\/users\/3"}],"replies":[{"embeddable":true,"href":"https:\/\/redsemlac.com\/semmexico\/wp-json\/wp\/v2\/comments?post=87958"}],"version-history":[{"count":0,"href":"https:\/\/redsemlac.com\/semmexico\/wp-json\/wp\/v2\/posts\/87958\/revisions"}],"wp:featuredmedia":[{"embeddable":true,"href":"https:\/\/redsemlac.com\/semmexico\/wp-json\/wp\/v2\/media\/87959"}],"wp:attachment":[{"href":"https:\/\/redsemlac.com\/semmexico\/wp-json\/wp\/v2\/media?parent=87958"}],"wp:term":[{"taxonomy":"category","embeddable":true,"href":"https:\/\/redsemlac.com\/semmexico\/wp-json\/wp\/v2\/categories?post=87958"},{"taxonomy":"post_tag","embeddable":true,"href":"https:\/\/redsemlac.com\/semmexico\/wp-json\/wp\/v2\/tags?post=87958"}],"curies":[{"name":"wp","href":"https:\/\/api.w.org\/{rel}","templated":true}]}}