{"id":8794,"date":"2019-06-17T22:03:55","date_gmt":"2019-06-17T22:03:55","guid":{"rendered":"https:\/\/redsemlac.com\/semmexico\/?p=8794"},"modified":"2023-07-21T14:49:11","modified_gmt":"2023-07-21T19:49:11","slug":"mexico-en-crisis-humanitaria-por-altos-niveles-de-violencia-contra-mujeres","status":"publish","type":"post","link":"https:\/\/redsemlac.com\/semmexico\/mexico-en-crisis-humanitaria-por-altos-niveles-de-violencia-contra-mujeres\/","title":{"rendered":"M\u00e9xico en crisis humanitaria por altos niveles de violencia contra mujeres"},"content":{"rendered":"\n<p class=\"wp-block-paragraph\"><strong><em>* 10 feminicidios cada d\u00eda, crece en 271 % el secuestro y siguen asesinatos de periodistas y defensores.<\/em><\/strong><\/p>\n\n\n\n<p class=\"wp-block-paragraph\"><strong><em>* Almaguer tambi\u00e9n se\u00f1ala su preocupaci\u00f3n por desaparici\u00f3n de programas del Anexo 13<\/em><\/strong><\/p>\n\n\n\n<p class=\"wp-block-paragraph\"><strong>Redacci\u00f3n<\/strong><\/p>\n\n\n\n<p class=\"wp-block-paragraph\">SemM\u00e9xico,\nCd. de M\u00e9xico, 17 junio 2019.- La diputada Guadalupe Almaguer Pardo afirm\u00f3 que\nexiste una crisis humanitaria en M\u00e9xico al registrarse diez asesinatos de\nmujeres al d\u00eda; aumento del 271 por ciento en los secuestros, y la muerte de 14\nperiodistas y 13 defensores de derechos humanos y ambientalistas.<\/p>\n\n\n\n<p class=\"wp-block-paragraph\">Al\ninaugurar el foro Rutas para la democracia: participaci\u00f3n social y pol\u00edtica de\nlas mujeres, la tambi\u00e9n secretaria de la Comisi\u00f3n de Igualdad de G\u00e9nero,\nexpres\u00f3 su preocupaci\u00f3n por la desaparici\u00f3n de tres programas en apoyo directo\na las mujeres: estancias infantiles, los refugios para protegerlas cuando son\nviolentadas y Proequidad, del Instituto Nacional de las Mujeres.<\/p>\n\n\n\n<p class=\"wp-block-paragraph\">Refiri\u00f3\nque el Presupuesto de Egresos de la Federaci\u00f3n del presente a\u00f1o no incluy\u00f3 la\nperspectiva de g\u00e9nero, \u201cdesapareciendo programas y recursos en el Anexo 13. Fue\ncomplicado redireccionar presupuesto, se cerraron filas y se trabaj\u00f3 para\nlograrlo, pero nos arrebataron programas a los que se les etiquet\u00f3 fondos como\nProequidad\u201d.<\/p>\n\n\n\n<p class=\"wp-block-paragraph\">La\nlegisladora del PRD convoc\u00f3 a las mujeres a salir a defender sus derechos, como\nsiempre lo han hecho, y dejar los protagonismos y el querer ser famosas para\ncentrarse y concentrarse en exigir sus derechos y el de las ni\u00f1as. Sobre todo,\nporque \u201cno hay lugar en el pa\u00eds exento de graves problemas en materia de\nderechos humanos\u201d.<\/p>\n\n\n\n<p class=\"wp-block-paragraph\">Sostuvo\nque la paridad debe nutrirse de calidad, compromiso, convicci\u00f3n y perspectiva\nde g\u00e9nero, de no ser as\u00ed s\u00f3lo servir\u00e1 para acentuar m\u00e1s el patriarcado y la\nsimulaci\u00f3n. \u201cSe festeja la paridad, pero encubre una simulaci\u00f3n de lo que\nsucede en el pa\u00eds, utiliz\u00e1ndose las instituciones para golpear a quien exige y\nreclama\u201d.<\/p>\n\n\n\n<p class=\"wp-block-paragraph\">Eno\u00e9\nUranga Mu\u00f1oz, ex diputada federal y maestra de la Universidad Aut\u00f3noma\nMetropolitana-Xochimilco, destac\u00f3 que hay una crisis en el respeto de los\nderechos humanos de las mujeres reconocidos en la Constituci\u00f3n. Resalt\u00f3 la\nreforma jur\u00eddica sobre paridad de g\u00e9nero como resultado de una lucha\nparlamentaria colectiva y plural enarbolada por mujeres de todos los espacios\npol\u00edticos.<\/p>\n\n\n\n<p class=\"wp-block-paragraph\">\u201cNo\nha sido, como ninguna ley que tiene que ver con los derechos de las mujeres,\nuna concesi\u00f3n graciosa ni de un partido pol\u00edtico ni del Estado. Siempre\nnuestros esfuerzos son una lucha colectiva, ejemplo para hacer pol\u00edtica de\nforma diferente por la capacidad de di\u00e1logo y acci\u00f3n. Trascendiendo las\nidentidades partidistas de las legisladoras el dise\u00f1o de las reformas jur\u00eddicas\nha sido muy exitoso porque se vincula con la sociedad civil\u201d.<\/p>\n\n\n\n<p class=\"wp-block-paragraph\">Resalt\u00f3\nla necesidad de fortalecer la participaci\u00f3n de las mujeres en un marco\ndemocr\u00e1tico para que ejerzan su ciudadan\u00eda y libertades de forma abierta,\nproceso que exige respeto a esas garant\u00edas y destinar presupuesto a los\nprogramas que las benefician, sin ser vistas como \u201cclientela electoral\u201d, sino\ncon la igualdad, como un compromiso de largo alcance. Llam\u00f3 a \u201cdefender todo lo\nganado y avanzado para evitar retrocesos\u201d.<\/p>\n\n\n\n<p class=\"wp-block-paragraph\">Rosa\nSalazar, coordinadora del Laboratorio de Comunicaci\u00f3n de Derechos Humanos y\nTecnolog\u00eda de la Informaci\u00f3n, apunt\u00f3 que la violencia contra las mujeres\nprevalece y no se hace nada para frenarla. Se le priva de la vida por el s\u00f3lo\nhecho de ser mujer.<\/p>\n\n\n\n<p class=\"wp-block-paragraph\">Convoc\u00f3\na estar alertas para evitar retrocesos y abatir los estereotipos que se\ndifunden en las pel\u00edculas y que acent\u00faan la desigualdad.<\/p>\n\n\n\n<p class=\"wp-block-paragraph\">La\nrealidad del pa\u00eds amerita que las mujeres organizadas analicen estos problemas,\nde otra forma ser\u00e1 muy dif\u00edcil presentar propuestas para resolverlos. No s\u00f3lo\nse debe reaccionar, sino proponer otras rutas que vinculen a la sociedad, indic\u00f3.<\/p>\n\n\n\n<p class=\"wp-block-paragraph\">SEM\/sj<\/p>\n","protected":false},"excerpt":{"rendered":"<p>* 10 feminicidios cada d\u00eda, crece en 271 % el secuestro y siguen asesinatos de periodistas y defensores. * Almaguer tambi\u00e9n se\u00f1ala su preocupaci\u00f3n por desaparici\u00f3n de programas del Anexo 13 Redacci\u00f3n SemM\u00e9xico, Cd. de M\u00e9xico, 17 junio 2019.- La diputada Guadalupe Almaguer Pardo afirm\u00f3 que existe una crisis humanitaria en M\u00e9xico al registrarse diez [&hellip;]<\/p>\n","protected":false},"author":3,"featured_media":8795,"comment_status":"open","ping_status":"open","sticky":false,"template":"","format":"standard","meta":{"_monsterinsights_skip_tracking":false,"footnotes":""},"categories":[690,50],"tags":[],"class_list":["post-8794","post","type-post","status-publish","format-standard","has-post-thumbnail","category-690","category-congreso"],"_links":{"self":[{"href":"https:\/\/redsemlac.com\/semmexico\/wp-json\/wp\/v2\/posts\/8794","targetHints":{"allow":["GET"]}}],"collection":[{"href":"https:\/\/redsemlac.com\/semmexico\/wp-json\/wp\/v2\/posts"}],"about":[{"href":"https:\/\/redsemlac.com\/semmexico\/wp-json\/wp\/v2\/types\/post"}],"author":[{"embeddable":true,"href":"https:\/\/redsemlac.com\/semmexico\/wp-json\/wp\/v2\/users\/3"}],"replies":[{"embeddable":true,"href":"https:\/\/redsemlac.com\/semmexico\/wp-json\/wp\/v2\/comments?post=8794"}],"version-history":[{"count":0,"href":"https:\/\/redsemlac.com\/semmexico\/wp-json\/wp\/v2\/posts\/8794\/revisions"}],"wp:featuredmedia":[{"embeddable":true,"href":"https:\/\/redsemlac.com\/semmexico\/wp-json\/wp\/v2\/media\/8795"}],"wp:attachment":[{"href":"https:\/\/redsemlac.com\/semmexico\/wp-json\/wp\/v2\/media?parent=8794"}],"wp:term":[{"taxonomy":"category","embeddable":true,"href":"https:\/\/redsemlac.com\/semmexico\/wp-json\/wp\/v2\/categories?post=8794"},{"taxonomy":"post_tag","embeddable":true,"href":"https:\/\/redsemlac.com\/semmexico\/wp-json\/wp\/v2\/tags?post=8794"}],"curies":[{"name":"wp","href":"https:\/\/api.w.org\/{rel}","templated":true}]}}