{"id":87896,"date":"2024-10-08T11:18:04","date_gmt":"2024-10-08T17:18:04","guid":{"rendered":"https:\/\/redsemlac.com\/semmexico\/?p=87896"},"modified":"2024-10-08T11:18:05","modified_gmt":"2024-10-08T17:18:05","slug":"opinion-para-vivir-he-nacido","status":"publish","type":"post","link":"https:\/\/redsemlac.com\/semmexico\/opinion-para-vivir-he-nacido\/","title":{"rendered":"Opini\u00f3n | Para vivir\u00a0he nacido"},"content":{"rendered":"\n<p class=\"wp-block-paragraph\">Florencio Salazar<\/p>\n\n\n\n<p class=\"wp-block-paragraph\">A la memoria de Alejandro Arcos Catal\u00e1n<\/p>\n\n\n\n<p class=\"wp-block-paragraph\">SemM\u00e9xico, Chilpancingo, Guerrero, 8 de octubre, 2024.- \u201cPara morir he nacido\u201d dice Pablo Neruda. En efecto, cada ruta nos acerca al final. Sin embargo,&nbsp; como lo se\u00f1ala el Nobel chileno, pareciera que nuestras angustias y &nbsp; raz\u00f3n de ser es morir. No lo creo. Nacemos para vivir y, en el plazo de la vida que a cada quien corresponda, creamos, so\u00f1amos, padecemos, sufrimos, gozamos y hasta tenemos momentos de felicidad.<\/p>\n\n\n\n<p class=\"wp-block-paragraph\">Nacemos sin pensar en la muerte. Al contrario, perseguimos la inmortalidad a trav\u00e9s de nuestras acciones; queremos que nuestra obra se imponga al tiempo, de manera que sigamos viviendo en la memoria de generaciones sucesivas. No pensamos en nuestra corta estad\u00eda&nbsp; en el mundo. Lo sorprendente de la vida nutre nuestra experiencia y nos sobresalta&nbsp; la idea de la proximidad del destino final.<\/p>\n\n\n\n<p class=\"wp-block-paragraph\">No pocos narradores y poetas han escrito su obra a partir del sufrimiento. Vencer a las sombras desafiantes, al ego crecido y aut\u00f3nomo, a las perversas realidades de la mente, exige un proceso creativo para hacer de las llegas poes\u00eda; de los descalabros, cuentos; de la vida sin retoque, novelas y argumentos.<\/p>\n\n\n\n<p class=\"wp-block-paragraph\">La vida es prosa po\u00e9tica compuesta de versos malditos y de iluminados. La prosa po\u00e9tica debe poder desagregarse en verso libre, para que lo sea. Es el caso de <em>Me encanta Dios<\/em>, de Jaime Sabines. Primero se public\u00f3 en prosa y luego, id\u00e9ntico el texto, en verso libre. Es la capacidad magistral de mantener im\u00e1genes, ritmo y resonancia. La poes\u00eda tiene la forma del vaso que la contiene, dir\u00eda Jos\u00e9 Gorostiza.<\/p>\n\n\n\n<p class=\"wp-block-paragraph\">Nos puede partir un rayo, caer en un socav\u00f3n o asfixiarnos con un arroz. Se puede morir de las cosas m\u00e1s incre\u00edbles e impensables. En accidentes o por muerte natural. Pero que un ser humanos quite la vida a otro, es inaceptable. La violencia definitiva hacia una v\u00edctima posible. Es perder en un momento los siglos civilizatorios de la humanidad. Extraviar el sentido de la vida por el arrebato de la maldad.<\/p>\n\n\n\n<p class=\"wp-block-paragraph\">No puedo imaginar siquiera lo que pueda pasar en la cabeza de una persona que decide arrebatarle la vida a otra. No hay asuntos sin soluci\u00f3n, hay actos col\u00e9ricos. \u201cEn la vida&nbsp; todo tiene arreglo, menos la muerte\u201d. Los expertos en <em>constelaciones <\/em>afirman que los homicidas ps\u00edquicamente pasan a formar parte de la familia del victimado, de manera que su presencia -aunque se trate de un desconocido- perturba por generaciones.<\/p>\n\n\n\n<p class=\"wp-block-paragraph\">No se ignora a los psic\u00f3patas en serie que nacen con inclinaciones hacia el crimen. O individuos con esas tendencias, a quienes solo falta un detonador emocional. Son enfermedades mentales. Pero hay otra patolog\u00eda que se genera con la repetici\u00f3n de hechos. El homicidio, como las drogas, el juego y el sexo se convierte en una adicci\u00f3n. A fuerza de hacer lo mismo, una y otra vez, puede&nbsp; volverse s\u00e1dico.<\/p>\n\n\n\n<p class=\"wp-block-paragraph\">Los autores de hechos tr\u00e1gicos son irrecuperables para la sociedad porque no existen centros de atenci\u00f3n para enfermedades mentales y los centros de reclusi\u00f3n penitenciaria no rehabilitan y s\u00ed inciden en una patolog\u00eda m\u00faltiple. A lo anterior sumemos la ausencia de protecci\u00f3n al ciudadano. Podr\u00edamos decir, sin eufemismos, que regresamos a la ley de la selva, al estado de naturaleza.<\/p>\n\n\n\n<p class=\"wp-block-paragraph\">Hay muchos factores que influyen en el desarrollo y comportamiento del ser humano. La violencia familiar, el desapego de infantes, la pobreza, la injusticia, entre otros. De ellos, surge el resentimiento, el deseo de venganza, el rencor social. Las causas que convergen en los eventos homicidas no se indagan, solo se pretende castigar las consecuencias. Pero cuando estas tampoco se sancionan la vida en sociedad es de temor e inseguridad. Es decir, el estado no cumple con el pacto social.<\/p>\n\n\n\n<p class=\"wp-block-paragraph\">La vida es fluido de la espiritualidad. Las millones de conexiones neuronales son el milagro de una existencia racional, que nos conectan en armon\u00eda y permiten trascender al ser humano m\u00e1s all\u00e1 de s\u00ed mismo. La vida es poes\u00eda. Nacimos para vivir en plenitud venciendo los desaf\u00edos de la existencia. Nos proponemos objetivos y luchamos para alcanzarlos para beneficio de toda la especie, no importa que nuestro aporte sea, apenas, \u201cun prodigioso miligramo\u201d.<\/p>\n","protected":false},"excerpt":{"rendered":"<p>Florencio Salazar A la memoria de Alejandro Arcos Catal\u00e1n SemM\u00e9xico, Chilpancingo, Guerrero, 8 de octubre, 2024.- \u201cPara morir he nacido\u201d dice Pablo Neruda. En efecto, cada ruta nos acerca al final. Sin embargo,&nbsp; como lo se\u00f1ala el Nobel chileno, pareciera que nuestras angustias y &nbsp; raz\u00f3n de ser es morir. No lo creo. Nacemos para [&hellip;]<\/p>\n","protected":false},"author":3,"featured_media":80795,"comment_status":"open","ping_status":"open","sticky":false,"template":"","format":"standard","meta":{"_monsterinsights_skip_tracking":false,"footnotes":""},"categories":[199,35],"tags":[],"class_list":["post-87896","post","type-post","status-publish","format-standard","has-post-thumbnail","category-florencio-salazar-adame","category-opinion"],"_links":{"self":[{"href":"https:\/\/redsemlac.com\/semmexico\/wp-json\/wp\/v2\/posts\/87896","targetHints":{"allow":["GET"]}}],"collection":[{"href":"https:\/\/redsemlac.com\/semmexico\/wp-json\/wp\/v2\/posts"}],"about":[{"href":"https:\/\/redsemlac.com\/semmexico\/wp-json\/wp\/v2\/types\/post"}],"author":[{"embeddable":true,"href":"https:\/\/redsemlac.com\/semmexico\/wp-json\/wp\/v2\/users\/3"}],"replies":[{"embeddable":true,"href":"https:\/\/redsemlac.com\/semmexico\/wp-json\/wp\/v2\/comments?post=87896"}],"version-history":[{"count":0,"href":"https:\/\/redsemlac.com\/semmexico\/wp-json\/wp\/v2\/posts\/87896\/revisions"}],"wp:featuredmedia":[{"embeddable":true,"href":"https:\/\/redsemlac.com\/semmexico\/wp-json\/wp\/v2\/media\/80795"}],"wp:attachment":[{"href":"https:\/\/redsemlac.com\/semmexico\/wp-json\/wp\/v2\/media?parent=87896"}],"wp:term":[{"taxonomy":"category","embeddable":true,"href":"https:\/\/redsemlac.com\/semmexico\/wp-json\/wp\/v2\/categories?post=87896"},{"taxonomy":"post_tag","embeddable":true,"href":"https:\/\/redsemlac.com\/semmexico\/wp-json\/wp\/v2\/tags?post=87896"}],"curies":[{"name":"wp","href":"https:\/\/api.w.org\/{rel}","templated":true}]}}