{"id":87894,"date":"2024-10-07T20:12:34","date_gmt":"2024-10-08T02:12:34","guid":{"rendered":"https:\/\/redsemlac.com\/semmexico\/?p=87894"},"modified":"2024-10-07T20:12:34","modified_gmt":"2024-10-08T02:12:34","slug":"palabra-de-antigona-igualdad-sustantiva","status":"publish","type":"post","link":"https:\/\/redsemlac.com\/semmexico\/palabra-de-antigona-igualdad-sustantiva\/","title":{"rendered":"Palabra de Ant\u00edgona| \u00bfIgualdad sustantiva?\u00a0"},"content":{"rendered":"\n<p class=\"wp-block-paragraph\">Sara Lovera *<\/p>\n\n\n\n<p class=\"wp-block-paragraph\">SemMexica, Ciudad de Mexico, 7 de oxtubre, 2024.- El concepto de igualdad sustantiva\u00a0 se emple\u00f3 por primera vez \u00a0en 2004 por el Comit\u00e9 para la Eliminaci\u00f3n de la Discriminaci\u00f3n Contra la Mujer (CEDAW), en respuesta a que la igualdad legal \u00a0o\u00a0 de jure no resuelve la pr\u00e1ctica de normas sociales y las actitudes populares, donde anida el machismo, la discriminaci\u00f3n y la desigualdad.<\/p>\n\n\n\n<p class=\"wp-block-paragraph\">Si la&nbsp; ley es insuficiente para que la igualdad sea un hecho material y vivido por las mujeres. Decir sustantiva \u00bfQu\u00e9 hacer?<\/p>\n\n\n\n<p class=\"wp-block-paragraph\">\u201cLa igualdad sustantiva supone la modificaci\u00f3n de las circunstancias que impiden a las personas ejercer plenamente sus derechos\u201d dice la ONU.&nbsp; En M\u00e9xico esas circunstancias est\u00e1n arropadas por el arraigado discurso del poder, el autoritarismo y &nbsp;el presidencialismo que incide desde el hogar m\u00e1s sencillo hasta la pr\u00e1ctica pol\u00edtica y la violencia institucional<\/p>\n\n\n\n<p class=\"wp-block-paragraph\">Para la igualdad sustantiva se necesitan&nbsp; tres cosas: medidas estructurales, legales y de pol\u00edtica p\u00fablica, m\u00e1s una revoluci\u00f3n cultural, no moral, en todos los frentes. Desaf\u00edo fenomenal.<\/p>\n\n\n\n<p class=\"wp-block-paragraph\">La iniciativa de&nbsp; igualdad sustantiva, que entrar\u00e1&nbsp; en la Constituci\u00f3n antes de fin de a\u00f1o, enviada al Congreso por la presidenta Claudia Sheinbaum&nbsp; Pardo,&nbsp; sin duda, es algo positivo, aunque &nbsp;se trate de un ideal o una aspiraci\u00f3n. Lo que sigue es tomar medidas complejas y estructurales, modificar un problema social e hist\u00f3rico, que necesita&nbsp; dinero y&nbsp; educaci\u00f3n.<\/p>\n\n\n\n<p class=\"wp-block-paragraph\">Las feministas decimos hay que modificar al&nbsp; sistema patriarcal, arraigado profundamente en el modo de comportamiento, por encima&nbsp; del progreso en &nbsp;las leyes, los protocolos y las&nbsp; pol\u00edticas p\u00fablicas. De otro modo no se entender\u00eda que a pesar de los cambios en muchas leyes, persiste la exclusi\u00f3n, la discriminaci\u00f3n y la violencia contra las mujeres.<\/p>\n\n\n\n<p class=\"wp-block-paragraph\">En 1976 se decret\u00f3 constitucionalmente &nbsp;la igualdad entre hombres y mujeres;&nbsp; en1981&nbsp; la no discriminaci\u00f3n; en 2011 se ampliaron los derechos humanos, no obstante, los \u00faltimos 6 a\u00f1os dejaron&nbsp; 6 mil feminicidios y decenas de violencias; persisti\u00f3 &nbsp;la impunidad y el reparto de dinero, enorme desde&nbsp; la administraci\u00f3n de Carlos Salinas de Gortari, confirm\u00f3 que &nbsp;no \u201cempodera\u201d a las mujeres. Aunque las controle.<\/p>\n\n\n\n<p class=\"wp-block-paragraph\">En 2024 dijo la presidenta 150 mil mujeres no tienen derechos agrarios, a pesar del 27 Constitucional(1917) &nbsp;y las trabajadoras abandonan sus lugares de desempe\u00f1o, debido a&nbsp; ambientes laborales t\u00f3xicos, contra la Ley Federal del Trabajo de 2019. Hay acciones &nbsp;concretas que ayudan, como toda&nbsp; la legislaci\u00f3n creada &nbsp;en los \u00faltimos 50 a\u00f1os. \u00bfpor qu\u00e9 no servir\u00eda decretar la igualdad sustantiva?<\/p>\n\n\n\n<p class=\"wp-block-paragraph\">Incluirla en la Constituci\u00f3n \u00bf parece in\u00fatil?. No lo es. La ley es reclamable y a veces pedag\u00f3gica. Entre 1976 y 2024, honestamente, las cosas cambiaron. No como quisi\u00e9ramos, debido a &nbsp;la misoginia persistente, como la actitud de &nbsp;m\u00e9dicos cristianos negados a cumplir con el aborto legal.<\/p>\n\n\n\n<p class=\"wp-block-paragraph\">Una presidenta con toda la fuerza del estado podr\u00eda &nbsp;desarrollar estrategias para que la igualdad sea un hecho material en la vida cotidiana de &nbsp;las mujeres, si renuncia al \u201cfeminismo populista\u201d. Propongo emprenda una campa\u00f1a inmensa dirigida a modificar las normas sociales de &nbsp;reglas informales de pensamiento, creencias, valores, costumbres, tradiciones y conductas. La llamo a irrumpir la cultura patriarcal. Un desaf\u00edo inalcanzable &nbsp;aunque lo diga la Constituci\u00f3n, si no hace algo.<\/p>\n\n\n\n<p class=\"wp-block-paragraph\">Urge una cruzada de informaci\u00f3n; cambios reales en la educaci\u00f3n p\u00fablica; dejar de usar los medios p\u00fablicos&nbsp; para propaganda, transitar del uso de &nbsp;s\u00edmbolos como los jueves de las mujeres, las becas Rita Cetina; que presidenta es con \u201cA\u201d, e ir &nbsp;mucho m\u00e1s all\u00e1, rescatar el dinero para capacitar masivamente, para transversalizar el g\u00e9nero, controles a los conservadores y quitar los privilegios a las iglesias cat\u00f3lica y evang\u00e9lica; acotar el poder militar. As\u00ed &nbsp;podr\u00eda comenzar. Veremos<\/p>\n\n\n\n<p class=\"wp-block-paragraph\">*Periodista, editora de G\u00e9nero en la OEM&nbsp; y directora del portal informativo <a href=\"http:\/\/www\/semmexico.mx\">http:\/\/www\/\/redsemlac.com\/semmexico<\/a><\/p>\n","protected":false},"excerpt":{"rendered":"<p>Sara Lovera * SemMexica, Ciudad de Mexico, 7 de oxtubre, 2024.- El concepto de igualdad sustantiva\u00a0 se emple\u00f3 por primera vez \u00a0en 2004 por el Comit\u00e9 para la Eliminaci\u00f3n de la Discriminaci\u00f3n Contra la Mujer (CEDAW), en respuesta a que la igualdad legal \u00a0o\u00a0 de jure no resuelve la pr\u00e1ctica de normas sociales y las [&hellip;]<\/p>\n","protected":false},"author":3,"featured_media":70950,"comment_status":"open","ping_status":"open","sticky":false,"template":"","format":"standard","meta":{"_monsterinsights_skip_tracking":false,"footnotes":""},"categories":[35,95,69],"tags":[],"class_list":["post-87894","post","type-post","status-publish","format-standard","has-post-thumbnail","category-opinion","category-palabra-de-antigona","category-sara-lovera"],"_links":{"self":[{"href":"https:\/\/redsemlac.com\/semmexico\/wp-json\/wp\/v2\/posts\/87894","targetHints":{"allow":["GET"]}}],"collection":[{"href":"https:\/\/redsemlac.com\/semmexico\/wp-json\/wp\/v2\/posts"}],"about":[{"href":"https:\/\/redsemlac.com\/semmexico\/wp-json\/wp\/v2\/types\/post"}],"author":[{"embeddable":true,"href":"https:\/\/redsemlac.com\/semmexico\/wp-json\/wp\/v2\/users\/3"}],"replies":[{"embeddable":true,"href":"https:\/\/redsemlac.com\/semmexico\/wp-json\/wp\/v2\/comments?post=87894"}],"version-history":[{"count":0,"href":"https:\/\/redsemlac.com\/semmexico\/wp-json\/wp\/v2\/posts\/87894\/revisions"}],"wp:featuredmedia":[{"embeddable":true,"href":"https:\/\/redsemlac.com\/semmexico\/wp-json\/wp\/v2\/media\/70950"}],"wp:attachment":[{"href":"https:\/\/redsemlac.com\/semmexico\/wp-json\/wp\/v2\/media?parent=87894"}],"wp:term":[{"taxonomy":"category","embeddable":true,"href":"https:\/\/redsemlac.com\/semmexico\/wp-json\/wp\/v2\/categories?post=87894"},{"taxonomy":"post_tag","embeddable":true,"href":"https:\/\/redsemlac.com\/semmexico\/wp-json\/wp\/v2\/tags?post=87894"}],"curies":[{"name":"wp","href":"https:\/\/api.w.org\/{rel}","templated":true}]}}