{"id":87884,"date":"2024-10-07T12:11:33","date_gmt":"2024-10-07T18:11:33","guid":{"rendered":"https:\/\/redsemlac.com\/semmexico\/?p=87884"},"modified":"2024-10-07T12:13:47","modified_gmt":"2024-10-07T18:13:47","slug":"claudia-sheinbaum-es-presidenta-porque-se-lo-gano-no-por-un-hombre-eli-bartra-y-muria-prestigiada-filosofa-feminista-profesora-de-la-uam","status":"publish","type":"post","link":"https:\/\/redsemlac.com\/semmexico\/claudia-sheinbaum-es-presidenta-porque-se-lo-gano-no-por-un-hombre-eli-bartra-y-muria-prestigiada-filosofa-feminista-profesora-de-la-uam\/","title":{"rendered":"Claudia Sheinbaum es presidenta porque se lo gan\u00f3, no por un hombre: Eli Bartra y Mur\u00eda\u00a0 prestigiada fil\u00f3sofa feminista, profesora de la UAM"},"content":{"rendered":"\n<p class=\"wp-block-paragraph\"><a href=\"https:\/\/www.facebook.com\/sharer.php?u=https%3A%2F%2Fpeninsula360press.com%2Fes_mx%2Feli-bartra%2F\"><\/a>Es una mujer que llega a marcar la diferencia convini\u00e9ndose en un faro de esperanza a pesar de los ataques mis\u00f3ginos como los de Rafael Incl\u00e1n<\/p>\n\n\n\n<p class=\"wp-block-paragraph\">Habla una de las fundadoras del Movimiento de Liberaci\u00f3n de la Mujer, activista&nbsp; y catedr\u00e1tica universitaria<\/p>\n\n\n\n<p class=\"wp-block-paragraph\">Redacci\u00f3n<\/p>\n\n\n\n<p class=\"wp-block-paragraph\">SemM\u00e9xico,* Cd. de M\u00e9xico, 7 de octubre, 2024.-Claudia Sheinbaum Pardo&nbsp;se ha convertido en la presidente n\u00famero 66 de los Estados Unidos Mexicanos, luego de que el pasado 1 de octubre rindiera protesta como titular del Poder Ejecutivo, y en su discurso dejar\u00e1 muy en claro que se convierte en Presidenta, s\u00ed, con \u201ca\u201d al final, porque como lo dijo: \u201csolo lo que se nombra existe\u201d.<\/p>\n\n\n\n<p class=\"wp-block-paragraph\">El que llegara al poder se ha convertido en bandera de muchos para atacarla, y con ello a millones de mujeres a las que se les achaca que llegan a ocupar ciertos puestos por el apoyo y ayuda de un hombre, no por sus m\u00e9ritos.<\/p>\n\n\n\n<p class=\"wp-block-paragraph\">En ese sentido, la doctora Elionor Bartra y Muri\u00e1, profesora distinguida de la Universidad Aut\u00f3noma Metropolitana Unidad Xochimilco, se\u00f1al\u00f3 en entrevista con Manuel Ortiz para el programa Por La Libre que, Sheinbaum&nbsp; Pardo &nbsp;lleg\u00f3 a la presidencia porque se lo gan\u00f3 y trabaj\u00f3 por ello, no por un hombre.<\/p>\n\n\n\n<p class=\"wp-block-paragraph\">\u201cElla lo gan\u00f3 por derecho propio, ha estado luchando y trabajando arduamente durante varias d\u00e9cadas y se lo gan\u00f3 porque quer\u00eda llegar a la presidencia. Ahora, \u00bfpor qu\u00e9 quer\u00eda llegar ah\u00ed? Porque cree que tiene un proyecto que puede transformar a este pa\u00eds y que puede transformar a las mujeres de este pa\u00eds\u201d, dijo Bartra.<\/p>\n\n\n\n<p class=\"wp-block-paragraph\">La tambi\u00e9n cofundadora y coordinadora del \u00e1rea de investigaci\u00f3n \u201cMujer, identidad y poder\u201d y de los posgrados Maestr\u00eda en Estudios de la Mujer y Doctorado en Estudios Feministas en la UAM, resalt\u00f3 que \u201ccada vez que una mujer llega a un puesto destacado, a un puesto de poder, alguna cuesti\u00f3n as\u00ed, siempre se dice que obviamente tiene que haber un hombre por ah\u00ed, ya sea porque se acost\u00f3 con el jefe o porque el jefe la puso porque le gustaba o cualquier cosa as\u00ed\u201d.<\/p>\n\n\n\n<p class=\"wp-block-paragraph\">Y si bien con Claudia Sheinbaum el caso es m\u00e1s sofisticado, se\u00f1al\u00f3, viene a ser lo mismo.&nbsp;<\/p>\n\n\n\n<p class=\"wp-block-paragraph\">\u201cDentro de la maquinaria pol\u00edtica dicen que fue el se\u00f1or L\u00f3pez Obrador quien decidi\u00f3 qui\u00e9n iba a la presidencia de la Rep\u00fablica, sin tomar en cuenta, al afirmar esto, que hay millones y millones y millones de votos que superan incluso los votos que recibi\u00f3 el propio Andr\u00e9s Manuel. Entonces, me parece que eso es un absurdo\u201d, subray\u00f3.<\/p>\n\n\n\n<p class=\"wp-block-paragraph\">Si la presidenta es feminista o no lo es, dijo, se discutir\u00e1 muy pronto; sin embargo, lo que es cierto es que dijo y anunci\u00f3 que impulsar\u00e1 much\u00edsimas acciones en favor de las mujeres, entre los que destaca la pol\u00edtica de remunerar a las mujeres que han hecho el trabajo invisible por toda la historia. \u201cNo se ha remunerado, no se ha reconocido, es m\u00e1s, no se ha visto ni siquiera como trabajo\u201d, abund\u00f3 la doctora Bartra.<\/p>\n\n\n\n<p class=\"wp-block-paragraph\">Eli Bartra apunt\u00f3 que Claudia, efectivamente y como ya lo ha mencionado, no llega sola porque \u201cestamos en colectividad, en comunidad, y ella tiene una historia de luchas de mujeres en este pa\u00eds que lleva m\u00e1s de un siglo. No empezaron ayer\u201d.<\/p>\n\n\n\n<p class=\"wp-block-paragraph\">Y es que, explic\u00f3, todo el siglo XX fueron de luchas de mujeres. Primero la lucha por el voto, luego la lucha por la despenalizaci\u00f3n del aborto, que todav\u00eda no termina, luego aquellas contra la violaci\u00f3n y el denunciar y proteger a las mujeres golpeadas, entre otras.<\/p>\n\n\n\n<p class=\"wp-block-paragraph\">\u201cEntonces, todas estas luchas, claro que han ido marcando a las mujeres, no solo a ella, a las mujeres que hoy en d\u00eda tienen poder, diferentes poderes en este pa\u00eds, en las universidades, sin venir de una pr\u00e1ctica de militancia, de activismo feminista, han sido marcadas, han sido selladas por las luchas feministas, las han sido impregnadas de esas ideas, de esas necesidades\u201d, precis\u00f3.<\/p>\n\n\n\n<p class=\"wp-block-paragraph\">\u201cYo creo que (Claudia Sheinbaum Pardo) es una mujer extremadamente valiosa en much\u00edsimos campos y yo siento un enorme orgullo que le pusieran la banda presidencial, y es m\u00e1s, en ciertos momentos me emocion\u00e9 tanto que casi llor\u00f3. Bueno, fue un momento muy emocionante, y no creo que sea solamente emocionante para M\u00e9xico. Creo que abarca Am\u00e9rica Latina y Am\u00e9rica en general\u201d, apunt\u00f3.<\/p>\n\n\n\n<p class=\"wp-block-paragraph\">Apenas un par de d\u00edas despu\u00e9s de que Claudia Sheinbaum Pardo tomara el cargo de Presidenta, el actor mexicano Rafael Incl\u00e1n hizo un comentario mis\u00f3gino contra la hoy tambi\u00e9n comandanta suprema de las Fuerzas Armadas de M\u00e9xico.<\/p>\n\n\n\n<p class=\"wp-block-paragraph\"><strong>\u201cVamos a tener una ama de casa seis a\u00f1os\u201d, expres\u00f3 Incl\u00e1n ante medios de comunicaci\u00f3n mientras se re\u00eda y estaba acompa\u00f1ado del tambi\u00e9n actor Luis de Alba.&nbsp;<\/strong><\/p>\n\n\n\n<p class=\"wp-block-paragraph\">A ello, la mandataria mexicana respondi\u00f3 en la ma\u00f1anera del pueblo del jueves 3 de octubre: \u201cPor ah\u00ed en las redes sale esta palabra que se usa de \u2018sirvienta\u2019, que es terrible (\u2026) eso es del Porfiriato, de la Colonia. Son trabajadoras del hogar y hacen un trabajo digno, y tenemos que reconocerlas siempre\u201d.<\/p>\n\n\n\n<p class=\"wp-block-paragraph\">Este viernes, volvi\u00f3 a retomar el tema y dej\u00f3 muy en claro que es lamentable que el trabajo dom\u00e9stico se vea como algo negativo.<\/p>\n\n\n\n<p class=\"wp-block-paragraph\">\u201cLo que me parece m\u00e1s lamentable es que se utilice \u2018ama de casa\u2019 como algo peyorativo. Yo soy presidenta, abuela, mam\u00e1 y ama de casa y con orgullo\u201d.<\/p>\n\n\n\n<p class=\"wp-block-paragraph\">Difundida originalmente&nbsp; por la radio comunitaria rodante Pe\u00ednsula&nbsp; 360 Press.<\/p>\n","protected":false},"excerpt":{"rendered":"<p>Es una mujer que llega a marcar la diferencia convini\u00e9ndose en un faro de esperanza a pesar de los ataques mis\u00f3ginos como los de Rafael Incl\u00e1n Habla una de las fundadoras del Movimiento de Liberaci\u00f3n de la Mujer, activista&nbsp; y catedr\u00e1tica universitaria Redacci\u00f3n SemM\u00e9xico,* Cd. de M\u00e9xico, 7 de octubre, 2024.-Claudia Sheinbaum Pardo&nbsp;se ha convertido [&hellip;]<\/p>\n","protected":false},"author":3,"featured_media":87887,"comment_status":"open","ping_status":"open","sticky":false,"template":"","format":"standard","meta":{"_monsterinsights_skip_tracking":false,"footnotes":""},"categories":[694,903],"tags":[],"class_list":["post-87884","post","type-post","status-publish","format-standard","has-post-thumbnail","category-destacadas","category-presidenta-y-mas"],"_links":{"self":[{"href":"https:\/\/redsemlac.com\/semmexico\/wp-json\/wp\/v2\/posts\/87884","targetHints":{"allow":["GET"]}}],"collection":[{"href":"https:\/\/redsemlac.com\/semmexico\/wp-json\/wp\/v2\/posts"}],"about":[{"href":"https:\/\/redsemlac.com\/semmexico\/wp-json\/wp\/v2\/types\/post"}],"author":[{"embeddable":true,"href":"https:\/\/redsemlac.com\/semmexico\/wp-json\/wp\/v2\/users\/3"}],"replies":[{"embeddable":true,"href":"https:\/\/redsemlac.com\/semmexico\/wp-json\/wp\/v2\/comments?post=87884"}],"version-history":[{"count":0,"href":"https:\/\/redsemlac.com\/semmexico\/wp-json\/wp\/v2\/posts\/87884\/revisions"}],"wp:featuredmedia":[{"embeddable":true,"href":"https:\/\/redsemlac.com\/semmexico\/wp-json\/wp\/v2\/media\/87887"}],"wp:attachment":[{"href":"https:\/\/redsemlac.com\/semmexico\/wp-json\/wp\/v2\/media?parent=87884"}],"wp:term":[{"taxonomy":"category","embeddable":true,"href":"https:\/\/redsemlac.com\/semmexico\/wp-json\/wp\/v2\/categories?post=87884"},{"taxonomy":"post_tag","embeddable":true,"href":"https:\/\/redsemlac.com\/semmexico\/wp-json\/wp\/v2\/tags?post=87884"}],"curies":[{"name":"wp","href":"https:\/\/api.w.org\/{rel}","templated":true}]}}