{"id":8788,"date":"2019-06-17T21:12:25","date_gmt":"2019-06-17T21:12:25","guid":{"rendered":"https:\/\/redsemlac.com\/semmexico\/?p=8788"},"modified":"2023-07-21T14:49:11","modified_gmt":"2023-07-21T19:49:11","slug":"cuba-nueva-iniciativa-reune-proyectos-protagonizados-por-jovenes","status":"publish","type":"post","link":"https:\/\/redsemlac.com\/semmexico\/cuba-nueva-iniciativa-reune-proyectos-protagonizados-por-jovenes\/","title":{"rendered":"Cuba: Nueva iniciativa re\u00fane proyectos protagonizados por j\u00f3venes"},"content":{"rendered":"\n<p class=\"wp-block-paragraph\"><strong><em>* Mapa Joven es el nombre de la plataforma que re\u00fane 30 proyectos.<\/em><\/strong><\/p>\n\n\n\n<p class=\"wp-block-paragraph\"><strong><em>* Busca articular saberes y experiencias juveniles diversas.<\/em><\/strong><\/p>\n\n\n\n<p class=\"wp-block-paragraph\"><strong>Lirians Gordillo Pi\u00f1a<\/strong><\/p>\n\n\n\n<p class=\"wp-block-paragraph\">SemM\u00e9xico\/SEMlac,\nLa Habana, 17 junio 2019.- Mapa joven es el nombre de la plataforma que re\u00fane a\nuna treintena de proyectos de varias zonas de Cuba y, m\u00e1s que una cartograf\u00eda,\nbusca articular saberes y experiencias juveniles diversas.<\/p>\n\n\n\n<p class=\"wp-block-paragraph\"><br>\n\u00abSomos una plataforma de articulaci\u00f3n juvenil con un activismo\ncomprometido por la trasformaci\u00f3n social en Cuba, Am\u00e9rica Latina y el Caribe,\ndesde paradigmas emancipatorios y sentidos de justicia social, solidaridad y\nsostenibilidad\u00bb, precisa el documento que presenta objetivos y\nantecedentes del proyecto.<\/p>\n\n\n\n<p class=\"wp-block-paragraph\"><br>\nLa plataforma nace por iniciativa del grupo de trabajo sobre activismo juvenil\ndel Instituto de Filosof\u00eda, adscrito al Ministerio de Ciencia Tecnolog\u00eda y\nMedio Ambiente (CITMA), en colaboraci\u00f3n con el Centro de Estudios de la\nJuventud.<br>\nLa experiencia se distingue por la diversidad de colectivos cuyos \u00e1mbitos de\nacci\u00f3n incluyen la cultura, el deporte, la comunidad, la academia y la\ncomunicaci\u00f3n p\u00fablica.<\/p>\n\n\n\n<p class=\"wp-block-paragraph\"><br>\nLas tem\u00e1ticas y l\u00edneas de trabajo tambi\u00e9n son diversas, pero confluyen en un\ncompromiso colectivo con la transformaci\u00f3n social. Equidad y justicia de\ng\u00e9nero, cuidado del medio ambiente, gobernanza responsable, desarrollo\nsostenible, participaci\u00f3n popular, cultura y desarrollo comunitario, son\nalgunos de los temas que desarrollan los colectivos de la plataforma.<\/p>\n\n\n\n<p class=\"wp-block-paragraph\"><br>\n\u00abMapa Joven aspira a ser un espacio de intercambio donde se pueda\nconstruir conocimiento de manera colectiva y se pueda incidir en los espacios\nde transformaci\u00f3n local, nacional e incluso aquellos que puedan trascender las\nfronteras del pa\u00eds\u00bb, declara Yaima Rodr\u00edguez Alomar a SEMlac.<\/p>\n\n\n\n<p class=\"wp-block-paragraph\"><br>\nRodr\u00edguez Alomar forma parte del equipo coordinador de la plataforma y su\nprimer encuentro, celebrado en La Habana los d\u00edas 14 y 15 de junio.&nbsp;<\/p>\n\n\n\n<p class=\"wp-block-paragraph\"><br>\nConectar entre s\u00ed las distintas experiencias para articular acciones y complementar\nlos esfuerzos fueron objetivos de la reuni\u00f3n y la Feria de Oportunidades, en la\nque se presentaron 19 proyectos de La Habana, Santi Sp\u00edritus, Las Tunas,\nGranma, Guant\u00e1namo y Santiago de Cuba.<\/p>\n\n\n\n<p class=\"wp-block-paragraph\"><br>\nDurante los debates, trascendieron retos y necesidades comunes; entre ellos, la\ncapacitaci\u00f3n y formaci\u00f3n para la sostenibilidad de los proyectos, la necesidad\nde establecer alianzas estrat\u00e9gicas y la falta de sensibilidad en decisores.<br>\nLa activista ambientalista Ailena Alberto \u00c1guila reconoce en la diversidad de\nexperiencias un reto y una oportunidad para el trabajo conjunto entre\nactivistas con agendas feministas, instituciones, colectivos ambientalistas,\ntrabajadores por cuenta propia, entre otros.<\/p>\n\n\n\n<p class=\"wp-block-paragraph\"><br>\n\u00abEs una oportunidad para una construcci\u00f3n colectiva, pero a la vez es un\ndesaf\u00edo, pues se necesita salir de la zona de confort y hace falta liderazgo\npara impulsar el trabajo. Hay una combinaci\u00f3n interesante de espacios m\u00e1s\ninstitucionales, con otros m\u00e1s alternativos y emprendimientos que se sienten\natra\u00eddos por proyectos como este\u00bb, reflexiona Ailena Alberto \u00c1guila.<\/p>\n\n\n\n<p class=\"wp-block-paragraph\"><br>\nMapa Joven cuenta adem\u00e1s con un espacio en la web para socializar, a manera de\ndirectorio y cartograf\u00eda, el quehacer de m\u00e1s de 30 proyectos.<br>\n<a href=\"https:\/\/mapajovencuba.github.io\/\" target=\"_blank\" rel=\"noreferrer noopener\">La publicaci\u00f3n&nbsp;online<\/a>&nbsp;se present\u00f3 en su\nprimera versi\u00f3n como un espacio colaborativo y en construcci\u00f3n. El directorio\ndigital ofrece ubicaci\u00f3n, l\u00edneas de trabajo y contactos de las experiencias\nagrupadas en seis categor\u00edas: justicia de g\u00e9nero, inclusi\u00f3n, medio ambiente,\nidentidad, participaci\u00f3n y gobernanza y emancipaci\u00f3n.<\/p>\n\n\n\n<p class=\"wp-block-paragraph\">SEM-SEMlac\/lgp<\/p>\n","protected":false},"excerpt":{"rendered":"<p>* Mapa Joven es el nombre de la plataforma que re\u00fane 30 proyectos. * Busca articular saberes y experiencias juveniles diversas. Lirians Gordillo Pi\u00f1a SemM\u00e9xico\/SEMlac, La Habana, 17 junio 2019.- Mapa joven es el nombre de la plataforma que re\u00fane a una treintena de proyectos de varias zonas de Cuba y, m\u00e1s que una cartograf\u00eda, [&hellip;]<\/p>\n","protected":false},"author":3,"featured_media":8789,"comment_status":"open","ping_status":"open","sticky":false,"template":"","format":"standard","meta":{"_monsterinsights_skip_tracking":false,"footnotes":""},"categories":[690,53],"tags":[],"class_list":["post-8788","post","type-post","status-publish","format-standard","has-post-thumbnail","category-690","category-internacional"],"_links":{"self":[{"href":"https:\/\/redsemlac.com\/semmexico\/wp-json\/wp\/v2\/posts\/8788","targetHints":{"allow":["GET"]}}],"collection":[{"href":"https:\/\/redsemlac.com\/semmexico\/wp-json\/wp\/v2\/posts"}],"about":[{"href":"https:\/\/redsemlac.com\/semmexico\/wp-json\/wp\/v2\/types\/post"}],"author":[{"embeddable":true,"href":"https:\/\/redsemlac.com\/semmexico\/wp-json\/wp\/v2\/users\/3"}],"replies":[{"embeddable":true,"href":"https:\/\/redsemlac.com\/semmexico\/wp-json\/wp\/v2\/comments?post=8788"}],"version-history":[{"count":0,"href":"https:\/\/redsemlac.com\/semmexico\/wp-json\/wp\/v2\/posts\/8788\/revisions"}],"wp:featuredmedia":[{"embeddable":true,"href":"https:\/\/redsemlac.com\/semmexico\/wp-json\/wp\/v2\/media\/8789"}],"wp:attachment":[{"href":"https:\/\/redsemlac.com\/semmexico\/wp-json\/wp\/v2\/media?parent=8788"}],"wp:term":[{"taxonomy":"category","embeddable":true,"href":"https:\/\/redsemlac.com\/semmexico\/wp-json\/wp\/v2\/categories?post=8788"},{"taxonomy":"post_tag","embeddable":true,"href":"https:\/\/redsemlac.com\/semmexico\/wp-json\/wp\/v2\/tags?post=8788"}],"curies":[{"name":"wp","href":"https:\/\/api.w.org\/{rel}","templated":true}]}}